{"id":90342,"date":"2020-06-27T11:23:58","date_gmt":"2020-06-27T15:23:58","guid":{"rendered":"https:\/\/linitiative.ca\/International\/lhomme-blanc-et-le-racisme-la-genealogie-de-la-peur-de-lautre-tribune\/"},"modified":"2020-06-27T11:23:58","modified_gmt":"2020-06-27T15:23:58","slug":"lhomme-blanc-et-le-racisme-la-genealogie-de-la-peur-de-lautre-tribune","status":"publish","type":"post","link":"https:\/\/linitiative.ca\/International\/lhomme-blanc-et-le-racisme-la-genealogie-de-la-peur-de-lautre-tribune\/","title":{"rendered":"L\u2019homme blanc et le racisme :  la g\u00e9n\u00e9alogie de la peur de l\u2019autre [Tribune]"},"content":{"rendered":"<div class=\"wp-block-image\"><img loading=\"lazy\" decoding=\"async\" src=\"https:\/\/www.challenge.ma\/wp-content\/uploads\/2017\/04\/Lahcen-Haddad.jpg\" alt=\"\" class=\"wp-image-81168\" width=\"232\" height=\"144\" srcset=\"https:\/\/www.challenge.ma\/wp-content\/uploads\/2017\/04\/Lahcen-Haddad.jpg 784w, https:\/\/www.challenge.ma\/wp-content\/uploads\/2017\/04\/Lahcen-Haddad-300x187.jpg 300w, https:\/\/www.challenge.ma\/wp-content\/uploads\/2017\/04\/Lahcen-Haddad-360x225.jpg 360w, https:\/\/www.challenge.ma\/wp-content\/uploads\/2017\/04\/Lahcen-Haddad-750x468.jpg 750w\" sizes=\"auto, (max-width: 232px) 100vw, 232px\"\/>Par Lahcen Haddad<\/div>\n<p><strong>De Norfolk et Portsmouth, Virginia (USA) \u00e0 Bristol (en Angleterre), \u00e0 Anvers (en Belgique), les statues des grands marchands d\u2019esclaves (y compris celui du sanguinaire Roi L\u00e9opold de Belgique), tombent comme des ch\u00e2teaux de sable ! Des symboles d\u2019un Occident qui s\u2019obstinait \u00e0 reconna\u00eetre son pass\u00e9 colonial, raciste, esclavagiste, un pass\u00e9 \u00e0 peine d\u00e9guis\u00e9 derri\u00e8re une \u00abmission civilisatrice\u00bb qui s\u2019est av\u00e9r\u00e9e destructrice ! Le White Man\u2019s Burden de Rudyard Kipling, fut en fait un acte traumatisant pour des millions d\u2019africains et autres meurtris, opprim\u00e9s, subjugu\u00e9s, et vendus par des hommes blancs \u00abcivilis\u00e9s\u00bb qui buvaient du champagne, dansaient sur les waltz de Strauss et lisaient la \u00abPh\u00e9nom\u00e9nologie de l\u2019Histoire\u00bb de Hegel, alors que des noirs encha\u00een\u00e9s g\u00e9missaient de souffrance, de malaria et de tuberculose dans la profondeur des coques des navires qui les ramenaient vers un destin infernal !\u00a0<\/strong><\/p>\n<div class=\"c10\"\/>\n<p>Cela nous rappelle l\u2019officier de la redoutable Sachutzstaffel (SS), qui avait fini de lire la po\u00e9sie de Rainer Maria Rilke, l\u2019un des po\u00e8tes allemands les plus intens\u00e9ment lyriques, et avait ensuite ordonn\u00e9 la mort de centaines de juifs confin\u00e9s dans le camp de concentration qu\u2019il gardait ! Comment se fait-il qu\u2019il appr\u00e9cie Rilke et en m\u00eame temps commette une boucherie humaine horrifiante, se demandent les occidentaux na\u00efvement? Les blancs du Sud-am\u00e9ricain appr\u00e9ciaient, certes, Shakespeare, Milton et Marvel et en m\u00eame temps, affamaient et torturaient quotidiennement \u00ab leurs \u00bb noirs. Serait-il tristement vrai que l\u2019esprit occidental est capable de marier sensibilit\u00e9 po\u00e9tique et pratiques meurtri\u00e8res? Je ne le pense pas, mais tout un travail de relecture est \u00e0 faire de cette histoire humaniste et de Lumi\u00e8res qui pr\u00eache l\u2019Aufklarung et en m\u00eame temps r\u00e9prime ses propres maux, ses d\u00e9mons, ses tendances meurtri\u00e8res, voire g\u00e9nocidaires (comme on l\u2019avait v\u00e9cu avec le triste chapitre du Roi L\u00e9opold au Congo et la Shoah des juifs aux mains de Hitler).\u00a0<\/p>\n<p>Depuis au moins le Moyen Age, l\u2019Occident s\u2019est fond\u00e9 une peur culturelle de l\u2019autre : le sarrasin, le turc, le juif, le mahom\u00e9tan, le n\u00e8gre, l\u2019indig\u00e8ne, l\u2019homme jaune, le maure\u2026des figures immortalis\u00e9es par des personnages litt\u00e9raires tels que Otello, Shylock et d\u2019autres. La peur de l\u2019alt\u00e9rit\u00e9, de ces autres cultures qui d\u00e9construisent le mythe cultiv\u00e9 par l\u2019\u00c9glise d\u2019une dominance transhistorique, voire t\u00e9l\u00e9ologique, de la chr\u00e9tient\u00e9 a nourri les tristes chapitres des Croisades, de la Reconquista, de l\u2019Inquisition, m\u00eame la traite des n\u00e8gres et l\u2019esclavage !\u00a0La faute de l\u2019autre, est qu\u2019il sait ou fait plus qu\u2019il n\u2019en faut ! L\u2019arabe est lascif, le n\u00e9grier sexuellement puissant, le turc dangereux, le juif frugal, le chinois soumis, le tsigane hyper libre\u2026les st\u00e9r\u00e9otypes d\u2019un trait de plus, d\u2019une jouissance myst\u00e9rieuse de plus, d\u2019une tendance \u00e0 l\u2019exc\u00e8s chez l\u2019autre abondent. C\u2019est la notion du \u00ab sujet suppos\u00e9 savoir \u00bb du psychanalyste fran\u00e7ais Jaques Lacan. Utilisant ce concept, le philosophe slov\u00e9nien, Slavoj Zizek avait dit qu\u2019\u00e0 la base, l\u2019attitude raciste est une forme de jalousie que l\u2019autre sait plus, jouit de la vie plus, cultive une attitude de plus envers l\u2019argent, le pouvoir, le sexe, la vie\u2026<\/p>\n<p><strong>Lire aussi | <a href=\"https:\/\/www.challenge.ma\/le-maroc-a-la-veille-dun-tsunami-social-146242\/\">Le Maroc \u00e0 la veille d\u2019un tsunami social ?<\/a><\/strong><\/p>\n<p>Les huit minutes qu\u2019a dur\u00e9 le contr\u00f4le et l\u2019\u00e9tranglement \u00e0 mort de George Floyd par le policier de Minneapolis, Derek Chauvin, d\u00e9montrent cette volont\u00e9 meurtri\u00e8re de vouloir contr\u00f4ler la \u00ab jouissance \u00bb \u00e0 outrance suppos\u00e9e exister chez les noirs, eux-m\u00eames suppos\u00e9s \u00eatre dangereux juste par la couleur de leur peau. L\u2019exc\u00e8s de savoir, de jouissance, d\u2019alt\u00e9rit\u00e9, ne peut m\u00e9riter qu\u2019un exc\u00e8s suppl\u00e9mentaire de contr\u00f4le et de pouvoir selon une culture polici\u00e8re blanche de dominance et de hi\u00e9rarchie de couleurs ! Les trois autres policiers qui regardaient l\u2019homme noir mourir, froidement \u00e9trangl\u00e9, jouaient le r\u00f4le de voyeurs dans un acte de dominance qui d\u00e9borde sur la \u00ab jouissance \u00bb.\u00a0L\u2019horreur de l\u2019acte, film\u00e9 en cachette par Darnella Frazier, une jeune fille de 17 ans, n\u2019est qu\u2019une repr\u00e9sentation de toute une culture de dominance polici\u00e8re meurtri\u00e8re, motiv\u00e9e uniquement par la couleur des suspects. Un racisme institutionnel et syst\u00e9mique bien ancr\u00e9 dans la culture polici\u00e8re am\u00e9ricaine, nourrie d\u2019un machisme blanc et d\u2019un sens de sup\u00e9riorit\u00e9 \u00e0 peine cach\u00e9.\u00a0<\/p>\n<p>Quand les soci\u00e9t\u00e9s r\u00e9priment leurs d\u00e9mons du pass\u00e9, ceux-ci ne cesseront jamais de resurgir et revenir les hanter ! Freud l\u2019avait dit il y a longtemps : plus on opprime l\u2019acte traumatique du pass\u00e9, plus il insiste \u00e0 se manifester sous plusieurs formes. Les psychanalystes pr\u00eachent le \u00ab talking cure\u00bb pour leurs patients : parler, verbaliser, raconter, se r\u00e9concilier avec son pass\u00e9 en se l\u2019appropriant, en le mettant sous forme de r\u00e9cit qui donne une forme \u00e0 l\u2019acte traumatique. C\u2019est ce qu\u2019il faut faire au niveau social et culturel : parler, d\u00e9lib\u00e9rer, d\u00e9battre, reconna\u00eetre et se r\u00e9concilier avec son pass\u00e9.\u00a0Le changement d\u2019attitude, de culture ne se fait que dans la douleur, mais une douleur th\u00e9rapeutique et cathartique.\u00a0<\/p>\n<p><strong>Lire aussi | <a href=\"https:\/\/www.challenge.ma\/le-diktat-de-la-beaute-a-encore-frappe-146129\/\">Le diktat de la beaut\u00e9 a encore frapp\u00e9 !<\/a><\/strong><\/p>\n<p>Une prise de conscience \u00e0 l\u2019\u00e9chelle plan\u00e9taire semble se manifester aujourd\u2019hui : le racisme est une r\u00e9alit\u00e9, avec un pass\u00e9, une histoire, cach\u00e9e, r\u00e9prim\u00e9e et des fois m\u00eame justifi\u00e9e ! Si on ne peut pas l\u2019\u00e9radiquer compl\u00e8tement, il faut tout au moins le reconna\u00eetre, le circonscrire, en parler et construire une culture qui le d\u00e9fie et le d\u00e9construit \u00e0 chaque fois ! Tout passe par l\u2019\u00e9ducation et le d\u00e9bat dans un monde pluriel, mais uni par un seul destin : d\u2019une humanit\u00e9 plus juste et plus solidaire.<\/p>\n<div class=\"vw-sticky-sidebar-wrapper vw-sticky-sidebar widget_text awac-wrapper widget_text awac widget custom_html-4 textwidget custom-html-widget\">\n<p class=\"has-background c12\"><span class=\"widget-title c11\">Tribune et D\u00e9bats<\/span><\/p>\n<p>La tribune qui vous parle d\u2019une actu, d\u2019un sujet qui fait d\u00e9bat, les traitent et les analysent. \u00c9conomistes et autres experts, patrons d\u2019entreprises, d\u00e9cideurs, acteurs de la soci\u00e9t\u00e9 civile, s\u2019y prononcent et contribuent \u00e0 sa grande richesse. Vous avez votre opinion, convergente ou diff\u00e9rente. Exprimez-la et mesurez-vous ainsi \u00e0 nos tribuns et d\u00e9batteurs.<\/p>\n<p>Envoyez vos analyses \u00e0 : <a href=\"\/cdn-cgi\/l\/email-protection#e4878b8a90858790a4878c858888818a8381ca8985\"><span class=\"__cf_email__\" data-cfemail=\"abc8c4c5dfcac8dfebc8c3cac7c7cec5ccce85c6ca\">[email\u00a0protected]<\/span><\/a>, en pr\u00e9cisant votre nom, votre pr\u00e9nom et votre m\u00e9tier.<\/p>\n<\/div>\n<p>Auteur: challenge<br \/>\n<a href=\"https:\/\/www.challenge.ma\/lhomme-blanc-et-le-racisme-la-genealogie-de-la-peur-de-lautre-tribune-146492\/\">Cliquez ici pour lire l&rsquo;article depuis sa source.<\/a><\/p>\n","protected":false},"excerpt":{"rendered":"<p>Par Lahcen Haddad De Norfolk et Portsmouth, Virginia (USA) \u00e0 Bristol (en Angleterre), \u00e0 Anvers (en Belgique), les statues des grands marchands d\u2019esclaves (y compris celui du sanguinaire Roi L\u00e9opold de Belgique), tombent comme des ch\u00e2teaux de sable ! Des symboles d\u2019un Occident qui s\u2019obstinait \u00e0 reconna\u00eetre son pass\u00e9 colonial, raciste, esclavagiste, un pass\u00e9 \u00e0 [&hellip;]<\/p>\n","protected":false},"author":1787,"featured_media":90343,"comment_status":"closed","ping_status":"closed","sticky":false,"template":"","format":"standard","meta":{"fifu_image_url":"","fifu_image_alt":"","footnotes":""},"categories":[78,54],"tags":[],"class_list":["post-90342","post","type-post","status-publish","format-standard","has-post-thumbnail","hentry","category-economie","category-maroc"],"_links":{"self":[{"href":"https:\/\/linitiative.ca\/International\/wp-json\/wp\/v2\/posts\/90342","targetHints":{"allow":["GET"]}}],"collection":[{"href":"https:\/\/linitiative.ca\/International\/wp-json\/wp\/v2\/posts"}],"about":[{"href":"https:\/\/linitiative.ca\/International\/wp-json\/wp\/v2\/types\/post"}],"author":[{"embeddable":true,"href":"https:\/\/linitiative.ca\/International\/wp-json\/wp\/v2\/users\/1787"}],"replies":[{"embeddable":true,"href":"https:\/\/linitiative.ca\/International\/wp-json\/wp\/v2\/comments?post=90342"}],"version-history":[{"count":0,"href":"https:\/\/linitiative.ca\/International\/wp-json\/wp\/v2\/posts\/90342\/revisions"}],"wp:featuredmedia":[{"embeddable":true,"href":"https:\/\/linitiative.ca\/International\/wp-json\/"}],"wp:attachment":[{"href":"https:\/\/linitiative.ca\/International\/wp-json\/wp\/v2\/media?parent=90342"}],"wp:term":[{"taxonomy":"category","embeddable":true,"href":"https:\/\/linitiative.ca\/International\/wp-json\/wp\/v2\/categories?post=90342"},{"taxonomy":"post_tag","embeddable":true,"href":"https:\/\/linitiative.ca\/International\/wp-json\/wp\/v2\/tags?post=90342"}],"curies":[{"name":"wp","href":"https:\/\/api.w.org\/{rel}","templated":true}]}}