{"id":90358,"date":"2020-06-27T10:24:06","date_gmt":"2020-06-27T14:24:06","guid":{"rendered":"https:\/\/linitiative.ca\/International\/des-ong-soumettent-des-questions-que-le-comite-des-nations-unies-contre-la-torture-devrait-poser-au-cameroun\/"},"modified":"2020-06-27T10:24:06","modified_gmt":"2020-06-27T14:24:06","slug":"des-ong-soumettent-des-questions-que-le-comite-des-nations-unies-contre-la-torture-devrait-poser-au-cameroun","status":"publish","type":"post","link":"https:\/\/linitiative.ca\/International\/des-ong-soumettent-des-questions-que-le-comite-des-nations-unies-contre-la-torture-devrait-poser-au-cameroun\/","title":{"rendered":"Des ONG soumettent des questions que le Comit\u00e9 des Nations unies contre la Torture devrait poser au Cameroun"},"content":{"rendered":"<div readability=\"32\">\n<p>Publi\u00e9 le 27.06.2020 \u00e0 15h24 par Eug\u00e8ne Shema<\/p>\n<\/div>\n<div readability=\"94.593225083987\">\n<h2>Le Cameroun doit pr\u00e9senter cette ann\u00e9e son 6e rapport p\u00e9riodique au Comit\u00e9 contre la torture du Haut-commissariat des Nations unies aux droits de l\u2019Homme<\/h2>\n<p><span class=\"c6\">La F\u00e9d\u00e9ration internationale des actions des chr\u00e9tiens pour l\u2019abolition de la torture (<\/span><strong>Fiacat<\/strong><span class=\"c6\">) et la section camerounaise de l\u2019Action des chr\u00e9tiens pour l\u2019abolition de la torture (<\/span><strong>Acat Cameroun<\/strong><span class=\"c6\">) ont rendu public, le 23 juin, un rapport alternatif des deux ONG pour l\u2019<\/span><a href=\"http:\/\/www.fiacat.org\/attachments\/article\/2895\/Rapport%20alternatif%20FIACAT%20ACAT%20Cameroun%20LOIPR%20CAT%20Cameroun%202020%20final.pdf\"><span class=\"c6\">adoption d\u2019une liste de points \u00e0 traiter avant soumission du 6e rapport p\u00e9riodique du Cameroun<\/span><\/a><span class=\"c6\">.<\/span><\/p>\n<p><span class=\"c6\">Le Cameroun \u2013 qui a ratifi\u00e9 la Convention contre la torture et autres peines ou traitements cruels, inhumains ou d\u00e9gradants \u2013 doit soumettre cette ann\u00e9e un rapport p\u00e9riodique au Comit\u00e9 contre la torture du Haut-commissariat des Nations unies aux droits de l\u2019Homme (<strong>OHCHR<\/strong>).\u00a0<\/span><\/p>\n<p><span class=\"c6\">Pour la Fiacat, qui dispose d\u2019un statut consultatif aupr\u00e8s des Nations unies, la pratique de la torture au Cameroun<\/span> <em><span class=\"c6\">\u201cest plus courante dans les lieux de privation de libert\u00e9 des unit\u00e9s de police et de gendarmerie. Les interrogatoires sont r\u00e9guli\u00e8rement accompagn\u00e9s par des bastonnades de la plante des pieds \u00e0 l\u2019aide de machette (chaque salle d\u2019interrogatoire est dot\u00e9e d\u2019une machette pos\u00e9e au coin de la salle), des intimidations, de la brutalit\u00e9, etc. Les auteurs jouissent d\u2019une impunit\u00e9 du fait du silence, la peur et parfois l\u2019ignorance des victimes.\u201d<\/span><\/em><\/p>\n<p><span class=\"c6\">L\u2019organisation parle d\u2019actes de<\/span> <em><span class=\"c6\">\u201ccorruption et de torture lors des gardes-\u00e0-vues\u201d<\/span><\/em><span class=\"c6\">. Elle \u00e9num\u00e8re des cas de<\/span> <em><span class=\"c6\">\u201cd\u00e9tention provisoire abusive\u201d<\/span><\/em><span class=\"c6\">, sugg\u00e9rant au Comit\u00e9 contre la torture de demander au gouvernement ce qui est fait pour r\u00e9duire la proportion de d\u00e9tenus en attente de jugement dans les prisons camerounaises et att\u00e9nuer la surpopulation carc\u00e9rale.<\/span><\/p>\n<p><span class=\"c6\">Dans le m\u00eame sens, la Fiacat et l\u2019Acat souhaitent que le Cameroun puisse pr\u00e9senter les actions prises dans le droit national pour interdire la torture, r\u00e9duire les d\u00e9lais de garde-\u00e0-vues, encourager les victimes de torture \u00e0 porter plainte. L\u2019abolition de la peine de mort, m\u00eame si elle n\u2019est plus appliqu\u00e9e, est \u00e9galement \u00e9voqu\u00e9e dans le document.<\/span><\/p>\n<p><span class=\"c6\">Les enqu\u00eates et la traduction en justice des auteurs de disparitions forc\u00e9es et d\u2019ex\u00e9cutions extrajudiciaires (cas de<\/span> <a href=\"https:\/\/www.journalducameroun.com\/cameroun-larmee-responsable-de-la-tuerie-de-ngarbuh-rapport\/\"><strong>Ngarbuh<\/strong><\/a> <span class=\"c6\">et des femmes et enfants tu\u00e9s par des militaires \u00e0 l\u2019Extr\u00eame-Nord) ne sont pas en reste.<\/span><\/p>\n<p><span class=\"c6\">Pour la Fiacat et l\u2019ACAT, le Comit\u00e9 contre la torture des Nations unies devrait aussi s\u2019int\u00e9resser aux mesures prises pour garantir la<\/span> <strong>libert\u00e9 de r\u00e9union et de manifestation<\/strong> <span class=\"c6\">\u2013 tenant compte de l\u2019arrestation de militants du MRC -, la<\/span> <strong>libert\u00e9 d\u2019expression<\/strong> <span class=\"c6\">(cas de Paul Chouta aux arr\u00eats depuis le 28 mai 2019 sur une plainte de l\u2019\u00e9crivaine Calixthe Beyala).<\/span><\/p>\n<p><span class=\"c6\">Les deux organisations sugg\u00e8rent par ailleurs au Comit\u00e9 de s\u2019enqu\u00e9rir, aupr\u00e8s du gouvernement, de la situation de la nouvelle <strong>Commission des droits de l\u2019Homme<\/strong>\u00a0(mise en place par la loi du 19 juillet 2019), qui devrait agir comme m\u00e9canisme national de pr\u00e9vention de la torture.<\/span><\/p>\n<p><span class=\"c6\">Le Comit\u00e9 contre la torture est un organe qui surveille l\u2019application de la Convention contre la torture et autres peines ou traitements cruels, inhumains ou d\u00e9gradants par les \u00c9tats parties.<\/span><\/p>\n<p><span class=\"c6\">Selon l\u2019<\/span><a href=\"https:\/\/www.ohchr.org\/FR\/NewsEvents\/Pages\/Meetings.aspx\"><span class=\"c6\">agenda visible ce 27 juin sur le site web de l\u2019OHCHR<\/span><\/a><span class=\"c6\">, les 69e et 70e sessions du<\/span> <strong>Comit\u00e9 contre la torture<\/strong> <span class=\"c6\">sont respectivement pr\u00e9vues du 13 au 24 juillet et du 09 novembre au 04 d\u00e9cembre 2020. Un<\/span> <strong>Sous-comit\u00e9 sur la pr\u00e9vention de la torture<\/strong> <span class=\"c6\">doit quant \u00e0 lui se r\u00e9unir, pour sa 42e session, du 09 au 13 novembre 2020.<\/span><\/p>\n<\/div>\n<p>Auteur: Eug\u00e8ne SHEMA<br \/>\n<a href=\"https:\/\/www.journalducameroun.com\/ong-elaborent-quest-onu-cameroun-torture\/\">Cliquez ici pour lire l&rsquo;article depuis sa source.<\/a><\/p>\n","protected":false},"excerpt":{"rendered":"<p>Publi\u00e9 le 27.06.2020 \u00e0 15h24 par Eug\u00e8ne Shema Le Cameroun doit pr\u00e9senter cette ann\u00e9e son 6e rapport p\u00e9riodique au Comit\u00e9 contre la torture du Haut-commissariat des Nations unies aux droits de l\u2019Homme La F\u00e9d\u00e9ration internationale des actions des chr\u00e9tiens pour l\u2019abolition de la torture (Fiacat) et la section camerounaise de l\u2019Action des chr\u00e9tiens pour l\u2019abolition [&hellip;]<\/p>\n","protected":false},"author":1965,"featured_media":0,"comment_status":"closed","ping_status":"closed","sticky":false,"template":"","format":"standard","meta":{"fifu_image_url":"","fifu_image_alt":"","footnotes":""},"categories":[73,82],"tags":[],"class_list":["post-90358","post","type-post","status-publish","format-standard","hentry","category-actualite","category-cameroun"],"_links":{"self":[{"href":"https:\/\/linitiative.ca\/International\/wp-json\/wp\/v2\/posts\/90358","targetHints":{"allow":["GET"]}}],"collection":[{"href":"https:\/\/linitiative.ca\/International\/wp-json\/wp\/v2\/posts"}],"about":[{"href":"https:\/\/linitiative.ca\/International\/wp-json\/wp\/v2\/types\/post"}],"author":[{"embeddable":true,"href":"https:\/\/linitiative.ca\/International\/wp-json\/wp\/v2\/users\/1965"}],"replies":[{"embeddable":true,"href":"https:\/\/linitiative.ca\/International\/wp-json\/wp\/v2\/comments?post=90358"}],"version-history":[{"count":0,"href":"https:\/\/linitiative.ca\/International\/wp-json\/wp\/v2\/posts\/90358\/revisions"}],"wp:attachment":[{"href":"https:\/\/linitiative.ca\/International\/wp-json\/wp\/v2\/media?parent=90358"}],"wp:term":[{"taxonomy":"category","embeddable":true,"href":"https:\/\/linitiative.ca\/International\/wp-json\/wp\/v2\/categories?post=90358"},{"taxonomy":"post_tag","embeddable":true,"href":"https:\/\/linitiative.ca\/International\/wp-json\/wp\/v2\/tags?post=90358"}],"curies":[{"name":"wp","href":"https:\/\/api.w.org\/{rel}","templated":true}]}}