{"id":90362,"date":"2020-06-28T05:14:04","date_gmt":"2020-06-28T09:14:04","guid":{"rendered":"https:\/\/linitiative.ca\/International\/coronavirus-109-nouveaux-cas-confirmes-au-maroc-11-986-au-total\/"},"modified":"2020-06-28T05:14:04","modified_gmt":"2020-06-28T09:14:04","slug":"coronavirus-109-nouveaux-cas-confirmes-au-maroc-11-986-au-total","status":"publish","type":"post","link":"https:\/\/linitiative.ca\/International\/coronavirus-109-nouveaux-cas-confirmes-au-maroc-11-986-au-total\/","title":{"rendered":"Coronavirus : 109 nouveaux cas confirm\u00e9s au Maroc, 11.986 au total"},"content":{"rendered":"<header>\n<\/header>\n<div class=\"entry-content clearfix\" readability=\"51\"><img decoding=\"async\" class=\"post_layout_5_img\" src=\"http:\/\/aujourdhui.ma\/wp-content\/uploads\/2020\/05\/Enfant-coronavirus-Maroc.jpg\" alt=\"Coronavirus : 109 nouveaux cas confirm&#xE9;s au Maroc, 11.986 au total\"\/><\/p>\n<p><span class=\"c6\"><strong><span class=\"c5\">Cent-neuf nouveaux cas d\u2019infection au nouveau coronavirus (Covid-19) ont \u00e9t\u00e9 confirm\u00e9s au Maroc jusqu\u2019\u00e0 dimanche \u00e0 10h00, portant \u00e0 11.986 le nombre total des cas de contamination, a annonc\u00e9 le minist\u00e8re de la Sant\u00e9.<\/span><\/strong><\/span><span id=\"more-349074\"\/><\/p>\n<p>Le nombre de cas gu\u00e9ris s\u2019\u00e9l\u00e8ve \u00e0 8.730 avec 07 nouvelles r\u00e9missions, alors que celui des d\u00e9c\u00e8s stagne \u00e0 220 cas, pr\u00e9cise le minist\u00e8re sur le portail \u00ab\u00a0www.covidmaroc.ma\u00a0\u00bb.<\/p>\n<p>Par ailleurs, le nombre des cas exclus apr\u00e8s des r\u00e9sultats n\u00e9gatifs d\u2019analyses effectu\u00e9es au laboratoire s\u2019\u00e9tablit \u00e0 627.958, selon la m\u00eame source.<\/p>\n<p>Le minist\u00e8re invite les citoyens \u00e0 respecter les r\u00e8gles d\u2019hygi\u00e8ne et de s\u00e9curit\u00e9 sanitaire ainsi que les mesures pr\u00e9ventives \u00e9dict\u00e9es par les autorit\u00e9s marocaines, en faisant preuve de responsabilit\u00e9 et de patriotisme.<\/p>\n<p><a href=\"https:http:\/\/aujourdhui.ma\/wp-content\/uploads\/2020\/06\/IMG_20200628_100533.jpg\"><img loading=\"lazy\" decoding=\"async\" class=\"alignnone size-full wp-image-349075\" src=\"http:\/\/aujourdhui.ma\/wp-content\/uploads\/2020\/06\/IMG_20200628_100533.jpg\" alt=\"\" width=\"1023\" height=\"1413\" srcset=\"http:\/\/aujourdhui.ma\/wp-content\/uploads\/2020\/06\/IMG_20200628_100533.jpg 1023w, \/\/aujourdhui.ma\/wp-content\/uploads\/2020\/06\/IMG_20200628_100533-217x300.jpg 217w, \/\/aujourdhui.ma\/wp-content\/uploads\/2020\/06\/IMG_20200628_100533-741x1024.jpg 741w, \/\/aujourdhui.ma\/wp-content\/uploads\/2020\/06\/IMG_20200628_100533-768x1061.jpg 768w\" sizes=\"auto, (max-width: 1023px) 100vw, 1023px\"\/><\/a><\/p>\n<\/div>\n<p>Auteur: ALM<br \/>\n<a href=\"https:\/\/aujourdhui.ma\/societe\/coronavirus-109-nouveaux-cas-confirmes-au-maroc-11-986-au-total\">Cliquez ici pour lire l&rsquo;article depuis sa source.<\/a><\/p>\n","protected":false},"excerpt":{"rendered":"<p>Cent-neuf nouveaux cas d\u2019infection au nouveau coronavirus (Covid-19) ont \u00e9t\u00e9 confirm\u00e9s au Maroc jusqu\u2019\u00e0 dimanche \u00e0 10h00, portant \u00e0 11.986 le nombre total des cas de contamination, a annonc\u00e9 le minist\u00e8re de la Sant\u00e9. Le nombre de cas gu\u00e9ris s\u2019\u00e9l\u00e8ve \u00e0 8.730 avec 07 nouvelles r\u00e9missions, alors que celui des d\u00e9c\u00e8s stagne \u00e0 220 cas, [&hellip;]<\/p>\n","protected":false},"author":1759,"featured_media":90363,"comment_status":"closed","ping_status":"closed","sticky":false,"template":"","format":"standard","meta":{"fifu_image_url":"","fifu_image_alt":"","footnotes":""},"categories":[73,54],"tags":[],"class_list":["post-90362","post","type-post","status-publish","format-standard","has-post-thumbnail","hentry","category-actualite","category-maroc"],"_links":{"self":[{"href":"https:\/\/linitiative.ca\/International\/wp-json\/wp\/v2\/posts\/90362","targetHints":{"allow":["GET"]}}],"collection":[{"href":"https:\/\/linitiative.ca\/International\/wp-json\/wp\/v2\/posts"}],"about":[{"href":"https:\/\/linitiative.ca\/International\/wp-json\/wp\/v2\/types\/post"}],"author":[{"embeddable":true,"href":"https:\/\/linitiative.ca\/International\/wp-json\/wp\/v2\/users\/1759"}],"replies":[{"embeddable":true,"href":"https:\/\/linitiative.ca\/International\/wp-json\/wp\/v2\/comments?post=90362"}],"version-history":[{"count":0,"href":"https:\/\/linitiative.ca\/International\/wp-json\/wp\/v2\/posts\/90362\/revisions"}],"wp:featuredmedia":[{"embeddable":true,"href":"https:\/\/linitiative.ca\/International\/wp-json\/"}],"wp:attachment":[{"href":"https:\/\/linitiative.ca\/International\/wp-json\/wp\/v2\/media?parent=90362"}],"wp:term":[{"taxonomy":"category","embeddable":true,"href":"https:\/\/linitiative.ca\/International\/wp-json\/wp\/v2\/categories?post=90362"},{"taxonomy":"post_tag","embeddable":true,"href":"https:\/\/linitiative.ca\/International\/wp-json\/wp\/v2\/tags?post=90362"}],"curies":[{"name":"wp","href":"https:\/\/api.w.org\/{rel}","templated":true}]}}