{"id":90366,"date":"2020-06-28T06:38:30","date_gmt":"2020-06-28T10:38:30","guid":{"rendered":"https:\/\/linitiative.ca\/International\/lagence-tanger-med-active-le-projet-de-la-nouvelle-zone-sous-douane-de-fnideq\/"},"modified":"2020-06-28T06:38:30","modified_gmt":"2020-06-28T10:38:30","slug":"lagence-tanger-med-active-le-projet-de-la-nouvelle-zone-sous-douane-de-fnideq","status":"publish","type":"post","link":"https:\/\/linitiative.ca\/International\/lagence-tanger-med-active-le-projet-de-la-nouvelle-zone-sous-douane-de-fnideq\/","title":{"rendered":"L\u2019Agence Tanger Med active le projet de la nouvelle zone sous douane de Fnideq"},"content":{"rendered":"<header>\n<\/header>\n<div class=\"entry-content clearfix\" readability=\"48\"><img decoding=\"async\" class=\"post_layout_5_img\" src=\"http:\/\/aujourdhui.ma\/wp-content\/uploads\/2016\/08\/Douane-controle-.jpg\" alt=\"L&#x2019;Agence Tanger Med active le projet de la nouvelle zone sous douane de Fnideq\"\/><\/p>\n<p><strong><span class=\"c5\">Comme l\u2019avait annonc\u00e9 Aujourd\u2019hui Le Maroc en exclusivit\u00e9 le 20 f\u00e9vrier, le projet d\u2019entrep\u00f4ts sous douane dans la ville de Fnideq destin\u00e9s \u00e0 se substituer aux activit\u00e9s ill\u00e9gales de contrebande au niveau de Bab Sebta est en train de se concr\u00e9tiser.<\/span><\/strong><span id=\"more-349078\"\/><\/p>\n<p>Et c\u2019est visiblement l\u2019Agence Tanger Med qui assurera la r\u00e9alisation et le pilotage du projet puisqu\u2019elle vient de cr\u00e9er une filiale d\u00e9di\u00e9e \u00e0 l\u2019op\u00e9ration qui porte le nom de \u00abZone d\u2019activit\u00e9 \u00e9conomique de Findeq\u00bb.<\/p>\n<p>L\u2019am\u00e9nagement de cette nouvelle zone, situ\u00e9e dans la localit\u00e9 de Oued Negro, se fera sur du foncier appartenant \u00e0 TMSA et n\u00e9cessitera un investissement global de 200 millions DH dont 110 millions seront financ\u00e9s par le minist\u00e8re de l\u2019int\u00e9rieur (70 MDH), celui de l\u2019industrie et du commerce (40 MDH), le Conseil de la r\u00e9gion (80 MDH) et l\u2019Agence de d\u00e9veloppement des provinces du Nord (10 MDH).<\/p>\n<\/div>\n<p>Auteur: ALM<br \/>\n<a href=\"https:\/\/aujourdhui.ma\/economie\/lagence-tanger-med-active-le-projet-de-la-nouvelle-zone-sous-douane-de-fnideq\">Cliquez ici pour lire l&rsquo;article depuis sa source.<\/a><\/p>\n","protected":false},"excerpt":{"rendered":"<p>Comme l\u2019avait annonc\u00e9 Aujourd\u2019hui Le Maroc en exclusivit\u00e9 le 20 f\u00e9vrier, le projet d\u2019entrep\u00f4ts sous douane dans la ville de Fnideq destin\u00e9s \u00e0 se substituer aux activit\u00e9s ill\u00e9gales de contrebande au niveau de Bab Sebta est en train de se concr\u00e9tiser. Et c\u2019est visiblement l\u2019Agence Tanger Med qui assurera la r\u00e9alisation et le pilotage du [&hellip;]<\/p>\n","protected":false},"author":1759,"featured_media":90367,"comment_status":"closed","ping_status":"closed","sticky":false,"template":"","format":"standard","meta":{"fifu_image_url":"","fifu_image_alt":"","footnotes":""},"categories":[73,54],"tags":[],"class_list":["post-90366","post","type-post","status-publish","format-standard","has-post-thumbnail","hentry","category-actualite","category-maroc"],"_links":{"self":[{"href":"https:\/\/linitiative.ca\/International\/wp-json\/wp\/v2\/posts\/90366","targetHints":{"allow":["GET"]}}],"collection":[{"href":"https:\/\/linitiative.ca\/International\/wp-json\/wp\/v2\/posts"}],"about":[{"href":"https:\/\/linitiative.ca\/International\/wp-json\/wp\/v2\/types\/post"}],"author":[{"embeddable":true,"href":"https:\/\/linitiative.ca\/International\/wp-json\/wp\/v2\/users\/1759"}],"replies":[{"embeddable":true,"href":"https:\/\/linitiative.ca\/International\/wp-json\/wp\/v2\/comments?post=90366"}],"version-history":[{"count":0,"href":"https:\/\/linitiative.ca\/International\/wp-json\/wp\/v2\/posts\/90366\/revisions"}],"wp:featuredmedia":[{"embeddable":true,"href":"https:\/\/linitiative.ca\/International\/wp-json\/"}],"wp:attachment":[{"href":"https:\/\/linitiative.ca\/International\/wp-json\/wp\/v2\/media?parent=90366"}],"wp:term":[{"taxonomy":"category","embeddable":true,"href":"https:\/\/linitiative.ca\/International\/wp-json\/wp\/v2\/categories?post=90366"},{"taxonomy":"post_tag","embeddable":true,"href":"https:\/\/linitiative.ca\/International\/wp-json\/wp\/v2\/tags?post=90366"}],"curies":[{"name":"wp","href":"https:\/\/api.w.org\/{rel}","templated":true}]}}