{"id":90370,"date":"2020-06-28T08:07:10","date_gmt":"2020-06-28T12:07:10","guid":{"rendered":"https:\/\/linitiative.ca\/International\/une-reprise-certes-timide-mais-qui-se-confirme\/"},"modified":"2020-06-28T08:07:10","modified_gmt":"2020-06-28T12:07:10","slug":"une-reprise-certes-timide-mais-qui-se-confirme","status":"publish","type":"post","link":"https:\/\/linitiative.ca\/International\/une-reprise-certes-timide-mais-qui-se-confirme\/","title":{"rendered":"Une reprise certes timide, mais qui se confirme\u2026"},"content":{"rendered":"<p><img decoding=\"async\" class=\"post_layout_5_img\" src=\"http:\/\/aujourdhui.ma\/wp-content\/uploads\/2020\/06\/mubawab-immobilier-maroc.jpg\" alt=\"Une reprise certes timide, mais qui se confirme&#x2026;\"\/><\/p>\n<p><span class=\"c5\"><strong>Mubawab d\u00e9cortique les composantes de la demande actuelle<\/strong><\/span><br \/><span id=\"more-349034\"\/><\/p>\n<p>La pression que subissent l\u2019offre et la demande en cette p\u00e9riode de crise sanitaire n\u2019est plus \u00e0 d\u00e9montrer. Mubawab s\u2019est pench\u00e9 sur l\u2019\u00e9valuation de cet impact au titre des trois mois de confinement, et ce sous la base des annonces collect\u00e9es sur son portail. \u00abFace \u00e0 la crise sanitaire actuelle, Mubawab a apport\u00e9 plusieurs \u00e9l\u00e9ments de r\u00e9ponse\u00a0: le premier est le volet \u00e9tude. Nous observons ainsi comment le march\u00e9 et les (potentiels) acqu\u00e9reurs se comportent, \u00e0 travers notre plateforme, et analysons les fluctuations. Cette d\u00e9marche est faite dans le but d\u2019aider et d\u2019accompagner les professionnels de l\u2019immobilier avec des \u00e9l\u00e9ments tangibles afin que ces derniers adaptent au mieux leur offre \u00e0 la demande locale en cette p\u00e9riode si particuli\u00e8re\u00bb, indique dans ce sens Kevin Gormand, pr\u00e9sident-directeur g\u00e9n\u00e9ral et cofondateur de Mubawab. Se r\u00e9f\u00e9rant \u00e0 l\u2019\u00e9tude de Mubawab, le mois de mai a \u00e9t\u00e9 le mois de reprise, et ce en d\u00e9pit d\u2019un rendement timide. \u00abLe premier mois de confinement \u00e9tant pass\u00e9, le vent de panique et d\u2019incertitude ayant souffl\u00e9, l\u2019offre reprend de plus belle au mois de mai. Certes, elle enregistre une baisse de -64% par rapport au d\u00e9but de l\u2019ann\u00e9e, mais une hausse de 23% entre avril et mai 2020\u00bb, peut-on relever du portail qui pr\u00e9cise qu\u2019en ann\u00e9e glissante, l\u2019offre reste 2,6 moins importante qu\u2019\u00e0 la m\u00eame p\u00e9riode de l\u2019ann\u00e9e pr\u00e9c\u00e9dente. Pour ce qui est de la demande elle marque une hausse de 18% entre avril et mai 2020 tout en restant 1,3 fois en retrait compar\u00e9 \u00e0 une ann\u00e9e plus t\u00f4t. En analysant la demande par territoire, il ressort que Mekn\u00e8s et Temara et Kenitra sont les villes les plus touch\u00e9es par la crise.<\/p>\n<p>En parall\u00e8le, Casablanca, El Jadida, Khemisset, Nador, Saidia, Sal\u00e9 et Sidi Rahal sont les villes les plus stables du Royaume. L\u2019enqu\u00eate men\u00e9e par Mubawab d\u00e9montre \u00e9galement que certaines zones prot\u00e8gent bien leurs prix et font preuve d\u2019une grande stabilit\u00e9 et ce malgr\u00e9 de grandes \u00e9volutions de l\u2019offre. Tel est le cas pour Maarif, Anfa, Hay Salam et Haut Founti \u00e0 Agadir, le centre-ville de Rabat et le quartier de Castilla \u00e0 Tanger. Toutefois un l\u00e9ger recul des prix a \u00e9t\u00e9 constat\u00e9 au niveau du quartiers Bourgogne ou encore Gueliz ou Riad. Une baisse qui selon Mubawab r\u00e9sulte de la perte d\u2019offre importante qu\u2019ils ont connue le mois dernier. Notons que pour analyser les composantes de la demande actuelle, Mubawab a interrog\u00e9 2.000 intentionnistes identifi\u00e9s comme prospects sur le site entre les mois de mars et mai 2020. Cette \u00e9tude confirme que l\u2019int\u00e9r\u00eat des internautes pour l\u2019investissement immobilier existe toujours.<\/p>\n<p>Auteur: Kawtar Tali<br \/>\n<a href=\"https:\/\/aujourdhui.ma\/economie\/immobilier\/une-reprise-certes-timide-mais-qui-se-confirme\">Cliquez ici pour lire l&rsquo;article depuis sa source.<\/a><\/p>\n","protected":false},"excerpt":{"rendered":"<p>Mubawab d\u00e9cortique les composantes de la demande actuelle La pression que subissent l\u2019offre et la demande en cette p\u00e9riode de crise sanitaire n\u2019est plus \u00e0 d\u00e9montrer. Mubawab s\u2019est pench\u00e9 sur l\u2019\u00e9valuation de cet impact au titre des trois mois de confinement, et ce sous la base des annonces collect\u00e9es sur son portail. \u00abFace \u00e0 la [&hellip;]<\/p>\n","protected":false},"author":1759,"featured_media":90371,"comment_status":"closed","ping_status":"closed","sticky":false,"template":"","format":"standard","meta":{"fifu_image_url":"","fifu_image_alt":"","footnotes":""},"categories":[73,54],"tags":[],"class_list":["post-90370","post","type-post","status-publish","format-standard","has-post-thumbnail","hentry","category-actualite","category-maroc"],"_links":{"self":[{"href":"https:\/\/linitiative.ca\/International\/wp-json\/wp\/v2\/posts\/90370","targetHints":{"allow":["GET"]}}],"collection":[{"href":"https:\/\/linitiative.ca\/International\/wp-json\/wp\/v2\/posts"}],"about":[{"href":"https:\/\/linitiative.ca\/International\/wp-json\/wp\/v2\/types\/post"}],"author":[{"embeddable":true,"href":"https:\/\/linitiative.ca\/International\/wp-json\/wp\/v2\/users\/1759"}],"replies":[{"embeddable":true,"href":"https:\/\/linitiative.ca\/International\/wp-json\/wp\/v2\/comments?post=90370"}],"version-history":[{"count":0,"href":"https:\/\/linitiative.ca\/International\/wp-json\/wp\/v2\/posts\/90370\/revisions"}],"wp:featuredmedia":[{"embeddable":true,"href":"https:\/\/linitiative.ca\/International\/wp-json\/"}],"wp:attachment":[{"href":"https:\/\/linitiative.ca\/International\/wp-json\/wp\/v2\/media?parent=90370"}],"wp:term":[{"taxonomy":"category","embeddable":true,"href":"https:\/\/linitiative.ca\/International\/wp-json\/wp\/v2\/categories?post=90370"},{"taxonomy":"post_tag","embeddable":true,"href":"https:\/\/linitiative.ca\/International\/wp-json\/wp\/v2\/tags?post=90370"}],"curies":[{"name":"wp","href":"https:\/\/api.w.org\/{rel}","templated":true}]}}