{"id":90373,"date":"2020-06-28T09:30:14","date_gmt":"2020-06-28T13:30:14","guid":{"rendered":"https:\/\/linitiative.ca\/International\/le-cameroun-et-la-guinee-equatoriale-veulent-apaiser-les-tensions-a-la-frontiere\/"},"modified":"2020-06-28T09:30:14","modified_gmt":"2020-06-28T13:30:14","slug":"le-cameroun-et-la-guinee-equatoriale-veulent-apaiser-les-tensions-a-la-frontiere","status":"publish","type":"post","link":"https:\/\/linitiative.ca\/International\/le-cameroun-et-la-guinee-equatoriale-veulent-apaiser-les-tensions-a-la-frontiere\/","title":{"rendered":"Le Cameroun et la Guin\u00e9e \u00e9quatoriale veulent apaiser les tensions \u00e0 la fronti\u00e8re"},"content":{"rendered":"<div readability=\"32\">\n<p>Publi\u00e9 le 28.06.2020 \u00e0 14h30 par Journalducameroun.com<\/p>\n<\/div>\n<div readability=\"76\">\n<h2 class=\"c6\">Les ministres de la D\u00e9fense deux \u00a0pays se rencontrent pendant deux jours \u00e0 Yaound\u00e9 pour d\u00e9finir les modalit\u00e9s de coop\u00e9ration s\u00e9curitaire \u00e0 la fronti\u00e8re.<\/h2>\n<p class=\"c7\">Il n\u2019y aura pas de mur de s\u00e9paration entre les officiels \u00e9quato-guin\u00e9en et camerounais ce lundi 29 juin \u00e0 Yaound\u00e9.<\/p>\n<p class=\"c7\">Comme l\u2019indique un communiqu\u00e9 sign\u00e9 ce 28 juin par le ministre de la d\u00e9fense du <strong>Cameroun<\/strong>, une rencontre de concertation se tient du 29 au 30 juin entre les ministres de la D\u00e9fense des deux pays, ainsi qu\u2019avec les \u00e9tats-majors des arm\u00e9es des deux pays.<\/p>\n<p class=\"c7\"><em>\u00ab\u00a0Cette importante rencontre bilat\u00e9rale portera essentiellement sur les modalit\u00e9s de collaboration et d\u2019actions s\u00e9curitaires communes \u00e0 <strong>la fronti\u00e8re<\/strong> entre les deux pays\u00a0\u00bb,<\/em> informe Joseph Beti Assomo, ministre de la D\u00e9fense du Cameroun.<\/p>\n<p class=\"c7\">Cette rencontre se tient dans un contexte tendu \u00e0 la fronti\u00e8re entre les deux pays depuis que la <strong>Guin\u00e9e \u00e9quatoriale<\/strong> a d\u00e9cid\u00e9 de construire un mur de s\u00e9paration \u00e0 sa fronti\u00e8re avec le <strong>Cameroun<\/strong>.<\/p>\n<p class=\"c7\">Une information r\u00e9v\u00e9l\u00e9e d\u00e8s 2019 par des m\u00e9dias et d\u00e9mentie par des officiels \u00e9quato-guin\u00e9en. Fin juillet, le chef d\u2019\u00e9tat-major de l\u2019arm\u00e9e camerounaise, \u00a0le g\u00e9n\u00e9ral Ren\u00e9 Claude Meka, s\u2019est rendu sur place afin de <em>\u00ab\u00a0constater l\u2019empi\u00e9tement de la fronti\u00e8re\u00a0\u00bb<\/em> et d\u2019observer <em>\u00ab\u00a0les vell\u00e9it\u00e9s expansionnistes du voisin \u00e9quato-guin\u00e9en\u00a0\u00bb<\/em>.<\/p>\n<p class=\"c7\">Plus tard, un autre g\u00e9n\u00e9ral va mettre en garde contre <em>\u00ab\u00a0toute intrusion illicite\u00a0\u00bb<\/em> \u00e0 la fronti\u00e8re. <em>\u00ab\u00a0Mous avons constat\u00e9 que des militaires \u00e9quato-guin\u00e9ens ont travers\u00e9 la rivi\u00e8re (qui mat\u00e9rialise la fronti\u00e8re naturelle) et ont pos\u00e9 des jalons du c\u00f4t\u00e9 camerounais\u00a0\u00bb<\/em>, avait-il d\u00e9nonc\u00e9.<\/p>\n<p class=\"c7\">La Guin\u00e9e \u00e9quatoriale estime que le Cameroun laisse de nombreux ressortissants d\u2019Afrique de l\u2019Ouest transiter par son territoire pour se retrouver ill\u00e9galement sur son territoire, selon des sources concordantes.<\/p>\n<p class=\"c7\">Malabo surveille particuli\u00e8rement cette fronti\u00e8re o\u00f9 une trentaine d\u2019hommes arm\u00e9s avaient \u00e9t\u00e9 arr\u00eat\u00e9s et accus\u00e9s d\u2019avoir tent\u00e9 un coup d\u2019Etat contre le r\u00e9gime de Malabo fin d\u00e9cembre 2017.<\/p>\n<p class=\"c7\">La Guin\u00e9e \u00e9quatoriale avait alors abandonn\u00e9 l\u2019accord de libre circulation en Afrique centrale qui venait d\u2019\u00eatre ratifi\u00e9.<\/p>\n<\/div>\n<p>Auteur: Ludovic Amara<br \/>\n<a href=\"https:\/\/www.journalducameroun.com\/le-cameroun-et-la-guinee-equatoriale-veulent-apaiser-les-tensions-a-la-frontiere-cameroun\/\">Cliquez ici pour lire l&rsquo;article depuis sa source.<\/a><\/p>\n","protected":false},"excerpt":{"rendered":"<p>Publi\u00e9 le 28.06.2020 \u00e0 14h30 par Journalducameroun.com Les ministres de la D\u00e9fense deux \u00a0pays se rencontrent pendant deux jours \u00e0 Yaound\u00e9 pour d\u00e9finir les modalit\u00e9s de coop\u00e9ration s\u00e9curitaire \u00e0 la fronti\u00e8re. Il n\u2019y aura pas de mur de s\u00e9paration entre les officiels \u00e9quato-guin\u00e9en et camerounais ce lundi 29 juin \u00e0 Yaound\u00e9. Comme l\u2019indique un communiqu\u00e9 [&hellip;]<\/p>\n","protected":false},"author":1965,"featured_media":0,"comment_status":"closed","ping_status":"closed","sticky":false,"template":"","format":"standard","meta":{"fifu_image_url":"","fifu_image_alt":"","footnotes":""},"categories":[73,82],"tags":[],"class_list":["post-90373","post","type-post","status-publish","format-standard","hentry","category-actualite","category-cameroun"],"_links":{"self":[{"href":"https:\/\/linitiative.ca\/International\/wp-json\/wp\/v2\/posts\/90373","targetHints":{"allow":["GET"]}}],"collection":[{"href":"https:\/\/linitiative.ca\/International\/wp-json\/wp\/v2\/posts"}],"about":[{"href":"https:\/\/linitiative.ca\/International\/wp-json\/wp\/v2\/types\/post"}],"author":[{"embeddable":true,"href":"https:\/\/linitiative.ca\/International\/wp-json\/wp\/v2\/users\/1965"}],"replies":[{"embeddable":true,"href":"https:\/\/linitiative.ca\/International\/wp-json\/wp\/v2\/comments?post=90373"}],"version-history":[{"count":0,"href":"https:\/\/linitiative.ca\/International\/wp-json\/wp\/v2\/posts\/90373\/revisions"}],"wp:attachment":[{"href":"https:\/\/linitiative.ca\/International\/wp-json\/wp\/v2\/media?parent=90373"}],"wp:term":[{"taxonomy":"category","embeddable":true,"href":"https:\/\/linitiative.ca\/International\/wp-json\/wp\/v2\/categories?post=90373"},{"taxonomy":"post_tag","embeddable":true,"href":"https:\/\/linitiative.ca\/International\/wp-json\/wp\/v2\/tags?post=90373"}],"curies":[{"name":"wp","href":"https:\/\/api.w.org\/{rel}","templated":true}]}}