{"id":90378,"date":"2020-06-28T10:02:16","date_gmt":"2020-06-28T14:02:16","guid":{"rendered":"https:\/\/linitiative.ca\/International\/cameroun-38-enfants-sortent-de-la-rue\/"},"modified":"2020-06-28T10:02:16","modified_gmt":"2020-06-28T14:02:16","slug":"cameroun-38-enfants-sortent-de-la-rue","status":"publish","type":"post","link":"https:\/\/linitiative.ca\/International\/cameroun-38-enfants-sortent-de-la-rue\/","title":{"rendered":"Cameroun : 38 enfants sortent de la rue"},"content":{"rendered":"<div readability=\"32\">\n<p>Publi\u00e9 le 28.06.2020 \u00e0 15h02 par Journalducameroun.com<\/p>\n<\/div>\n<div readability=\"57\">\n<h2 class=\"c6\">Ils ont suivi des formations gratuites en vue de leur r\u00e9insertion sociale. Ils font partie d\u2019un projet de resocialisation de 150 enfants de la rue men\u00e9 par le gouvernement.<\/h2>\n<p class=\"c7\">Ce lundi 29 juin, la ministre des Affaires sociales va personnellement conduire 38 enfants \u00e0 l\u2019<strong>Institution camerounaise de l\u2019enfance de Betamba<\/strong>, dans le d\u00e9partement du Mbam et Kim, r\u00e9gion du Centre du Cameroun.<\/p>\n<p class=\"c7\">Ces enfants vont suivre une r\u00e9\u00e9ducation dans ce centre sp\u00e9cialis\u00e9 \u2013 r\u00e9nov\u00e9 par les bons soins du G\u00e9nie militaire \u2013 \u00a0apr\u00e8s avoir \u00e9t\u00e9 extrait des rues de Yaound\u00e9.<\/p>\n<p class=\"c7\">Avant cela, la trentaine d\u2019enfants a \u00e9t\u00e9 plac\u00e9 en observation dans des centres d\u2019\u00e9coute et de transit de la capitale Yaound\u00e9.<\/p>\n<p class=\"c7\">Dans ces centres, notamment celui d\u2019Elig-Essono, les enfants ont observ\u00e9 une p\u00e9riode de probation au cours de laquelle ils ont \u00e9t\u00e9 form\u00e9 \u00e0 l\u2019hygi\u00e8ne corporelle, vestimentaire et environnementale\u00a0; \u00a0ils ont suivi counselling \u00a0et d\u00e9conditionnement, prise en charge sanitaire et aide \u00e0 la formulation de projets.<\/p>\n<p class=\"c7\">Le placement de ces enfants \u00e0 l\u2019Institution de l\u2019enfance de Betamba fait partie d\u2019un projet pilote de resocialisation de <strong>150 enfants de la rue<\/strong> \u00e0 Yaound\u00e9 men\u00e9 depuis le 1<sup>er<\/sup> avril 2020 par le minist\u00e8re des Affaires sociales.<\/p>\n<\/div>\n<p>Auteur: Ludovic Amara<br \/>\n<a href=\"https:\/\/www.journalducameroun.com\/cameroun-38-enfants-sortent-de-la-rue-cameroun\/\">Cliquez ici pour lire l&rsquo;article depuis sa source.<\/a><\/p>\n","protected":false},"excerpt":{"rendered":"<p>Publi\u00e9 le 28.06.2020 \u00e0 15h02 par Journalducameroun.com Ils ont suivi des formations gratuites en vue de leur r\u00e9insertion sociale. Ils font partie d\u2019un projet de resocialisation de 150 enfants de la rue men\u00e9 par le gouvernement. Ce lundi 29 juin, la ministre des Affaires sociales va personnellement conduire 38 enfants \u00e0 l\u2019Institution camerounaise de l\u2019enfance [&hellip;]<\/p>\n","protected":false},"author":1965,"featured_media":0,"comment_status":"closed","ping_status":"closed","sticky":false,"template":"","format":"standard","meta":{"fifu_image_url":"","fifu_image_alt":"","footnotes":""},"categories":[73,82],"tags":[],"class_list":["post-90378","post","type-post","status-publish","format-standard","hentry","category-actualite","category-cameroun"],"_links":{"self":[{"href":"https:\/\/linitiative.ca\/International\/wp-json\/wp\/v2\/posts\/90378","targetHints":{"allow":["GET"]}}],"collection":[{"href":"https:\/\/linitiative.ca\/International\/wp-json\/wp\/v2\/posts"}],"about":[{"href":"https:\/\/linitiative.ca\/International\/wp-json\/wp\/v2\/types\/post"}],"author":[{"embeddable":true,"href":"https:\/\/linitiative.ca\/International\/wp-json\/wp\/v2\/users\/1965"}],"replies":[{"embeddable":true,"href":"https:\/\/linitiative.ca\/International\/wp-json\/wp\/v2\/comments?post=90378"}],"version-history":[{"count":0,"href":"https:\/\/linitiative.ca\/International\/wp-json\/wp\/v2\/posts\/90378\/revisions"}],"wp:attachment":[{"href":"https:\/\/linitiative.ca\/International\/wp-json\/wp\/v2\/media?parent=90378"}],"wp:term":[{"taxonomy":"category","embeddable":true,"href":"https:\/\/linitiative.ca\/International\/wp-json\/wp\/v2\/categories?post=90378"},{"taxonomy":"post_tag","embeddable":true,"href":"https:\/\/linitiative.ca\/International\/wp-json\/wp\/v2\/tags?post=90378"}],"curies":[{"name":"wp","href":"https:\/\/api.w.org\/{rel}","templated":true}]}}