{"id":90379,"date":"2020-06-27T17:58:54","date_gmt":"2020-06-27T21:58:54","guid":{"rendered":"https:\/\/linitiative.ca\/International\/au-commencement-etait-mohamed-ali\/"},"modified":"2020-06-27T17:58:54","modified_gmt":"2020-06-27T21:58:54","slug":"au-commencement-etait-mohamed-ali","status":"publish","type":"post","link":"https:\/\/linitiative.ca\/International\/au-commencement-etait-mohamed-ali\/","title":{"rendered":"Au commencement \u00e9tait Mohamed Ali"},"content":{"rendered":"<p><strong>&gt; De la condamnation \u00e0 la cons\u00e9cration<\/strong><\/p>\n<div class=\"c10\"\/>\n<p>Boxeur, \u00e9l\u00e9gant d\u2019allure et au visage \u00e9tincelant de jeunesse insolente et beau \u00e0 damner les foules, il \u00e9tait impitoyable sur le ring. Il hurlait \u00e0 la face de ses adversaires qui avaient eu le tort de ne pas voir le feu qui le consumait. Un feu, simple flamme \u00e0 son \u00e9poque, les ann\u00e9es soixante et qui aujourd\u2019hui embrase le monde \u00e0 la vitesse d\u2019un incendie inexorable.\u00a0<\/p>\n<p><em>\u00abQuel est mon nom ?\u00bb \u00ab Comment as-tu os\u00e9 m\u2019appeler ?\u00bb \u00ab Je ne suis pas Cassius Clay .. c\u2019est un nom d\u2019esclave \u2026 Appelez-moi Mohamed Ali\u00bb<\/em>. Et tant que sur le ring, le malheureux adversaire ne daignait pas s\u2019ex\u00e9cuter, il\u00a0 le punissait au sens propre du terme, en le d\u00e9molissant, m\u00e9thodiquement, \u00e0 coups de poings, avec violence mais sans sauvagerie ainsi que l\u2019imposent les r\u00e8gles de ce sport que d\u2019aucuns appellent \u00ab le Noble Art \u00bb, la boxe \u00e9tant cette discipline sportive qui offre le paradoxe de se rouer mutuellement de coups en \u00e9clatant pommettes du visage, arcades sourcili\u00e8res et ensanglanter tout un corps, sans que cela ne scandalise le public persuad\u00e9 que ce \u00ab spectacle \u00bb est une \u0153uvre d\u2019art et non une bagarre de rue.\u00a0La boxe, Mohamed Ali, qui s\u2019appelait encore en 1964, Cassius Clay, va le porter \u00e0 son firmament. Il ne combat pas seulement, mais il danse sur le ring et chante ses propres louanges : <em>\u00abJe pique comme une abeille et vole comme un papillon \u00bb<\/em>, il s\u2019est lui-m\u00eame donn\u00e9 le surnom de the greatest, le plus grand, s\u00fbr de lui comme peut l\u2019\u00eatre un champion exceptionnel au bel \u00e2ge de 23 ans.\u00a0<\/p>\n<p>Il ne veut pas seulement \u00eatre le meilleur boxeur de tous les temps, mais \u2013 surtout \u2013 ne pas \u00eatre consid\u00e9r\u00e9 comme un autre \u00abn\u00e9gro \u00bb champion du monde des poids lourds et finir dans la mis\u00e8re, comme l\u2019incomparable Joe Louis idole des ann\u00e9es 50 et qui deviendra portier dans des h\u00f4tels casinos de Las Vegas.Tr\u00e8s t\u00f4t, le jeune Cassius n\u2019a pas voulu \u00eatre le \u00abjouet\u00bb consentant du syst\u00e8me qui g\u00e8re la boxe professionnelle. Son refus de porter un nom d\u2019esclave \u00ab Cassius Clay \u00bb lui donnera l\u2019occasion de se distinguer, comme jamais, avant lui ne s\u2019est distingu\u00e9 un champion sportif. Sa boxe exceptionnelle, son style qui le rendait intouchable sur un ring auraient pu suffire \u00e0 forger sa l\u00e9gende, mais lui en voulait plus, beaucoup plus \u2026D\u2019abord il va\u00a0 pulv\u00e9riser ses adversaires dont Sonny Liston abattu, en moins d\u2019une minute, au cours d\u2019un combat que toute la plan\u00e8te attendait car il allait consacrer la passation de pouvoirs entre le sortant \u00abSonny\u00bb et l\u2019arrivant \u00abClay \u00bb. Un Clay qui, comme on l\u2019a dit, allait vite montrer de quel bois il se chauffait, sauf que d\u00e9sormais, ayant conquis les titres et les rings, il comptait s\u2019attaquer \u00e0 <em>\u00abl\u2019Am\u00e9rique blanche et bien-pensante \u00bb<\/em>.\u00a0<\/p>\n<p>Ne se contentant pas de changer de nom, il refusa aussi de r\u00e9pondre \u00e0 l\u2019appel du service militaire, ce qui en pleine guerre du Vietnam, pouvait donner l\u2019occasion de le consid\u00e9rer comme d\u00e9serteur et tra\u00eetre \u00e0 la Patrie.\u00a0Mohamed Ali resta pourtant ma\u00eetre de sa communication, ne perdant aucune occasion d\u2019ass\u00e9ner \u00e0 tous ses accusateurs qu\u2019il n\u2019avait aucune intention d\u2019aller d\u00e9fendre des esclavagistes \u00ab Yankees \u00bb dans une guerre d\u2019invasion et d\u2019oppression contre un peuple \u00e0 qui, personnellement, il n\u2019avait rien \u00e0 reprocher. L\u2019Am\u00e9rique se vengea en le destituant de son titre de champion du monde et en le suspendant pour 3 ans d\u2019interdiction de rings. Ali passera \u00e0 la vitesse sup\u00e9rieure et son combat allait donner une dimension inou\u00efe \u00e0 la lutte contre le racisme. Embrassant la religion musulmane, promue aux USA par Elijah Mohamed, il devint le martyr des \u00abBlack Muslims\u00bb, alli\u00e9 naturel\u00a0 des \u00abBlack Panthers\u00bb, un mouvement qui entendait r\u00e9pondre aux racistes blancs, au coup par coup.<\/p>\n<p>En 1968 aux Jeux Olympiques de Mexico, le poing gant\u00e9 de noir de Carlos Smith, lev\u00e9 au ciel sur le podium des vainqueurs d\u2019une finale olympique, au moment de l\u2019hymne am\u00e9ricain entr\u00e9 dans la droite ligne du combat d\u00e9but\u00e9 cinq ans plus t\u00f4t par le boxeur Mohamed Ali. Cela eut un retentissement consid\u00e9rable, m\u00eame si \u00e0 l\u2019\u00e9poque on devait se contenter des seules infos \u00e0 la\u00a0 t\u00e9l\u00e9vision et les bulletins radios. On peut s\u2019interroger sur ce qu\u2019aurait \u00e9t\u00e9 le combat de Mohamed Ali, \u00e0 l\u2019\u00e8re de la communication tous azimuts du 21<sup>\u00e8me<\/sup> si\u00e8cle, avec les moyens donn\u00e9s par l\u2019Internet. Ce que devint Mohamed Ali, une fois sa suspension lev\u00e9e, est archi connu.\u00a0Combat d\u2019exhibition en 1971 \u00e0 Casablanca lors de la F\u00eate de la Jeunesse, titre mondial des poids lourds reconquis au Za\u00efre, en un combat mythique face \u00e0 Georges Foreman que Ali d\u00e9testait, car Foreman devenu champion olympique avait brandi un drapeau am\u00e9ricain. Sur le ring, Ali prit aussi des coups, il aura la m\u00e2choire cass\u00e9e par Ken Norton, et plus tard face au bulldozer Joe Frazier, il fut quasiment d\u00e9truit, refusant d\u2019abandonner face \u00e0 un rival plus jeune et donc plus puissant que lui. Joe Frazier dira devant les cam\u00e9ras : <em>\u00abJ\u2019ai bien ferm\u00e9 la gueule \u00e0 ce pr\u00e9tentieux, il aura du mal \u00e0 s\u2019en remettre\u00bb<\/em>. Ali ne s\u2019en remettra, effectivement, jamais.\u00a0 Ses probl\u00e8mes physiques aggrav\u00e9s par la maladie de Parkinson qui allaient diminuer sa fin de vie, peuvent \u00eatre imput\u00e9s \u00e0 ce combat contre Frazier. Mohamed Ali, \u00e9gal \u00e0 lui-m\u00eame, pr\u00e9f\u00e9rait dire : \u00ab <em>Allah m\u2019a puni, c\u2019est lui le Dieu tout puissant, le vrai et le seul tr\u00e8s grand. J\u2019ai trop dit au d\u00e9but de ma carri\u00e8re que j\u2019\u00e9tais le plus beau et le plus grand. C\u2019est une erreur, Dieu m\u2019a puni, je l\u2019accepte \u00bb<\/em>.<\/p>\n<p>Mort en 2016, Mohamed Ali en attendant d\u2019\u00eatre dans le Paradis d\u2019Allah, est pour l\u2019\u00e9ternit\u00e9 dans la m\u00e9moire de l\u2019Humanit\u00e9. L\u2019Am\u00e9rique lui a tout pardonn\u00e9, lui offrant m\u00eame d\u2019\u00eatre aux J.O de 1996 \u00e0 Atlanta, celui qui allumera la flamme olympique du stade. Un moment tr\u00e8s fort d\u2019une puissance \u00e9motionnelle consid\u00e9rable, car la vision de cet homme qui fut un immense champion, d\u00e9sormais secou\u00e9 de tremblement parkinsonien et muet \u00e0 jamais, rappelait, \u00e0 tous, les combats de Mohamed Ali. Et les USA ce soir-l\u00e0, s\u2019octroyaient le droit de partager avec lui la gloire de ses combats. C\u2019est ainsi que la Justice triomphe toujours, m\u00eame si, d\u00e9sormais, le pass\u00e9 raciste am\u00e9ricain resurgit de plus belle\u2026 \u00a0<\/p>\n<p>Mais ce n\u2019est que partie remise.<\/p>\n<p><strong>&gt; Ironie du sort<\/strong><\/p>\n<p>Tout le monde s\u2019indigne contre le racisme. On fustige les policiers et les gendarmes ; les juges, le public et les m\u00e9dias s\u2019enivrent de cette bien-pensance. Pourtant, il existe une attitude raciste qui n\u2019appara\u00eet \u00e0 personne. C\u2019est celui que supporte et ce qui est inflig\u00e9 \u00e0 la s\u00e9n\u00e9galaise porte-parole de Macron, Sibeth Ndiaye et qui est proprement scandaleux.\u00a0On ne lui \u00e9pargne rien, ni jeux de mots, ni insinuations, ni pr\u00e9jug\u00e9s. Que la dame, m\u00e8re de 3 enfants, reste encore debout face aux m\u00e9dias et \u00e0 cette averse de malveillances, tient proprement du miracle.\u00a0<\/p>\n<p><strong>&gt; Lekjaa en son jardin<\/strong><\/p>\n<div class=\"wp-block-image\"><img loading=\"lazy\" decoding=\"async\" src=\"https:\/\/www.challenge.ma\/wp-content\/uploads\/2020\/06\/Lakjaa.jpg\" alt=\"\" class=\"wp-image-146566\" width=\"325\" height=\"188\" srcset=\"https:\/\/www.challenge.ma\/wp-content\/uploads\/2020\/06\/Lakjaa.jpg 895w, https:\/\/www.challenge.ma\/wp-content\/uploads\/2020\/06\/Lakjaa-300x173.jpg 300w, https:\/\/www.challenge.ma\/wp-content\/uploads\/2020\/06\/Lakjaa-768x444.jpg 768w, https:\/\/www.challenge.ma\/wp-content\/uploads\/2020\/06\/Lakjaa-360x208.jpg 360w, https:\/\/www.challenge.ma\/wp-content\/uploads\/2020\/06\/Lakjaa-750x433.jpg 750w\" sizes=\"auto, (max-width: 325px) 100vw, 325px\"\/>Fouzi Lekjaa, Pr\u00e9sident de la FRMF.<\/div>\n<p>Le foot c\u2019est la f\u00eate. \u00c7a doit le rester et m\u00eame la f\u00e9d\u00e9ration\u00a0 de Lekjaa le promet, la f\u00eate doit devenir plus belle, plus fair-play, plus attractive, en un mot plus professionnelle. Qu\u2019on se le dise, et depuis mardi dernier, Fouzi Lekjaa et toute son \u00e9quipe le r\u00e9p\u00e8tent : <em>\u00ab On doit non seulement reprendre la Botola (ce sera fait au mois d\u2019Ao\u00fbt), mais aussi am\u00e9liorer le respect du jeu et des r\u00e8gles de transparence financi\u00e8re \u00bb<\/em>.\u00a0D\u00e9confinant le foot marocain en ces temps de pand\u00e9mie, la FRMF veut relancer la f\u00eate, mais ce ne sera pas \u00e0 n\u2019importe quel prix. Le sanitaire, le sportif et l\u2019\u00e9conomique, tout devrait \u00eatre nickel.\u00a0<em>\u00abOn va continuer, mais dans la rupture avec ce qui se faisait dans le pass\u00e9. Jusqu\u2019\u00e0 la reprise des comp\u00e9titions en Ao\u00fbt, on va relancer les entra\u00eenements dans les \u00e9quipes et surtout apurer tous les matchs retard. Une nouvelle vie commence<\/em>\u00bb. Fouzi Lekjaa en est s\u00fbr et veut le croire et il conclut : <em>\u00abC\u2019est l\u2019une des plus importantes \u00e9tapes du foot marocain\u00bb<\/em>.<\/p>\n<p>Cela annonce un \u00e9t\u00e9 brillant et br\u00fblant. Les feux de l\u2019\u00e9t\u00e9, leur chaleur et leur \u00e9nergie, vont-ils tout consumer ou seront-ils le lancement d\u2019un bel incendie salvateur ? Comme ailleurs on br\u00fble dans les for\u00eats les mauvaises pousses pour permettre \u00e0 cette m\u00eame for\u00eat de se r\u00e9g\u00e9n\u00e9rer.<\/p>\n<div class=\"vw-sticky-sidebar-wrapper vw-sticky-sidebar widget_text awac-wrapper widget_text awac widget custom_html-4 textwidget custom-html-widget\">\n<p class=\"has-background c12\"><span class=\"widget-title c11\">Tribune et D\u00e9bats<\/span><\/p>\n<p>La tribune qui vous parle d\u2019une actu, d\u2019un sujet qui fait d\u00e9bat, les traitent et les analysent. \u00c9conomistes et autres experts, patrons d\u2019entreprises, d\u00e9cideurs, acteurs de la soci\u00e9t\u00e9 civile, s\u2019y prononcent et contribuent \u00e0 sa grande richesse. Vous avez votre opinion, convergente ou diff\u00e9rente. Exprimez-la et mesurez-vous ainsi \u00e0 nos tribuns et d\u00e9batteurs.<\/p>\n<p>Envoyez vos analyses \u00e0 : <a href=\"\/cdn-cgi\/l\/email-protection#53303c3d2732302713303b323f3f363d34367d3e32\"><span class=\"__cf_email__\" data-cfemail=\"96f5f9f8e2f7f5e2d6f5fef7fafaf3f8f1f3b8fbf7\">[email\u00a0protected]<\/span><\/a>, en pr\u00e9cisant votre nom, votre pr\u00e9nom et votre m\u00e9tier.<\/p>\n<\/div>\n<p>Auteur: Najib Salmi<br \/>\n<a href=\"https:\/\/www.challenge.ma\/au-commencement-etait-mohamed-ali-146563\/\">Cliquez ici pour lire l&rsquo;article depuis sa source.<\/a><\/p>\n","protected":false},"excerpt":{"rendered":"<p>&gt; De la condamnation \u00e0 la cons\u00e9cration Boxeur, \u00e9l\u00e9gant d\u2019allure et au visage \u00e9tincelant de jeunesse insolente et beau \u00e0 damner les foules, il \u00e9tait impitoyable sur le ring. Il hurlait \u00e0 la face de ses adversaires qui avaient eu le tort de ne pas voir le feu qui le consumait. Un feu, simple flamme [&hellip;]<\/p>\n","protected":false},"author":1787,"featured_media":90384,"comment_status":"closed","ping_status":"closed","sticky":false,"template":"","format":"standard","meta":{"fifu_image_url":"","fifu_image_alt":"","footnotes":""},"categories":[78,54],"tags":[],"class_list":["post-90379","post","type-post","status-publish","format-standard","has-post-thumbnail","hentry","category-economie","category-maroc"],"_links":{"self":[{"href":"https:\/\/linitiative.ca\/International\/wp-json\/wp\/v2\/posts\/90379","targetHints":{"allow":["GET"]}}],"collection":[{"href":"https:\/\/linitiative.ca\/International\/wp-json\/wp\/v2\/posts"}],"about":[{"href":"https:\/\/linitiative.ca\/International\/wp-json\/wp\/v2\/types\/post"}],"author":[{"embeddable":true,"href":"https:\/\/linitiative.ca\/International\/wp-json\/wp\/v2\/users\/1787"}],"replies":[{"embeddable":true,"href":"https:\/\/linitiative.ca\/International\/wp-json\/wp\/v2\/comments?post=90379"}],"version-history":[{"count":0,"href":"https:\/\/linitiative.ca\/International\/wp-json\/wp\/v2\/posts\/90379\/revisions"}],"wp:featuredmedia":[{"embeddable":true,"href":"https:\/\/linitiative.ca\/International\/wp-json\/"}],"wp:attachment":[{"href":"https:\/\/linitiative.ca\/International\/wp-json\/wp\/v2\/media?parent=90379"}],"wp:term":[{"taxonomy":"category","embeddable":true,"href":"https:\/\/linitiative.ca\/International\/wp-json\/wp\/v2\/categories?post=90379"},{"taxonomy":"post_tag","embeddable":true,"href":"https:\/\/linitiative.ca\/International\/wp-json\/wp\/v2\/tags?post=90379"}],"curies":[{"name":"wp","href":"https:\/\/api.w.org\/{rel}","templated":true}]}}