{"id":90381,"date":"2020-06-28T11:17:03","date_gmt":"2020-06-28T15:17:03","guid":{"rendered":"https:\/\/linitiative.ca\/International\/seuls-les-tunisiens-coinces-en-libye-peuvent-rentrer-en-tunisie\/"},"modified":"2020-06-28T11:17:03","modified_gmt":"2020-06-28T15:17:03","slug":"seuls-les-tunisiens-coinces-en-libye-peuvent-rentrer-en-tunisie","status":"publish","type":"post","link":"https:\/\/linitiative.ca\/International\/seuls-les-tunisiens-coinces-en-libye-peuvent-rentrer-en-tunisie\/","title":{"rendered":"Seuls les tunisiens coinc\u00e9s en Libye peuvent rentrer en Tunisie"},"content":{"rendered":"<div class=\"post-cont-in left relative\">\n<p>Le passage frontalier de Dhehiba a connu, hier, \u00e0 l\u2019occasion de la r\u00e9ouverture des fronti\u00e8res, l\u2019entr\u00e9e d\u2019une seule famille tunisienne comptant trois membres.<\/p>\n<div class=\"code-block code-block-1 c3\"><ins class=\"adsbygoogle c2\" data-ad-layout=\"in-article\" data-ad-format=\"fluid\" data-ad-client=\"ca-pub-2102118777505746\" data-ad-slot=\"7301775417\"\/> <\/div>\n<p>Selon le protocole sanitaire adopt\u00e9 par les autorit\u00e9s tunisiennes \u00e0 partir d\u2019hier 27 juin et jusqu\u2019au 4 juillet, ne peuvent entrer en Tunisie, \u00e0 partir de la Libye, que les tunisiens qui sont coinc\u00e9s de l\u2019autre c\u00f4t\u00e9 des fronti\u00e8res.<\/p>\n<div class=\"swp_social_panel swp_horizontal_panel swp_flat_fresh swp_default_full_color swp_individual_full_color swp_other_full_color scale-100 scale-\" data-min-width=\"1100\" data-float-color=\"#ffffff\" data-float=\"bottom\" data-float-mobile=\"bottom\" data-transition=\"slide\">\n<div class=\"nc_tweetContainer swp_share_button total_shares total_sharesalt\"><span class=\"swp_count\">16 <span class=\"swp_label\">Partages<\/span><\/span><\/div>\n<\/div>\n<p><strong>Que se passe-t-il en Tunisie?<\/strong><br \/>Nous expliquons sur notre <a href=\"https:\/\/www.youtube.com\/channel\/UCRzypVq0B_yBad5eGrwBx0Q?sub_confirmation=1\" target=\"_blank\" rel=\"noopener noreferrer\">cha\u00eene YouTube<\/a> . <a href=\"https:\/\/www.youtube.com\/channel\/UCRzypVq0B_yBad5eGrwBx0Q?sub_confirmation=1\" target=\"_blank\" rel=\"noopener noreferrer\">Abonnez-vous!<\/a><\/p>\n<div class=\"mvp-org-wrap mvp-org-logo\" itemprop=\"publisher\" itemscope=\"\" itemtype=\"https:\/\/schema.org\/Organization\"><img decoding=\"async\" src=\"https:\/\/www.tunisienumerique.com\/wp-content\/uploads\/2017\/02\/logo_tunisie_numerique.png\"\/><\/div>\n<div class=\"mvp-related-posts left relative\">\n<h4 class=\"post-header\"><span class=\"post-header\">Lire aussi<\/span><\/h4>\n<\/div>\n<div id=\"article-ad\"><ins class=\"adsbygoogle c4\" data-ad-client=\"ca-pub-2102118777505746\" data-ad-slot=\"6513972734\" data-ad-format=\"auto\" data-full-width-responsive=\"true\"\/> <\/div>\n<\/div>\n<div id=\"post-sidebar-wrap\"><ins class=\"adsbygoogle c4\" data-ad-client=\"ca-pub-2102118777505746\" data-ad-slot=\"6168283410\" data-ad-format=\"auto\" data-full-width-responsive=\"true\"\/> <\/div>\n<p>Auteur: LM<br \/>\n<a href=\"https:\/\/www.tunisienumerique.com\/seuls-les-tunisiens-coinces-en-libye-peuvent-rentrer-en-tunisie\/\">Cliquez ici pour lire l&rsquo;article depuis sa source.<\/a><\/p>\n","protected":false},"excerpt":{"rendered":"<p>Le passage frontalier de Dhehiba a connu, hier, \u00e0 l\u2019occasion de la r\u00e9ouverture des fronti\u00e8res, l\u2019entr\u00e9e d\u2019une seule famille tunisienne comptant trois membres. Selon le protocole sanitaire adopt\u00e9 par les autorit\u00e9s tunisiennes \u00e0 partir d\u2019hier 27 juin et jusqu\u2019au 4 juillet, ne peuvent entrer en Tunisie, \u00e0 partir de la Libye, que les tunisiens qui [&hellip;]<\/p>\n","protected":false},"author":1789,"featured_media":90386,"comment_status":"closed","ping_status":"closed","sticky":false,"template":"","format":"standard","meta":{"fifu_image_url":"","fifu_image_alt":"","footnotes":""},"categories":[73,55],"tags":[],"class_list":["post-90381","post","type-post","status-publish","format-standard","has-post-thumbnail","hentry","category-actualite","category-tunisie"],"_links":{"self":[{"href":"https:\/\/linitiative.ca\/International\/wp-json\/wp\/v2\/posts\/90381","targetHints":{"allow":["GET"]}}],"collection":[{"href":"https:\/\/linitiative.ca\/International\/wp-json\/wp\/v2\/posts"}],"about":[{"href":"https:\/\/linitiative.ca\/International\/wp-json\/wp\/v2\/types\/post"}],"author":[{"embeddable":true,"href":"https:\/\/linitiative.ca\/International\/wp-json\/wp\/v2\/users\/1789"}],"replies":[{"embeddable":true,"href":"https:\/\/linitiative.ca\/International\/wp-json\/wp\/v2\/comments?post=90381"}],"version-history":[{"count":0,"href":"https:\/\/linitiative.ca\/International\/wp-json\/wp\/v2\/posts\/90381\/revisions"}],"wp:featuredmedia":[{"embeddable":true,"href":"https:\/\/linitiative.ca\/International\/wp-json\/"}],"wp:attachment":[{"href":"https:\/\/linitiative.ca\/International\/wp-json\/wp\/v2\/media?parent=90381"}],"wp:term":[{"taxonomy":"category","embeddable":true,"href":"https:\/\/linitiative.ca\/International\/wp-json\/wp\/v2\/categories?post=90381"},{"taxonomy":"post_tag","embeddable":true,"href":"https:\/\/linitiative.ca\/International\/wp-json\/wp\/v2\/tags?post=90381"}],"curies":[{"name":"wp","href":"https:\/\/api.w.org\/{rel}","templated":true}]}}