{"id":90383,"date":"2020-06-28T10:14:04","date_gmt":"2020-06-28T14:14:04","guid":{"rendered":"https:\/\/linitiative.ca\/International\/le-point-sur-la-pandemie-dans-le-monde\/"},"modified":"2020-06-28T10:14:04","modified_gmt":"2020-06-28T14:14:04","slug":"le-point-sur-la-pandemie-dans-le-monde","status":"publish","type":"post","link":"https:\/\/linitiative.ca\/International\/le-point-sur-la-pandemie-dans-le-monde\/","title":{"rendered":"Le point sur la pand\u00e9mie dans le monde"},"content":{"rendered":"<p class=\"p1 c3\"><span class=\"c2\">Nouveaux bilans, nouvelles mesures, faits marquants : un point sur les derni\u00e8res \u00e9volutions de la pand\u00e9mie de Covid-19 dans le monde.<\/span><\/p>\n<p class=\"p1 c3\"><span class=\"c2\">Le deuxi\u00e8me pays le plus peupl\u00e9 au monde (1,3 milliard d\u2019habitants) vient de d\u00e9passer le seuil des 500.000 cas de contaminations officiellement r\u00e9pertori\u00e9s et 15.685 morts.<\/span><\/p>\n<p class=\"p1 c3\"><span class=\"c2\">Les \u00e9pid\u00e9miologistes pensent que l\u2019\u00e9pid\u00e9mie n\u2019a pas encore atteint son pic. Alors que le pays est dans une phase de sortie de confinement, le virus circule de mani\u00e8re inqui\u00e9tante dans les villes tr\u00e8s dens\u00e9ment peupl\u00e9es.<\/span><\/p>\n<p class=\"p1 c3\"><span class=\"c2\">New Delhi pr\u00e9voit d\u2019atteindre \u00e0 elle seule les 500.000 cas d\u2019ici la fin juillet et a r\u00e9quisitionn\u00e9 wagons, h\u00f4tels et salles de f\u00eates pour d\u00e9sengorger les h\u00f4pitaux.<\/span><\/p>\n<p class=\"p1 c3\"><span class=\"c2\">La pand\u00e9mie a fait au moins 494.337 morts dans le monde, selon un bilan \u00e0 partir de sources officielles hier.<\/span><\/p>\n<p class=\"p1 c3\"><span class=\"c2\">Les \u00c9tats-Unis sont le pays le plus touch\u00e9, avec 125.039 d\u00e9c\u00e8s. Suivent le Br\u00e9sil avec 55.961 morts pour 1.274.974 cas, le Royaume-Uni avec 43.414 morts (309.360 cas), l\u2019Italie avec 34.708 morts (239.961 cas), et la France avec 29.778 morts (199.343 cas).<\/span><\/p>\n<p class=\"p1 c3\"><span class=\"c2\">Apr\u00e8s trois mois de fermeture des lignes commerciales, les premiers avions ont atterri en Tunisie (1.164 cas officiels de coronavirus dont 50 d\u00e9c\u00e8s).<\/span><\/p>\n<p class=\"p1 c3\"><span class=\"c2\">Seuls les voyageurs en provenance de pays consid\u00e9r\u00e9s comme s\u00fbrs &#8211; Allemagne, Chine ou Italie &#8211; peuvent arriver sans aucune condition.<\/span><\/p>\n<p class=\"p1 c3\"><span class=\"c2\">Ceux venant de pays comme la France, le Maroc et l\u2019Espagne, devront pr\u00e9senter un test PCR n\u00e9gatif fait moins de 72 heures avant le d\u00e9part.<\/span><\/p>\n<p class=\"p1 c3\"><span class=\"c2\">Les personnes dans les h\u00f4tels devront limiter leurs sorties \u00e0 des excursions en groupe encadr\u00e9. Les autres doivent s\u2019engager par \u00e9crit \u00e0 un auto-isolement de 14 jours \u00e0 leur lieu de r\u00e9sidence.<\/span><\/p>\n<p class=\"p1 c3\"><span class=\"c2\">Pour limiter la casse pour la g\u00e9n\u00e9ration coronavirus touch\u00e9e par le ch\u00f4mage, le Danemark cr\u00e9e 150 places pour son service militaire en plus des 5.000 actuellement budget\u00e9es.<\/span><\/p>\n<p class=\"p1 c3\"><span class=\"c2\">Le pr\u00e9sident am\u00e9ricain Donald Trump annule un week-end pr\u00e9vu dans son club de golf de Bedminster, dans le New Jersey, alors que le pays conna\u00eet un regain de cas.<\/span><\/p>\n<p class=\"p1 c3\"><span class=\"c2\">Le New Jersey, New York et le Connecticut imposent une quarantaine de 14 jours pour les personnes venant des Etats o\u00f9 les taux d\u2019infection sont en hausse (Texas, Californie, Floride ou Arizona, o\u00f9 Donald Trump est all\u00e9 mardi).Donald Trump affirme avoir voulu \u00abrester \u00e0 Washington pour (s)\u2019assurer que la loi et l\u2019ordre soient appliqu\u00e9s\u00bb, le pays \u00e9tant secou\u00e9 depuis plusieurs semaines par des manifestations anti-racistes. Le pr\u00e9sident argentin Alberto Fernandez va durcir les mesures de confinement \u00e0 Buenos Aires et dans sa p\u00e9riph\u00e9rie du 1er au 17 juillet, face \u00e0 l\u2019augmentation des cas. Selon lui, cette zone o\u00f9 vivent 14 millions de personnes \u00abcontamine le reste du pays\u00bb. Le confinement impos\u00e9 dans la capitale depuis le 20 mars avait \u00e9t\u00e9 progressivement assoupli, mais le nombre de contaminations continue d\u2019augmenter.<\/span><\/p>\n<p class=\"p1 c3\"><span class=\"c2\">Le P\u00e9rou, deuxi\u00e8me pays le plus touch\u00e9 d\u2019Am\u00e9rique latine (272.364 malades), d\u00e9confine mardi sa capitale Lima confin\u00e9e depuis mars.<\/span><\/p>\n<p class=\"p1 c3\"><span class=\"c2\">Selon le gouvernement, la pand\u00e9mie y est en phase \u00abdescendante\u00bb, m\u00eame si le pays continue de d\u00e9plorer plus de 100 d\u00e9c\u00e8s quotidiens, avec un total de 8.939 morts. La pand\u00e9mie a mis \u00e0 tr\u00e8s rude \u00e9preuve le syst\u00e8me hospitalier, avec 10.964 personnes actuellement hospitalis\u00e9es, et une p\u00e9nurie d\u2019\u00e9quipements m\u00e9dicaux et d\u2019oxyg\u00e8ne.<\/span><\/p>\n<p>Auteur: letemps1<br \/>\n<a href=\"http:\/\/www.letemps.com.tn\/article\/115218\/le-point-sur-la-pand%C3%A9mie-dans-le-monde\">Cliquez ici pour lire l&rsquo;article depuis sa source.<\/a><\/p>\n","protected":false},"excerpt":{"rendered":"<p>Nouveaux bilans, nouvelles mesures, faits marquants : un point sur les derni\u00e8res \u00e9volutions de la pand\u00e9mie de Covid-19 dans le monde. Le deuxi\u00e8me pays le plus peupl\u00e9 au monde (1,3 milliard d\u2019habitants) vient de d\u00e9passer le seuil des 500.000 cas de contaminations officiellement r\u00e9pertori\u00e9s et 15.685 morts. Les \u00e9pid\u00e9miologistes pensent que l\u2019\u00e9pid\u00e9mie n\u2019a pas encore [&hellip;]<\/p>\n","protected":false},"author":1773,"featured_media":0,"comment_status":"closed","ping_status":"closed","sticky":false,"template":"","format":"standard","meta":{"fifu_image_url":"","fifu_image_alt":"","footnotes":""},"categories":[73,55],"tags":[],"class_list":["post-90383","post","type-post","status-publish","format-standard","hentry","category-actualite","category-tunisie"],"_links":{"self":[{"href":"https:\/\/linitiative.ca\/International\/wp-json\/wp\/v2\/posts\/90383","targetHints":{"allow":["GET"]}}],"collection":[{"href":"https:\/\/linitiative.ca\/International\/wp-json\/wp\/v2\/posts"}],"about":[{"href":"https:\/\/linitiative.ca\/International\/wp-json\/wp\/v2\/types\/post"}],"author":[{"embeddable":true,"href":"https:\/\/linitiative.ca\/International\/wp-json\/wp\/v2\/users\/1773"}],"replies":[{"embeddable":true,"href":"https:\/\/linitiative.ca\/International\/wp-json\/wp\/v2\/comments?post=90383"}],"version-history":[{"count":0,"href":"https:\/\/linitiative.ca\/International\/wp-json\/wp\/v2\/posts\/90383\/revisions"}],"wp:attachment":[{"href":"https:\/\/linitiative.ca\/International\/wp-json\/wp\/v2\/media?parent=90383"}],"wp:term":[{"taxonomy":"category","embeddable":true,"href":"https:\/\/linitiative.ca\/International\/wp-json\/wp\/v2\/categories?post=90383"},{"taxonomy":"post_tag","embeddable":true,"href":"https:\/\/linitiative.ca\/International\/wp-json\/wp\/v2\/tags?post=90383"}],"curies":[{"name":"wp","href":"https:\/\/api.w.org\/{rel}","templated":true}]}}