{"id":90385,"date":"2020-06-27T17:55:40","date_gmt":"2020-06-27T21:55:40","guid":{"rendered":"https:\/\/linitiative.ca\/International\/les-joueurs-de-locs-reprennent-lentrainement\/"},"modified":"2020-06-27T17:55:40","modified_gmt":"2020-06-27T21:55:40","slug":"les-joueurs-de-locs-reprennent-lentrainement","status":"publish","type":"post","link":"https:\/\/linitiative.ca\/International\/les-joueurs-de-locs-reprennent-lentrainement\/","title":{"rendered":"Les joueurs de l\u2019OCS reprennent l\u2019entrainement"},"content":{"rendered":"<div readability=\"36\">\n<p>Safi \u2013 Les joueurs de l\u2019Olympique de Safi (OCS), section football ont repris samedi matin, les entra\u00eenements apr\u00e8s plus de trois mois d\u2019arr\u00eat en raison de la pand\u00e9mie du coronavirus (Covid-19).<\/p>\n<\/div>\n<div readability=\"86\">\n<p>La reprise a \u00e9t\u00e9 marqu\u00e9e par une s\u00e9ance d\u2019entrainement (footing) en pleine for\u00eat Sidi Msahel (environ 10 km de Safi), qui a dur\u00e9 environ une heure, a indiqu\u00e9 \u00e0 la MAP, l\u2019entra\u00eeneur des gardiens de but de l\u2019OCS, Zouheir Afifi.<\/p>\n<p>Cette s\u00e9ance a \u00e9t\u00e9 sous forme d\u2019entra\u00eenements individuels de cinq joueurs conform\u00e9ment au protocole de la F\u00e9d\u00e9ration Royale marocaine de football (FRMF), sous la supervision de l\u2019entra\u00eeneur adjoint et le pr\u00e9parateur physique de l\u2019\u00e9quipe, a-t-il soulign\u00e9.<\/p>\n<p>Le d\u00e9but des entra\u00eenements s\u2019est d\u00e9roul\u00e9 dans des conditions normales \u00e9tant donn\u00e9 que les joueurs s\u2019entra\u00eenaient individuellement lors de la p\u00e9riode du confinement, a-t-il relev\u00e9, faisant remarquer qu\u2019aucun des joueurs ne semble avoir pris du poids.<\/p>\n<p>En d\u00e9pit de cela, le staff technique et m\u00e9dical proc\u00e9dera par la suite, aux tests physiques des joueurs pour d\u00e9terminer o\u00f9 on est la condition physique de chaque joueur, a-t-il fait savoir.<\/p>\n<p>Les joueurs de l\u2019\u00e9quipe senior et le staff technique et administratif de l\u2019Olympique de Safi (OCS) section football, ont subi jeudi dernier, des tests de d\u00e9pistage du coronavirus (Covid-19) avant la reprise des entra\u00eenements.<\/p>\n<p>Tous les tests de d\u00e9pistage de la Covid-19 sont n\u00e9gatifs, indique le staff m\u00e9dical de l\u2019\u00e9quipe.<\/p>\n<p>La FRMF a autoris\u00e9 la reprise des entra\u00eenements des clubs du Championnat national D1 et D2 \u00e0 partir du jeudi 25 juin en deux \u00e9tapes.<\/p>\n<p>La premi\u00e8re phase sera consacr\u00e9e aux entra\u00eenements individuels de cinq joueurs sur un demi-terrain pendant 10 jours, alors que la 2\u00e8 \u00e9tape sera d\u00e9di\u00e9e aux entra\u00eenements collectifs pendant 20 jours.<\/p>\n<p>L\u2019OCS occupe actuellement la 13\u00e8 position \u00e0 la Botola Pro D1 avec 21 points (03 victoires, 12 nuls et 04 d\u00e9faites).<\/p>\n<p>L\u2019\u00e9quipe, qui a sign\u00e9 en mars dernier avec l\u2019entra\u00eeneur marocain, Abdelhadi Sektioui, jusqu\u2019\u00e0 la fin de la saison 2021-2022, compte un match retard contre le Raja de Casablanca (RCA) comptant pour la 20\u00e8me journ\u00e9e de la Botola Pro D1.<\/p>\n<\/div>\n<p>Auteur: Meriem IGASS<br \/>\n<a href=\"http:\/\/www.mapmarrakech.ma\/fr\/les-joueurs-de-locs-reprennent-lentrainement\/\">Cliquez ici pour lire l&rsquo;article depuis sa source.<\/a><\/p>\n","protected":false},"excerpt":{"rendered":"<p>Safi \u2013 Les joueurs de l\u2019Olympique de Safi (OCS), section football ont repris samedi matin, les entra\u00eenements apr\u00e8s plus de trois mois d\u2019arr\u00eat en raison de la pand\u00e9mie du coronavirus (Covid-19). La reprise a \u00e9t\u00e9 marqu\u00e9e par une s\u00e9ance d\u2019entrainement (footing) en pleine for\u00eat Sidi Msahel (environ 10 km de Safi), qui a dur\u00e9 environ [&hellip;]<\/p>\n","protected":false},"author":1788,"featured_media":0,"comment_status":"closed","ping_status":"closed","sticky":false,"template":"","format":"standard","meta":{"fifu_image_url":"","fifu_image_alt":"","footnotes":""},"categories":[54,76],"tags":[],"class_list":["post-90385","post","type-post","status-publish","format-standard","hentry","category-maroc","category-regions"],"_links":{"self":[{"href":"https:\/\/linitiative.ca\/International\/wp-json\/wp\/v2\/posts\/90385","targetHints":{"allow":["GET"]}}],"collection":[{"href":"https:\/\/linitiative.ca\/International\/wp-json\/wp\/v2\/posts"}],"about":[{"href":"https:\/\/linitiative.ca\/International\/wp-json\/wp\/v2\/types\/post"}],"author":[{"embeddable":true,"href":"https:\/\/linitiative.ca\/International\/wp-json\/wp\/v2\/users\/1788"}],"replies":[{"embeddable":true,"href":"https:\/\/linitiative.ca\/International\/wp-json\/wp\/v2\/comments?post=90385"}],"version-history":[{"count":0,"href":"https:\/\/linitiative.ca\/International\/wp-json\/wp\/v2\/posts\/90385\/revisions"}],"wp:attachment":[{"href":"https:\/\/linitiative.ca\/International\/wp-json\/wp\/v2\/media?parent=90385"}],"wp:term":[{"taxonomy":"category","embeddable":true,"href":"https:\/\/linitiative.ca\/International\/wp-json\/wp\/v2\/categories?post=90385"},{"taxonomy":"post_tag","embeddable":true,"href":"https:\/\/linitiative.ca\/International\/wp-json\/wp\/v2\/tags?post=90385"}],"curies":[{"name":"wp","href":"https:\/\/api.w.org\/{rel}","templated":true}]}}