{"id":90387,"date":"2020-06-28T05:45:26","date_gmt":"2020-06-28T09:45:26","guid":{"rendered":"https:\/\/linitiative.ca\/International\/coronavirus-109-nouveaux-cas-et-8-730-guerisons-au-total-dimanche-28-juin-a-10h00\/"},"modified":"2020-06-28T05:45:26","modified_gmt":"2020-06-28T09:45:26","slug":"coronavirus-109-nouveaux-cas-et-8-730-guerisons-au-total-dimanche-28-juin-a-10h00","status":"publish","type":"post","link":"https:\/\/linitiative.ca\/International\/coronavirus-109-nouveaux-cas-et-8-730-guerisons-au-total-dimanche-28-juin-a-10h00\/","title":{"rendered":"Coronavirus : 109 nouveaux cas et 8.730 gu\u00e9risons au total, dimanche 28 juin \u00e0 10H00"},"content":{"rendered":"<p><strong>Le Maroc a enregistr\u00e9, ce dimanche 28 juin \u00e0 10h00, 109 nouveaux cas de coronavirus, ce qui porte le bilan actuel \u00e0<\/strong> 11.986 <strong>cas depuis le d\u00e9but de la pand\u00e9mie. Le nombre de cas actifs est donc ce dimanche matin de 3.036 cas (+ 102 cas).\u00a0\u00a0\u00a0\u00a0\u00a0<\/strong><\/p>\n<div class=\"c10\"\/>\n<p>\u00a0Le minist\u00e8re de la Sant\u00e9 vient d\u2019annoncer 109 nouveaux cas de Coronavirus au Maroc, ce dimanche 28 juin \u00e0 10h00, ce qui porte le bilan actuel \u00e0 11.986 cas depuis le d\u00e9but de l\u2019\u00e9pid\u00e9mie. Le nombre de patients gu\u00e9ris atteint 8.730, soit 7 nouvelles r\u00e9missions, alors que les d\u00e9c\u00e8s s\u2019\u00e9tablissent toujours \u00e0 220.\u00a0 Par ailleurs, 639.944 tests ont \u00e9t\u00e9 effectu\u00e9s jusque-l\u00e0, dont 627.958 avaient un r\u00e9sultat n\u00e9gatif.<\/p>\n<p>Lire aussi|<a href=\"https:\/\/www.challenge.ma\/plans-dactions-anti-covid-au-maroc-ce-que-proposent-les-regions-146519\/\">Plans d\u2019actions anti-Covid au Maroc : ce que proposent les R\u00e9gions<\/a><\/p>\n<p>Casablanca-Settat totalise 3351 cas (+11) et reste la r\u00e9gion la plus touch\u00e9e, devant T\u00e9touan Al Hoceima (2124\/+46), Rabat-Sal\u00e9-K\u00e9nitra (1932\/+10), Marrakech-Safi (1903\/+19), F\u00e8s-Mekn\u00e8s (1202\/+6), Daraa-Tafilalet\u00a0 (586), La\u00e2youne-Sakia El Hamra (360\/+13), Oriental (201), Beni Mellal-Kh\u00e9nifra (151\/+1), Souss-Massa (91\/+1), Guelmim Oued Noun (76\/+5), et Dakhla-Oued Ed Dahab (11).<\/p>\n<p>Lire aussi|<a href=\"https:\/\/www.challenge.ma\/puissance-militaire-le-maroc-occupe-la-1ere-place-au-maghreb-146576\/\">Puissance militaire : Le Maroc occupe la 1\u00e8re place au Maghreb<\/a><\/p>\n<div class=\"vw-sticky-sidebar-wrapper vw-sticky-sidebar widget_text awac-wrapper widget_text awac widget custom_html-4 textwidget custom-html-widget\">\n<p class=\"has-background c12\"><span class=\"widget-title c11\">Tribune et D\u00e9bats<\/span><\/p>\n<p>La tribune qui vous parle d\u2019une actu, d\u2019un sujet qui fait d\u00e9bat, les traitent et les analysent. \u00c9conomistes et autres experts, patrons d\u2019entreprises, d\u00e9cideurs, acteurs de la soci\u00e9t\u00e9 civile, s\u2019y prononcent et contribuent \u00e0 sa grande richesse. Vous avez votre opinion, convergente ou diff\u00e9rente. Exprimez-la et mesurez-vous ainsi \u00e0 nos tribuns et d\u00e9batteurs.<\/p>\n<p>Envoyez vos analyses \u00e0 : <a href=\"\/cdn-cgi\/l\/email-protection#7e1d11100a1f1d0a3e1d161f12121b10191b50131f\"><span class=\"__cf_email__\" data-cfemail=\"e5868a8b91848691a5868d848989808b8280cb8884\">[email\u00a0protected]<\/span><\/a>, en pr\u00e9cisant votre nom, votre pr\u00e9nom et votre m\u00e9tier.<\/p>\n<\/div>\n<p>Auteur: Adama Sylla<br \/>\n<a href=\"https:\/\/www.challenge.ma\/coronavirus-109-nouveaux-cas-et-8-730-guerisons-au-total-dimanche-28-juin-a-10h00-146581\/\">Cliquez ici pour lire l&rsquo;article depuis sa source.<\/a><\/p>\n","protected":false},"excerpt":{"rendered":"<p>Le Maroc a enregistr\u00e9, ce dimanche 28 juin \u00e0 10h00, 109 nouveaux cas de coronavirus, ce qui porte le bilan actuel \u00e0 11.986 cas depuis le d\u00e9but de la pand\u00e9mie. Le nombre de cas actifs est donc ce dimanche matin de 3.036 cas (+ 102 cas).\u00a0\u00a0\u00a0\u00a0\u00a0 \u00a0Le minist\u00e8re de la Sant\u00e9 vient d\u2019annoncer 109 nouveaux [&hellip;]<\/p>\n","protected":false},"author":1787,"featured_media":0,"comment_status":"closed","ping_status":"closed","sticky":false,"template":"","format":"standard","meta":{"fifu_image_url":"","fifu_image_alt":"","footnotes":""},"categories":[78,54],"tags":[],"class_list":["post-90387","post","type-post","status-publish","format-standard","hentry","category-economie","category-maroc"],"_links":{"self":[{"href":"https:\/\/linitiative.ca\/International\/wp-json\/wp\/v2\/posts\/90387","targetHints":{"allow":["GET"]}}],"collection":[{"href":"https:\/\/linitiative.ca\/International\/wp-json\/wp\/v2\/posts"}],"about":[{"href":"https:\/\/linitiative.ca\/International\/wp-json\/wp\/v2\/types\/post"}],"author":[{"embeddable":true,"href":"https:\/\/linitiative.ca\/International\/wp-json\/wp\/v2\/users\/1787"}],"replies":[{"embeddable":true,"href":"https:\/\/linitiative.ca\/International\/wp-json\/wp\/v2\/comments?post=90387"}],"version-history":[{"count":0,"href":"https:\/\/linitiative.ca\/International\/wp-json\/wp\/v2\/posts\/90387\/revisions"}],"wp:attachment":[{"href":"https:\/\/linitiative.ca\/International\/wp-json\/wp\/v2\/media?parent=90387"}],"wp:term":[{"taxonomy":"category","embeddable":true,"href":"https:\/\/linitiative.ca\/International\/wp-json\/wp\/v2\/categories?post=90387"},{"taxonomy":"post_tag","embeddable":true,"href":"https:\/\/linitiative.ca\/International\/wp-json\/wp\/v2\/tags?post=90387"}],"curies":[{"name":"wp","href":"https:\/\/api.w.org\/{rel}","templated":true}]}}