{"id":90388,"date":"2020-06-28T10:15:33","date_gmt":"2020-06-28T14:15:33","guid":{"rendered":"https:\/\/linitiative.ca\/International\/15-ans-de-prison-pour-le-president-du-cab-abdessalem-saidani\/"},"modified":"2020-06-28T10:15:33","modified_gmt":"2020-06-28T14:15:33","slug":"15-ans-de-prison-pour-le-president-du-cab-abdessalem-saidani","status":"publish","type":"post","link":"https:\/\/linitiative.ca\/International\/15-ans-de-prison-pour-le-president-du-cab-abdessalem-saidani\/","title":{"rendered":"15 ans de prison pour le pr\u00e9sident du CAB Abdessalem Saidani !"},"content":{"rendered":"<p class=\"p1 c3\"><span class=\"c2\"><span class=\"Apple-converted-space\">\u00a0<\/span>Le pr\u00e9sident du CAB, Abdessalem Saidani, a \u00e9cop\u00e9 de 15 ans de prison dans des affaires de ch\u00e8ques sans provision, a d\u00e9clar\u00e9 ce vendredi 26 juin, son avocat Ahmed Kendara.<span class=\"Apple-converted-space\">\u00a0<\/span><\/span><\/p>\n<p class=\"p1 c3\"><span class=\"c2\">Et d&rsquo;ajouter que ses avocats ont fait appel des d\u00e9cisions de justice en question.<\/span><\/p>\n<p class=\"p1 c3\"><span class=\"c2\">Rappelons que Saidani se trouve actuellement en dehors du territoire tunisien. Il est <span class=\"Apple-converted-space\">\u00a0<\/span> depuis jeudi dernier en France.<\/span><\/p>\n<p class=\"p1 c3\"><span class=\"c2\">C\u2019est une preuve suppl\u00e9mentaire de la faillite de la politique du professionnalisme en Tunisie. Une politique intronis\u00e9e tr\u00e8s pr\u00e9matur\u00e9ment et sans la moindre \u00e9tude.<span class=\"Apple-converted-space\">\u00a0<\/span><\/span><\/p>\n<p class=\"p1 c3\"><span class=\"c2\">Aujourd\u2019hui, ce sont les responsables des clubs qui paient les frais<span class=\"Apple-converted-space\">\u00a0<\/span><\/span><\/p>\n<p class=\"p1 c3\"><span class=\"c2\">Pour assurer le quotidien de leurs clubs, certains responsables prennent le risque de signer des ch\u00e8ques sans provision, quitte \u00e0 jouer avec leur avenir et mettre celui de leurs proches en danger !<span class=\"Apple-converted-space\">\u00a0<\/span><\/span><\/p>\n<p class=\"p1 c3\"><span class=\"c2\">Il est temps de r\u00e9agir pour apporter les r\u00e9ajustements qui s\u2019imposent , au niveau<span class=\"Apple-converted-space\">\u00a0<\/span> des r\u00e9glementations<span class=\"Apple-converted-space\">\u00a0<\/span> tout en prenant <span class=\"Apple-converted-space\">\u00a0<\/span> en compte, notamment, les capacit\u00e9s financi\u00e8res r\u00e9elles des clubs.<\/span><\/p>\n<p class=\"p1 c3\"><span class=\"c2\">D\u00e9sormais, la balle est dans le camp de la tutelle et aussi de la FTF. Car, \u00e0 ce train, arrivera un jour o\u00f9 on n\u2019aura plus de responsables pour pr\u00e9sider les clubs.<\/span><\/p>\n<p class=\"p2 c4\"><strong><span class=\"c2\">R.B.A<span class=\"Apple-converted-space\">\u00a0<\/span><\/span><\/strong><\/p>\n<p>Auteur: letemps1<br \/>\n<a href=\"http:\/\/www.letemps.com.tn\/article\/115219\/15-ans-de-prison-pour-le-pr%C3%A9sident-du-cab-abdessalem-saidani\">Cliquez ici pour lire l&rsquo;article depuis sa source.<\/a><\/p>\n","protected":false},"excerpt":{"rendered":"<p>\u00a0Le pr\u00e9sident du CAB, Abdessalem Saidani, a \u00e9cop\u00e9 de 15 ans de prison dans des affaires de ch\u00e8ques sans provision, a d\u00e9clar\u00e9 ce vendredi 26 juin, son avocat Ahmed Kendara.\u00a0 Et d&rsquo;ajouter que ses avocats ont fait appel des d\u00e9cisions de justice en question. Rappelons que Saidani se trouve actuellement en dehors du territoire tunisien. [&hellip;]<\/p>\n","protected":false},"author":1773,"featured_media":0,"comment_status":"closed","ping_status":"closed","sticky":false,"template":"","format":"standard","meta":{"fifu_image_url":"","fifu_image_alt":"","footnotes":""},"categories":[73,55],"tags":[],"class_list":["post-90388","post","type-post","status-publish","format-standard","hentry","category-actualite","category-tunisie"],"_links":{"self":[{"href":"https:\/\/linitiative.ca\/International\/wp-json\/wp\/v2\/posts\/90388","targetHints":{"allow":["GET"]}}],"collection":[{"href":"https:\/\/linitiative.ca\/International\/wp-json\/wp\/v2\/posts"}],"about":[{"href":"https:\/\/linitiative.ca\/International\/wp-json\/wp\/v2\/types\/post"}],"author":[{"embeddable":true,"href":"https:\/\/linitiative.ca\/International\/wp-json\/wp\/v2\/users\/1773"}],"replies":[{"embeddable":true,"href":"https:\/\/linitiative.ca\/International\/wp-json\/wp\/v2\/comments?post=90388"}],"version-history":[{"count":0,"href":"https:\/\/linitiative.ca\/International\/wp-json\/wp\/v2\/posts\/90388\/revisions"}],"wp:attachment":[{"href":"https:\/\/linitiative.ca\/International\/wp-json\/wp\/v2\/media?parent=90388"}],"wp:term":[{"taxonomy":"category","embeddable":true,"href":"https:\/\/linitiative.ca\/International\/wp-json\/wp\/v2\/categories?post=90388"},{"taxonomy":"post_tag","embeddable":true,"href":"https:\/\/linitiative.ca\/International\/wp-json\/wp\/v2\/tags?post=90388"}],"curies":[{"name":"wp","href":"https:\/\/api.w.org\/{rel}","templated":true}]}}