{"id":90391,"date":"2020-06-27T18:28:55","date_gmt":"2020-06-27T22:28:55","guid":{"rendered":"https:\/\/linitiative.ca\/International\/244-nouveaux-cas-confirmes-et-67-guerisons-au-maroc-en-24h-2\/"},"modified":"2020-06-27T18:28:55","modified_gmt":"2020-06-27T22:28:55","slug":"244-nouveaux-cas-confirmes-et-67-guerisons-au-maroc-en-24h-2","status":"publish","type":"post","link":"https:\/\/linitiative.ca\/International\/244-nouveaux-cas-confirmes-et-67-guerisons-au-maroc-en-24h-2\/","title":{"rendered":"244 nouveaux cas confirm\u00e9s et 67 gu\u00e9risons au Maroc en 24H"},"content":{"rendered":"<div readability=\"34\">\n<p>Un total de 244 nouveaux cas d\u2019infection au coronavirus (Covid-19) et 67 gu\u00e9risons ont \u00e9t\u00e9 enregistr\u00e9s au Maroc au cours des derni\u00e8res 24H, a annonc\u00e9 samedi le minist\u00e8re de sant\u00e9.<\/p>\n<\/div>\n<div readability=\"95\">\n<p>Ce nouveau bilan porte \u00e0 11.877 le nombre de contaminations dans le Royaume depuis le premier cas signal\u00e9 le 2 mars dernier et \u00e0 8.723 le nombre des personnes totalement r\u00e9tablies, soit un taux de gu\u00e9rison de 73,4%, a pr\u00e9cis\u00e9 Hind Ezzine, cheffe du service des maladies \u00e9pid\u00e9miques \u00e0 la Direction de l\u2019\u00e9pid\u00e9miologie relevant du minist\u00e8re de la sant\u00e9.<\/p>\n<p>Le nombre des d\u00e9c\u00e8s s\u2019\u00e9l\u00e8ve \u00e0 220, apr\u00e8s l\u2019annonce de deux nouveaux morts au cours des derni\u00e8res 24 heures, a-t-elle ajout\u00e9, faisant savoir que le taux de l\u00e9talit\u00e9 a atteint 1,9%.<\/p>\n<p>Les nouveaux cas sont r\u00e9partis entre les r\u00e9gions de Casablanca-Settat, avec 75 nouvelles contaminations (25 \u00e0 Sidi Barnoussi, 30 \u00e0 El Jadida, 16 \u00e0 Casa et 4 \u00e0 Berrchid), de Marrakech-Safi (22 cas \u00e0 Marrakech), de Tanger-T\u00e9touan-Al Hoceima (52: 10 \u00e0 Tanger, 34 \u00e0 Fahs Anjra et 8 \u00e0 T\u00e9touan), de F\u00e8s-Mekn\u00e8s (23 \u00e0 F\u00e8s), de Rabat-Sal\u00e9-K\u00e9nitra (5: 3 \u00e0 K\u00e9nitra, 2 \u00e0 Sidi Kacem), de Laayoune-Sakia El Hamra (62: 61 \u00e0 Laayoune et 1 \u00e0 Tarfaya), de B\u00e9ni Mellal-Kh\u00e9nifra (2 \u00e0 Fkih Bensaleh), de Guelmim-Oued Noun (1 \u00e0 Sidi Ifni) et de Dkhala-Oued Eddahab (2), a-t-elle fait savoir.<\/p>\n<p>En revanche, les r\u00e9gions de l\u2019Oriental, de Souss-Massa et de Deraa-Tafilalet n\u2019ont enregistr\u00e9 aucun nouveau cas, rel\u00e8ve-t-elle.<\/p>\n<p>Elle a, \u00e9galement, not\u00e9 que 621.617 cas ont \u00e9t\u00e9 exclus suite \u00e0 des analyse laboratoire n\u00e9gatives, pr\u00e9cisant que le nombre des cas actifs s\u2019\u00e9l\u00e8ve actuellement \u00e0 2.934, dont 21 en \u00e9tat grave ou critique et repr\u00e9sentant des facteurs de risque (\u00e2ge et\/ou maladie chronique).<\/p>\n<p>Le suivi des sujets contacts a concern\u00e9 64.191 personnes, dont 9.199 sont toujours plac\u00e9es sous surveillance, a-t-elle encore soulign\u00e9.<\/p>\n<p>La responsable a appel\u00e9 \u00e0 plus de respect des mesures de pr\u00e9vention individuelles et collectives et \u00e0 l\u2019int\u00e9rieur des milieux professionnels, rappelant \u00e0 cet effet les mesures pr\u00e9ventives, notamment la salubrit\u00e9 publique, le lavage constant des mains, la distanciation sociale, les gestes barri\u00e8res, le port correct du masque de protection, ainsi que le t\u00e9l\u00e9chargement de l\u2019application \u00ab\u00a0wiqaytna\u00a0\u00bb et son utilisation \u00e0 bon escient.<\/p>\n<\/div>\n<p>Auteur: Meriem IGASS<br \/>\n<a href=\"http:\/\/www.mapmarrakech.ma\/fr\/244-nouveaux-cas-confirmes-et-67-guerisons-au-maroc-en-24h\/\">Cliquez ici pour lire l&rsquo;article depuis sa source.<\/a><\/p>\n","protected":false},"excerpt":{"rendered":"<p>Un total de 244 nouveaux cas d\u2019infection au coronavirus (Covid-19) et 67 gu\u00e9risons ont \u00e9t\u00e9 enregistr\u00e9s au Maroc au cours des derni\u00e8res 24H, a annonc\u00e9 samedi le minist\u00e8re de sant\u00e9. Ce nouveau bilan porte \u00e0 11.877 le nombre de contaminations dans le Royaume depuis le premier cas signal\u00e9 le 2 mars dernier et \u00e0 8.723 [&hellip;]<\/p>\n","protected":false},"author":1788,"featured_media":0,"comment_status":"closed","ping_status":"closed","sticky":false,"template":"","format":"standard","meta":{"fifu_image_url":"","fifu_image_alt":"","footnotes":""},"categories":[54,76],"tags":[],"class_list":["post-90391","post","type-post","status-publish","format-standard","hentry","category-maroc","category-regions"],"_links":{"self":[{"href":"https:\/\/linitiative.ca\/International\/wp-json\/wp\/v2\/posts\/90391","targetHints":{"allow":["GET"]}}],"collection":[{"href":"https:\/\/linitiative.ca\/International\/wp-json\/wp\/v2\/posts"}],"about":[{"href":"https:\/\/linitiative.ca\/International\/wp-json\/wp\/v2\/types\/post"}],"author":[{"embeddable":true,"href":"https:\/\/linitiative.ca\/International\/wp-json\/wp\/v2\/users\/1788"}],"replies":[{"embeddable":true,"href":"https:\/\/linitiative.ca\/International\/wp-json\/wp\/v2\/comments?post=90391"}],"version-history":[{"count":0,"href":"https:\/\/linitiative.ca\/International\/wp-json\/wp\/v2\/posts\/90391\/revisions"}],"wp:attachment":[{"href":"https:\/\/linitiative.ca\/International\/wp-json\/wp\/v2\/media?parent=90391"}],"wp:term":[{"taxonomy":"category","embeddable":true,"href":"https:\/\/linitiative.ca\/International\/wp-json\/wp\/v2\/categories?post=90391"},{"taxonomy":"post_tag","embeddable":true,"href":"https:\/\/linitiative.ca\/International\/wp-json\/wp\/v2\/tags?post=90391"}],"curies":[{"name":"wp","href":"https:\/\/api.w.org\/{rel}","templated":true}]}}