{"id":90392,"date":"2020-06-28T10:17:08","date_gmt":"2020-06-28T14:17:08","guid":{"rendered":"https:\/\/linitiative.ca\/International\/veto-de-lesperance\/"},"modified":"2020-06-28T10:17:08","modified_gmt":"2020-06-28T14:17:08","slug":"veto-de-lesperance","status":"publish","type":"post","link":"https:\/\/linitiative.ca\/International\/veto-de-lesperance\/","title":{"rendered":"V\u00e9to de l\u2019Esp\u00e9rance !"},"content":{"rendered":"<p>EST : El Houni au Golfe ?<\/p>\n<footer class=\"submitted clearfix\">\n<p><span class=\"date-display-single\" property=\"dc:date\" datatype=\"xsd:dateTime\" content=\"2020-06-28T00:00:00+01:00\">Dimanche 28 Juin 2020<\/span><\/p>\n<\/footer>\n<div class=\"content clearfix\" readability=\"37.757033248082\"><span class=\"print-link\"><span class=\"print_html\"><a href=\"http:\/\/www.letemps.com.tn\/print\/115220\" title=\"Display a printer-friendly version of this page.\" class=\"print-page\" onclick=\"window.open(this.href); return false\" rel=\"nofollow\"><img decoding=\"async\" class=\"print-icon\" typeof=\"foaf:Image\" src=\"http:\/\/www.letemps.com.tn\/sites\/all\/modules\/print\/icons\/print_icon.gif\" alt=\"\u0646\u0633\u062e\u0629 \u0644\u0644\u0637\u0628\u0627\u0639\u0629\" title=\"\u0646\u0633\u062e\u0629 \u0644\u0644\u0637\u0628\u0627\u0639\u0629\"\/><\/a><\/span><\/span><\/p>\n<div class=\"beacon9-social\">\n<p><iframe src=\"http:\/\/www.facebook.com\/plugins\/like.php?href=http%3A%2F%2Fwww.letemps.com.tn%2Farticle%2F115220%2Fv%25C3%25A9to-de-l%25E2%2580%2599esp%25C3%25A9rance&amp;layout=button_count&amp;show_faces=false&amp;action=like&amp;font=arial&amp;colorscheme=light\" scrolling=\"no\" frameborder=\"0\" class=\"c1\" allowtransparency=\"true\">[embedded content]<\/iframe><\/p>\n<\/div>\n<div class=\"field field-name-field-op-main-image field-type-image field-label-hidden field-items field-item even\"><img loading=\"lazy\" decoding=\"async\" typeof=\"foaf:Image\" src=\"http:\/\/www.letemps.com.tn\/sites\/www.letemps.com.tn\/files\/styles\/620px_wide\/public\/main\/articles\/p14 n1_0.jpg\" width=\"675\" height=\"1013\" alt=\"\"\/><\/div>\n<div class=\"field field-name-body field-type-text-with-summary field-label-hidden field-items field-item even\" readability=\"46\">\n<p class=\"p1 c3\"><span class=\"c2\"><strong>Hamdou El Houni devrait rester \u00e0 l\u2019Esp\u00e9rance Sportive de Tunis la saison prochaine.<span class=\"Apple-converted-space\">\u00a0<\/span><\/strong><\/span><\/p>\n<p class=\"p1 c3\"><span class=\"c2\"><strong>Le Bureau direcreur du club de Bab Souika, a refus\u00e9 une offre formul\u00e9e par un club du Golfe. Le milieu offensif libyen pourrait m\u00eame prolonger son contrat dans les prochaines semaines.<\/strong><\/span><\/p>\n<p class=\"p2 c4\">\u00a0<\/p>\n<p class=\"p3 c5\"><span class=\"c2\"><strong>Methnani en renfort ?<\/strong><\/span><\/p>\n<p class=\"p1 c3\"><span class=\"c2\"><strong>Mohamed Methnani ne va pas renouveler son contrat avec l\u2019Etoile Sportive du Sahel.<span class=\"Apple-converted-space\">\u00a0<\/span><\/strong><\/span><\/p>\n<p class=\"p1 c3\"><span class=\"c2\"><strong>La direction \u00e9toil\u00e9e a d\u00e9cid\u00e9 de se s\u00e9parer de plusieurs joueurs de l\u2019\u00e9quipe premi\u00e8re dont l\u2019ancien joueur d\u2019Al Jaish. Ce dernier pourrait retourner au Qatar ou rester en Tunisie.<\/strong><\/span><\/p>\n<p class=\"p1 c3\"><span class=\"c2\"><strong>D\u2019apr\u00e8s des sources concordantes, l\u2019Esp\u00e9rance Sportive de Tunis serait int\u00e9ress\u00e9e par le milieu de terrain. En cas d\u2019accord, il d\u00e9barquera au Parc B durant le prochain mercato.<\/strong><\/span><\/p>\n<p class=\"p4 c6\"><span class=\"c2\"><strong>R.B.A<\/strong><\/span><\/p>\n<\/div>\n<\/div>\n<p>Auteur: letemps1<br \/>\n<a href=\"http:\/\/www.letemps.com.tn\/article\/115220\/v%C3%A9to-de-l%E2%80%99esp%C3%A9rance\">Cliquez ici pour lire l&rsquo;article depuis sa source.<\/a><\/p>\n","protected":false},"excerpt":{"rendered":"<p>EST : El Houni au Golfe ? Dimanche 28 Juin 2020 [embedded content] Hamdou El Houni devrait rester \u00e0 l\u2019Esp\u00e9rance Sportive de Tunis la saison prochaine.\u00a0 Le Bureau direcreur du club de Bab Souika, a refus\u00e9 une offre formul\u00e9e par un club du Golfe. Le milieu offensif libyen pourrait m\u00eame prolonger son contrat dans les [&hellip;]<\/p>\n","protected":false},"author":1773,"featured_media":90396,"comment_status":"closed","ping_status":"closed","sticky":false,"template":"","format":"standard","meta":{"fifu_image_url":"","fifu_image_alt":"","footnotes":""},"categories":[73,55],"tags":[],"class_list":["post-90392","post","type-post","status-publish","format-standard","has-post-thumbnail","hentry","category-actualite","category-tunisie"],"_links":{"self":[{"href":"https:\/\/linitiative.ca\/International\/wp-json\/wp\/v2\/posts\/90392","targetHints":{"allow":["GET"]}}],"collection":[{"href":"https:\/\/linitiative.ca\/International\/wp-json\/wp\/v2\/posts"}],"about":[{"href":"https:\/\/linitiative.ca\/International\/wp-json\/wp\/v2\/types\/post"}],"author":[{"embeddable":true,"href":"https:\/\/linitiative.ca\/International\/wp-json\/wp\/v2\/users\/1773"}],"replies":[{"embeddable":true,"href":"https:\/\/linitiative.ca\/International\/wp-json\/wp\/v2\/comments?post=90392"}],"version-history":[{"count":0,"href":"https:\/\/linitiative.ca\/International\/wp-json\/wp\/v2\/posts\/90392\/revisions"}],"wp:featuredmedia":[{"embeddable":true,"href":"https:\/\/linitiative.ca\/International\/wp-json\/"}],"wp:attachment":[{"href":"https:\/\/linitiative.ca\/International\/wp-json\/wp\/v2\/media?parent=90392"}],"wp:term":[{"taxonomy":"category","embeddable":true,"href":"https:\/\/linitiative.ca\/International\/wp-json\/wp\/v2\/categories?post=90392"},{"taxonomy":"post_tag","embeddable":true,"href":"https:\/\/linitiative.ca\/International\/wp-json\/wp\/v2\/tags?post=90392"}],"curies":[{"name":"wp","href":"https:\/\/api.w.org\/{rel}","templated":true}]}}