{"id":90401,"date":"2020-06-28T08:30:53","date_gmt":"2020-06-28T12:30:53","guid":{"rendered":"https:\/\/linitiative.ca\/International\/coronavirus-faut-il-sinquieter-de-la-multiplication-des-clusters-au-maroc\/"},"modified":"2020-06-28T08:30:53","modified_gmt":"2020-06-28T12:30:53","slug":"coronavirus-faut-il-sinquieter-de-la-multiplication-des-clusters-au-maroc","status":"publish","type":"post","link":"https:\/\/linitiative.ca\/International\/coronavirus-faut-il-sinquieter-de-la-multiplication-des-clusters-au-maroc\/","title":{"rendered":"Coronavirus : faut-il s\u2019inqui\u00e9ter de la multiplication des clusters au Maroc ?"},"content":{"rendered":"<p><strong>M\u00eame si le Maroc acc\u00e9l\u00e8re son d\u00e9confinement, le coronavirus n\u2019a pas encore disparu. Depuis quelques jours, plusieurs foyers de contamination ont \u00e9t\u00e9 recens\u00e9s. Est-ce vraiment inqui\u00e9tant ? Selon<\/strong> <strong>Pr Ja\u00e2far Heikel, \u00e9pid\u00e9miologiste et infectiologue, expert International et Directeur g\u00e9n\u00e9ral de la clinique de Vinci \u00e0 Casablanca, \u00ab\u00a0<em>la r\u00e9ponse est oui et non<\/em>\u00a0\u00bb. Explications.<\/strong><\/p>\n<div class=\"c10\"\/>\n<p>Voil\u00e0 quatre jours qu\u2019un vent de libert\u00e9 semble souffler sur le Maroc. D\u00e9confinement oblige, nombreux sont les Marocains \u00e0 avoir profit\u00e9 des gros rayons du soleil pour se retrouver les pieds dans l\u2019eau, quand d\u2019autres ont pr\u00e9f\u00e9r\u00e9 faire le pied de grue devant les enseignes de pr\u00eat-\u00e0-porter.\u00a0 Une libert\u00e9 retrouv\u00e9e qui ferait presque oublier qu\u2019il y a quelques jours encore, certains d\u00e9placements devaient \u00eatre calibr\u00e9 au kilom\u00e8tre pr\u00e8s. Et pourtant, le virus de la Covid-19 circule encore, en t\u00e9moignent les r\u00e9cents clusters identifi\u00e9s ici et l\u00e0. Mais faut-il vraiment s\u2019inqui\u00e9ter de voir fleurir au Maroc de nouveaux foyers de contamination ? Selon Pr Ja\u00e2far Heikel, \u00e9pid\u00e9miologiste et infectiologue, expert International et Directeur g\u00e9n\u00e9ral de la clinique de Vinci \u00e0 Casablanca, \u00ab\u00a0<em>en principe, il ne faut pas s\u2019inqui\u00e9ter de la r\u00e9surgence de cas positifs dans le cadre d\u2019une politique de d\u00e9pistage \u00e9largi<\/em>\u00a0\u00bb.\u00a0Selon lui, cela peut aussi t\u00e9moigner de l\u2019efficacit\u00e9 de la strat\u00e9gie contre l\u2019\u00e9pid\u00e9mie de coronavirus. En effet, dit-il, lorsque les pouvoirs publics ont enclench\u00e9 une premi\u00e8re strat\u00e9gie d\u2019all\u00e9gement du confinement, puis un d\u00e9confinement progressif avec le zoning en zone 1 et zone 2, ils ont pris une d\u00e9cision sage qu\u2019ils ont accompagn\u00e9e par un \u00e9largissement du d\u00e9pistage. \u00ab\u00a0<em>Il \u00e9tait important que la reprise \u00e9conomique, particuli\u00e8rement en milieu industriel et commercial, s\u2019accompagne de d\u00e9pistage des cas \u00e9ventuellement positifs afin de les isoler, les traiter,<\/em> et de s\u2019emparer des cas contacts<em>. Le pays est donc pass\u00e9 de quelques centaines voire quelques milliers de d\u00e9pistage \u00e0 20.000 d\u00e9pistages par jour. Il est \u00e9vident que nous allions avoir une hausse des nouveaux cas dans les clusters<\/em>\u00a0\u00bb, explique Pr Heikel qui d\u00e9finit un cluster comme la survenue d\u2019au moins 3 cas confirm\u00e9s ou probable, dans une p\u00e9riode de quelques jours, et qui partagent un espace de travail commun, une forme de promiscuit\u00e9, un certain nombre de r\u00e8gles d\u2019hygi\u00e8ne et de s\u00e9curit\u00e9 sanitaire\u2026 \u00ab\u00a0<em>Lorsque ces r\u00e8gles ne sont toujours pas optimales, cela favorise la propagation du virus. Et donc quand on rapporte ce nombre de nouveaux cas par rapport au nombre de d\u00e9pistage, le Maroc reste dans des proportions tr\u00e8s faibles, c\u2019est-\u00e0-dire inf\u00e9rieures \u00e0 environ 3% de positivit\u00e9<\/em>\u00a0\u00bb, affirme-t-il.<\/p>\n<p><strong>Lire aussi |<a href=\"https:\/\/www.challenge.ma\/le-maroc-a-la-veille-dun-tsunami-social-146242\/\">Le Maroc \u00e0 la veille d\u2019un tsunami social ?<\/a><\/strong><\/p>\n<p>C\u2019est dire si le nombre de clusters identifi\u00e9s depuis l\u2019all\u00e9gement du confinement, peut faire peur, il n\u2019y aurait pas de raison de s\u2019inqui\u00e9ter.\u00a0 La r\u00e9apparition de foyers \u00e9pid\u00e9miques est donc bon signe, puisque cela montre que le confinement a \u00e9t\u00e9 efficace. On s\u2019int\u00e9resse de nouveau \u00e0 des gens faiblement symptomatiques ou asymptomatiques, explique le Directeur g\u00e9n\u00e9ral de la clinique de Vinci \u00e0 Casablanca, qui avance deux raisons majeures. \u00ab\u00a0<em>95% des cas d\u00e9pist\u00e9s, voire 98 %, sont soit asymptomatiques, soit avec peu de sympt\u00f4mes, donc ne pr\u00e9sentant aucun danger du point de vue risque vital ou pronostic vital. Il s\u2019agit l\u00e0 d\u2019un point important.\u00a0 La deuxi\u00e8me raison principale est qu\u2019il est possible que ces personnes asymptomatiques ou peu symptomatiques transmettent le virus \u00e0 d\u2019autres personnes. Or, nous savons aujourd\u2019hui g\u00e9rer un cas positif. Tout ceci nous permet de dire qu\u2019il ne faut pas s\u2019inqui\u00e9ter de ces clusters\u00a0<\/em>\u00bb. Paradoxalement donc, la multiplication des clusters, qui t\u00e9moigne de la m\u00e9thode efficace du d\u00e9pistage \u00e9largi, pourrait permettre d\u2019\u00e9viter un reconfinement g\u00e9n\u00e9ral de la population, au profit d\u2019un reconfinement localis\u00e9 en cas de r\u00e9surgence trop importante du coronavirus. Hier samedi 27 juin, le minist\u00e8re de la Sant\u00e9 a \u00e9galement assur\u00e9 que la situation \u00e9pid\u00e9miologique de la Covid-19 au Maroc est ma\u00eetris\u00e9e et stable et que l\u2019augmentation r\u00e9cente du nombre de cas positifs est due \u00e0 l\u2019\u00e9largissement du d\u00e9pistage collectif pr\u00e9coce et actif r\u00e9alis\u00e9 pour contenir la pand\u00e9mie et freiner sa propagation. L\u2019\u00e9largissement du d\u00e9pistage s\u2019inscrit dans le cadre de l\u2019accompagnement et de la pr\u00e9paration \u00e0 l\u2019all\u00e8gement des mesures de confinement sanitaire, explique le minist\u00e8re dans un communiqu\u00e9, pr\u00e9cisant que la situation \u00e9pid\u00e9miologique dans le Royaume reste ma\u00eetris\u00e9e et stable, compte tenu du nombre r\u00e9duit des cas critiques et du tr\u00e8s faible taux de l\u00e9talit\u00e9.\u00a0 Selon le minist\u00e8re, 98% des malades sont asymptomatiques, mais demeurent toutefois transmetteurs du virus, ce qui n\u00e9cessite leur prise en charge pour prot\u00e9ger les personnes fragiles et le respect strict des mesures pr\u00e9ventives recommand\u00e9es par les autorit\u00e9s sanitaires.\u00a0<\/p>\n<p><strong>Lire aussi | <a href=\"https:\/\/www.challenge.ma\/tests-du-covid19-le-maroc-entre-au-top-40-mondial-145835\/\">Tests du Covid-19 : le Maroc entre au top 40 mondial<\/a><\/strong><\/p>\n<p>Mais pour Pr Ja\u00e2far Heikel, \u00e9galement, tout n\u2019est pas gagn\u00e9 d\u2019avance et qu\u2019on pourrait m\u00eame s\u2019en inqui\u00e9ter. \u00ab\u00a0<em>Un \u00e9l\u00e9ment me permet aussi de dire\u00a0: attention, soyons vigilant\u00a0! Certes, il n\u2019y a rien que nous ne sachions d\u00e9j\u00e0 sur ces clusters mais le risque existe. Il s\u2019agit tout simplement de l\u2019\u00e9ventuel d\u00e9bordement des structures hospitali\u00e8res, notamment les h\u00f4pitaux publics ou les endroits des regroupements comme par exemple ceux des sites de Benslimane et de Benguerir. Jusque-l\u00e0, en effet, la strat\u00e9gie des pouvoirs publics est d\u2019hospitaliser syst\u00e9matiquement toute personne qu\u2019elle soit symptomatique ou asymptomatique. Et cela peut \u00eatre inqui\u00e9tant d\u2019autant plus que l\u2019Etat a ouvert diff\u00e9rents h\u00f4pitaux pour s\u2019occuper des autres malades, de la sant\u00e9 de la m\u00e8re et de l\u2019enfant, de la vaccination des enfants, des malades chroniques, des sujets \u00e2g\u00e9es\u2026 Et si de nouveau, les h\u00f4pitaux sont d\u00e9bord\u00e9s, cela va \u00eatre difficile \u00e0 g\u00e9rer<\/em>\u00a0\u00bb, justifie-t-il. En effet, selon ce dernier, le secteur priv\u00e9 participait, ce qui n\u2019est plus le cas depuis la fin de la p\u00e9riode de Covid. \u00ab\u00a0<em>Qu\u2019est ce qui va se passer par rapport au secteur priv\u00e9\u00a0? Va-t-il de nouveau participer ou non et dans quelle circonstance\u00a0? Comment ne pas \u00eatre d\u00e9bord\u00e9 par les cas positifs et en m\u00eame temps proposer une strat\u00e9gie de prise en charge des personnes qui sont asymptomatiques ou pr\u00e9sentant peu de sympt\u00f4mes dans ce nouveau contexte\u00a0?\u00a0<\/em>\u00bb, se demande l\u2019\u00e9pid\u00e9miologiste et infectiologue qui recommande de r\u00e9fl\u00e9chir s\u2019il n\u2019y a pas d\u2019alternatives de prise en charge, comme le suivi \u00e0 domicile s\u2019il y a une garantie d\u2019isolement par exemple ou les unit\u00e9s d\u2019isolement (en cas de non garantie d\u2019isolement) publics ou priv\u00e9s dans le cadre d\u2019un partenariat public-priv\u00e9.<\/p>\n<p><strong>Lire aussi |<a href=\"https:\/\/www.challenge.ma\/plans-dactions-anti-covid-au-maroc-ce-que-proposent-les-regions-146519\/\">Plans d\u2019actions anti-Covid au Maroc : ce que proposent les R\u00e9gions<\/a><\/strong><\/p>\n<div class=\"vw-sticky-sidebar-wrapper vw-sticky-sidebar widget_text awac-wrapper widget_text awac widget custom_html-4 textwidget custom-html-widget\">\n<p class=\"has-background c12\"><span class=\"widget-title c11\">Tribune et D\u00e9bats<\/span><\/p>\n<p>La tribune qui vous parle d\u2019une actu, d\u2019un sujet qui fait d\u00e9bat, les traitent et les analysent. \u00c9conomistes et autres experts, patrons d\u2019entreprises, d\u00e9cideurs, acteurs de la soci\u00e9t\u00e9 civile, s\u2019y prononcent et contribuent \u00e0 sa grande richesse. Vous avez votre opinion, convergente ou diff\u00e9rente. Exprimez-la et mesurez-vous ainsi \u00e0 nos tribuns et d\u00e9batteurs.<\/p>\n<p>Envoyez vos analyses \u00e0 : <a href=\"\/cdn-cgi\/l\/email-protection#c7a4a8a9b3a6a4b387a4afa6ababa2a9a0a2e9aaa6\"><span class=\"__cf_email__\" data-cfemail=\"6a0905041e0b091e2a09020b06060f040d0f44070b\">[email\u00a0protected]<\/span><\/a>, en pr\u00e9cisant votre nom, votre pr\u00e9nom et votre m\u00e9tier.<\/p>\n<\/div>\n<p>Auteur: Adama Sylla<br \/>\n<a href=\"https:\/\/www.challenge.ma\/coronavirus-faut-il-sinquieter-de-la-multiplication-des-clusters-au-maroc-146593\/\">Cliquez ici pour lire l&rsquo;article depuis sa source.<\/a><\/p>\n","protected":false},"excerpt":{"rendered":"<p>M\u00eame si le Maroc acc\u00e9l\u00e8re son d\u00e9confinement, le coronavirus n\u2019a pas encore disparu. Depuis quelques jours, plusieurs foyers de contamination ont \u00e9t\u00e9 recens\u00e9s. Est-ce vraiment inqui\u00e9tant ? Selon Pr Ja\u00e2far Heikel, \u00e9pid\u00e9miologiste et infectiologue, expert International et Directeur g\u00e9n\u00e9ral de la clinique de Vinci \u00e0 Casablanca, \u00ab\u00a0la r\u00e9ponse est oui et non\u00a0\u00bb. Explications. Voil\u00e0 quatre [&hellip;]<\/p>\n","protected":false},"author":1787,"featured_media":0,"comment_status":"closed","ping_status":"closed","sticky":false,"template":"","format":"standard","meta":{"fifu_image_url":"","fifu_image_alt":"","footnotes":""},"categories":[78,54],"tags":[],"class_list":["post-90401","post","type-post","status-publish","format-standard","hentry","category-economie","category-maroc"],"_links":{"self":[{"href":"https:\/\/linitiative.ca\/International\/wp-json\/wp\/v2\/posts\/90401","targetHints":{"allow":["GET"]}}],"collection":[{"href":"https:\/\/linitiative.ca\/International\/wp-json\/wp\/v2\/posts"}],"about":[{"href":"https:\/\/linitiative.ca\/International\/wp-json\/wp\/v2\/types\/post"}],"author":[{"embeddable":true,"href":"https:\/\/linitiative.ca\/International\/wp-json\/wp\/v2\/users\/1787"}],"replies":[{"embeddable":true,"href":"https:\/\/linitiative.ca\/International\/wp-json\/wp\/v2\/comments?post=90401"}],"version-history":[{"count":0,"href":"https:\/\/linitiative.ca\/International\/wp-json\/wp\/v2\/posts\/90401\/revisions"}],"wp:attachment":[{"href":"https:\/\/linitiative.ca\/International\/wp-json\/wp\/v2\/media?parent=90401"}],"wp:term":[{"taxonomy":"category","embeddable":true,"href":"https:\/\/linitiative.ca\/International\/wp-json\/wp\/v2\/categories?post=90401"},{"taxonomy":"post_tag","embeddable":true,"href":"https:\/\/linitiative.ca\/International\/wp-json\/wp\/v2\/tags?post=90401"}],"curies":[{"name":"wp","href":"https:\/\/api.w.org\/{rel}","templated":true}]}}