{"id":90402,"date":"2020-06-28T12:00:42","date_gmt":"2020-06-28T16:00:42","guid":{"rendered":"https:\/\/linitiative.ca\/International\/salles-de-sports-reprise-apres-pres-plus-de-trois-mois-de-confinement\/"},"modified":"2020-06-28T12:00:42","modified_gmt":"2020-06-28T16:00:42","slug":"salles-de-sports-reprise-apres-pres-plus-de-trois-mois-de-confinement","status":"publish","type":"post","link":"https:\/\/linitiative.ca\/International\/salles-de-sports-reprise-apres-pres-plus-de-trois-mois-de-confinement\/","title":{"rendered":"Salles de sports: reprise apr\u00e8s pr\u00e8s plus de trois mois de confinement"},"content":{"rendered":"<p class=\"c2\"><strong>Karim Ben Amar<\/strong><\/p>\n<p class=\"has-text-color has-vivid-cyan-blue-color\"><strong>Voil\u00e0 plus de trois mois que l\u2019\u00e9tat d\u2019urgence sanitaire est entr\u00e9 en vigueur au Maroc. Depuis ce d\u00e9sormais c\u00e9l\u00e8bre vendredi 20 mars, tout comme une majorit\u00e9 de terriens, les Marocains ont \u00e9t\u00e9 appel\u00e9s \u00e0 rester confin\u00e9s chez eux, seul moyen efficace pour endiguer la Covid-19. Cette pand\u00e9mie qui a cr\u00e9\u00e9 bien des remous aux quatre coins du globe, a r\u00e9duit consid\u00e9rablement l\u2019activit\u00e9 \u00e9conomique. Pire encore, pour certains domaines, elle est tout bonnement \u00e0 l\u2019arr\u00eat \u00e0 l\u2019instar des salles de sports, ferm\u00e9s le 15 mars, apr\u00e8s une notification des autorit\u00e9s comp\u00e9tentes. Cette activit\u00e9 est donc l\u2019une des premi\u00e8res \u00e0 avoir subi les al\u00e9as de la pand\u00e9mie mondiale. Sans aucune rentr\u00e9e d\u2019argent depuis le d\u00e9but du confinement obligatoire, l\u2019activit\u00e9 conna\u00eet des jours sombres. \u00c0 cet effet, l\u2019\u00e9quipe d\u2019Al Bayane a contact\u00e9 Driss Chra\u00efbi, le porte-parole de l\u2019association des salles de sports au Maroc. Entre absence d\u2019activit\u00e9 en temps de pand\u00e9mie, fonte comme neige au soleil des b\u00e9n\u00e9fices en plus des am\u00e9nagements n\u00e9cessaires post-Covid, Driss Chra\u00efbi nous dit tout.<\/strong><\/p>\n<p>Apr\u00e8s plus de trois mois de confinement obligatoire, les r\u00e9percussions li\u00e9es \u00e0 la pand\u00e9mie du nouveau coronavirus se font ressentir de plus en plus. Cinq jours avant le d\u00e9but du confinement obligatoire, l\u2019activit\u00e9 des salles de sports est \u00e0 l\u2019arr\u00eat. Les professionnels du secteur n\u2019ont d\u2019autres choix que de prendre leur mal en patience, et esp\u00e9rer un retour \u00e0 la vie normale dans les plus prompts d\u00e9lais.<\/p>\n<p>Ayant \u00e9t\u00e9 contraint par les autorit\u00e9s de fermer boutique d\u00e8s le 15 mars \u00e0 18h afin d\u2019endiguer la propagation de la Covid-19, ils subissent aujourd\u2019hui une v\u00e9ritable descente aux enfers.<\/p>\n<p>\u00c0 cet effet, l\u2019\u00e9quipe d\u2019Al Bayane a contact\u00e9 le porte-parole de l\u2019association des salles de sports au Maroc, Driss Chra\u00efbi, qui a affirm\u00e9 que \u00abdepuis le 15 mars, cette activit\u00e9 est \u00e0 l\u2019arr\u00eat apr\u00e8s avoir re\u00e7u une notification des autorit\u00e9s comp\u00e9tentes. Depuis cette date, les clubs membres de l\u2019association dispensent des cours en ligne aux affili\u00e9s\u00bb.<\/p>\n<p>La situation financi\u00e8re des clubs n\u2019\u00e9chappe pas \u00e0 la mal\u00e9diction de la Covid-19. Des pertes abyssales sont \u00e0 relever. \u00ab Cela fait 3 mois que nous traversons une p\u00e9riode critique. Cette pand\u00e9mie a co\u00fbt\u00e9 aux salles de sports pas moins de deux ans de b\u00e9n\u00e9fices \u00bb. Et d\u2019ajouter \u00ab en plus de cela, les salles de sports n\u00e9cessitent des travaux afin d\u2019assurer la s\u00e9curit\u00e9 sanitaire des adh\u00e9rents\u00bb.<\/p>\n<p>Pour pouvoir surmonter les pertes et les investissements \u00e0 venir, Driss Chra\u00efbi souligne qu\u2019 \u00abil serait judicieux que le gouvernement marocain, \u00e0 l\u2019instar de gouvernements europ\u00e9ens, nous fasse \u00a0b\u00e9n\u00e9ficier d\u2019avantages fiscaux pour les deux ou trois ann\u00e9es \u00e0 venir. Pouvoir passer de 20 \u00e0 10% de TVA pourrait consid\u00e9rablement nous aider \u00e0 surmonter cette \u00e9preuve\u00bb.<\/p>\n<p>\u00abIl faut bien se le dire, au vu de la conjoncture actuelle, les salles de sports sont dans l\u2019incapacit\u00e9 d\u2019assurer la reprise\u00bb, poursuit-il.<\/p>\n<p>N\u00e9anmoins, les salles de sports qui adh\u00e9rent \u00e0 l\u2019association, respecterons et appliquerons les mesures de s\u00e9curit\u00e9 sanitaire. \u00abD\u00e8s le 25 juin, date de la r\u00e9ouverture, les normes d\u2019hygi\u00e8ne ont \u00e9t\u00e9 \u00e9galement prises en consid\u00e9ration. Tout d\u2019abord, les machines ont \u00e9t\u00e9 mises \u00e0 1 m\u00e8tre l\u2019une de l\u2019autre.<\/p>\n<p>De plus, pas moins de 4 m\u00e8tres d\u2019\u00e9loignement ont \u00e9t\u00e9 de mise entre les adh\u00e9rents. Ce qui permettra d\u2019\u00e9viter toute transmission. Aussi, du c\u00f4t\u00e9 des vestiaires, 1 casier sur 2 a \u00e9t\u00e9 pr\u00e9vu. Quant au gel antibact\u00e9rien, On a pris toutes les dispositions en ce sens au profit des adh\u00e9rents. Les employ\u00e9s quant \u00e0 eux, il devront porter le masque de protection durant toute la dur\u00e9e de leur service\u00bb, souligne-t-il.<\/p>\n<p>Un v\u00e9ritable syst\u00e8me de tra\u00e7abilit\u00e9 de l\u2019adh\u00e9rent est mise en place. \u00abGr\u00e2ce \u00e0 cette mesure, nous pouvons suivre l\u2019adh\u00e9rent d\u00e8s son entr\u00e9e jusqu\u2019\u00e0 sa sortie.<\/p>\n<p>Ainsi, en cas de contamination, nous pouvons savoir avec qui est-il entr\u00e9 en contact au sein de la salle. Bien que nous esp\u00e9rons que cela n\u2019arrive jamais, il est imp\u00e9ratif de prot\u00e9ger la vie de tous nos membres\u00bb, conclut Driss Chra\u00efbi. La reprise s\u2019av\u00e8re tr\u00e8s difficile pour ce secteur. Un all\u00e9gement des charges fiscales serait-il un moyen efficace pour pr\u00e9server cette activit\u00e9 ? D\u2019apr\u00e8s Driss Chra\u00efbi, pour un secteur qui emploie plus de 10.000 salari\u00e9s \u00e0 travers le royaume, et qui permet aux 100.000 adh\u00e9rents de garder la forme, c\u2019est un bon compromis.<\/p>\n<p>Auteur: M&rsquo;hammed rahal<br \/>\n<a href=\"http:\/\/albayane.press.ma\/salles-de-sports-reprise-apres-pres-plus-de-trois-mois-de-confinement.html\">Cliquez ici pour lire l&rsquo;article depuis sa source.<\/a><\/p>\n","protected":false},"excerpt":{"rendered":"<p>Karim Ben Amar Voil\u00e0 plus de trois mois que l\u2019\u00e9tat d\u2019urgence sanitaire est entr\u00e9 en vigueur au Maroc. Depuis ce d\u00e9sormais c\u00e9l\u00e8bre vendredi 20 mars, tout comme une majorit\u00e9 de terriens, les Marocains ont \u00e9t\u00e9 appel\u00e9s \u00e0 rester confin\u00e9s chez eux, seul moyen efficace pour endiguer la Covid-19. Cette pand\u00e9mie qui a cr\u00e9\u00e9 bien des [&hellip;]<\/p>\n","protected":false},"author":1760,"featured_media":0,"comment_status":"closed","ping_status":"closed","sticky":false,"template":"","format":"standard","meta":{"fifu_image_url":"","fifu_image_alt":"","footnotes":""},"categories":[73,54],"tags":[],"class_list":["post-90402","post","type-post","status-publish","format-standard","hentry","category-actualite","category-maroc"],"_links":{"self":[{"href":"https:\/\/linitiative.ca\/International\/wp-json\/wp\/v2\/posts\/90402","targetHints":{"allow":["GET"]}}],"collection":[{"href":"https:\/\/linitiative.ca\/International\/wp-json\/wp\/v2\/posts"}],"about":[{"href":"https:\/\/linitiative.ca\/International\/wp-json\/wp\/v2\/types\/post"}],"author":[{"embeddable":true,"href":"https:\/\/linitiative.ca\/International\/wp-json\/wp\/v2\/users\/1760"}],"replies":[{"embeddable":true,"href":"https:\/\/linitiative.ca\/International\/wp-json\/wp\/v2\/comments?post=90402"}],"version-history":[{"count":0,"href":"https:\/\/linitiative.ca\/International\/wp-json\/wp\/v2\/posts\/90402\/revisions"}],"wp:attachment":[{"href":"https:\/\/linitiative.ca\/International\/wp-json\/wp\/v2\/media?parent=90402"}],"wp:term":[{"taxonomy":"category","embeddable":true,"href":"https:\/\/linitiative.ca\/International\/wp-json\/wp\/v2\/categories?post=90402"},{"taxonomy":"post_tag","embeddable":true,"href":"https:\/\/linitiative.ca\/International\/wp-json\/wp\/v2\/tags?post=90402"}],"curies":[{"name":"wp","href":"https:\/\/api.w.org\/{rel}","templated":true}]}}