{"id":90407,"date":"2020-06-28T10:19:19","date_gmt":"2020-06-28T14:19:19","guid":{"rendered":"https:\/\/linitiative.ca\/International\/demain-en-amical-face-au-ca\/"},"modified":"2020-06-28T10:19:19","modified_gmt":"2020-06-28T14:19:19","slug":"demain-en-amical-face-au-ca","status":"publish","type":"post","link":"https:\/\/linitiative.ca\/International\/demain-en-amical-face-au-ca\/","title":{"rendered":"Demain en amical face au CA"},"content":{"rendered":"<p class=\"p1 c3\"><span class=\"c2\"><strong>Apr\u00e8s deux semaines de travail intense au Bardo, les stadistes se sont rendus depuis vendredi \u00e0 Hammam Bourguiba pour effectuer un stage de pr\u00e9paration qui se poursuivra jusqu\u2019au 3 juillet prochain.<span class=\"Apple-converted-space\">\u00a0<\/span><\/strong><\/span><\/p>\n<p class=\"p1 c3\"><span class=\"c2\"><strong>Selon le programme arr\u00eat\u00e9 par le staff technique, les stadistes seront soumis \u00e0 une charge de travail afin de d\u00e9velopper leurs qualit\u00e9s physiques et atteindre avec eux le rythme optimal de la comp\u00e9tition, retrouver les rep\u00e8res tactiques et d\u00e9velopper les automatismes d\u00e9fensifs et offensifs.<span class=\"Apple-converted-space\">\u00a0<\/span><\/strong><\/span><\/p>\n<p class=\"p1 c3\"><span class=\"c2\"><strong>Jalel Kadri<span class=\"Apple-converted-space\">\u00a0<\/span> a invit\u00e9 28 joueurs \u00e0 participer \u00e0 ce stage au cours duquel deux rencontres amicales ont \u00e9t\u00e9 programm\u00e9es. La premi\u00e8re aura lieu demain lundi contre le CA. Un test grandeur nature qui permettra \u00e0 Jalel<span class=\"Apple-converted-space\">\u00a0<\/span> kadri de juger de la forme de ses joueurs g\u00e9n\u00e9ralement titulaires, apr\u00e8s avoir donn\u00e9 l\u2019occasion aux rempla\u00e7ants de disputer le premier match contre l\u2019AS Soliman.<span class=\"Apple-converted-space\">\u00a0<\/span><\/strong><\/span><\/p>\n<p class=\"p1 c3\"><span class=\"c2\"><strong>Le ST disputera une seconde rencontre sur les lieux de son stage contre l\u2019ES Sahel probablement le dimanche 5 juillet, soit la veille du retour \u00e0 Tunis.<\/strong><\/span><\/p>\n<p class=\"p2 c4\">\u00a0<\/p>\n<p class=\"p3 c5\"><span class=\"c2\"><strong>Retour<span class=\"Apple-converted-space\">\u00a0<\/span><\/strong><\/span><\/p>\n<p class=\"p1 c3\"><span class=\"c2\"><strong>Il est attendu que le libyen Ali Ma\u00e2toug soit de retour \u00e0 Tunis demain. Mais ce joueur sera oblig\u00e9 de rester en confinement selon les dispositions sanitaires mises en place par les autorit\u00e9s pour \u00e9viter tout risque de contamination au Covid-19.<span class=\"Apple-converted-space\">\u00a0<\/span><\/strong><\/span><\/p>\n<p class=\"p1 c3\"><span class=\"c2\"><strong>De ce fait, ce joueur ne sera r\u00e9ellement \u00e0 la disposition du staff technique que le 12 juillet prochain.<span class=\"Apple-converted-space\">\u00a0<\/span><\/strong><\/span><\/p>\n<p class=\"p1 c3\"><span class=\"c2\"><strong>Par contre Heyke lChikhaoui et Rayen Khemis de retour en Tunisie, pourront rejoindre le stage de Hammam Bourguiba dans trois jours au plus, apr\u00e8s avoir \u00e9t\u00e9 en confinement durant les 10 derniers jours.<\/strong><\/span><\/p>\n<p class=\"p2 c4\">\u00a0<\/p>\n<p class=\"p3 c5\"><span class=\"c2\"><strong>Un<span class=\"Apple-converted-space\">\u00a0<\/span> jeune gardien convoqu\u00e9<\/strong><\/span><\/p>\n<p class=\"p1 c3\"><span class=\"c2\"><strong>La liste des joueurs ne comprend qu\u2019un seul joueur parmi les jeunes invit\u00e9s auparavant pour reprendre les entra\u00eenements. Il s\u2019agit du gardien de but des \u00e9lites Aziz Barmani qui sera le 4\u00e8me sur la liste des gardien du ST pour le reste de la saison.<span class=\"Apple-converted-space\">\u00a0<\/span><\/strong><\/span><\/p>\n<p class=\"p3 c5\"><span class=\"c2\"><strong>Mercato<\/strong><\/span><\/p>\n<p class=\"p1 c3\"><span class=\"c2\"><strong>L\u2019\u00e9quipe stadiste a \u00e9t\u00e9 la premi\u00e8re \u00e0 entamer le mercato avec l\u2019engagement de Houcine Messa\u00e2di. Le second arriv\u00e9 au complexe Hedi Enneifer pourrait \u00eatre le joueur de l\u2019AS Soliman Rached Arfaoui qui a brill\u00e9 de mille feux tout au long de l\u2019actuel exercice apr\u00e8s avoir particip\u00e9 activement dans l\u2019accession de son \u00e9quipe parmi l\u2019\u00e9lite.<span class=\"Apple-converted-space\">\u00a0<\/span><\/strong><\/span><\/p>\n<p class=\"p1 c3\"><span class=\"c2\"><strong>Arfaoui a laiss\u00e9 une bonne impression lors de la rencontre amicale disput\u00e9e entre les deux \u00e9quipes la semaine \u00e9coul\u00e9e au Bardo. sa prestation a pouss\u00e9 JalelKadri a demander \u00e0 ses employeurs de tenter de le ramener parmi le groupe.<span class=\"Apple-converted-space\">\u00a0<\/span><\/strong><\/span><\/p>\n<p class=\"p4 c6\"><span class=\"c2\"><strong>M.R<\/strong><\/span><\/p>\n<p>Auteur: letemps1<br \/>\n<a href=\"http:\/\/www.letemps.com.tn\/article\/115222\/demain-en-amical-face-au-ca\">Cliquez ici pour lire l&rsquo;article depuis sa source.<\/a><\/p>\n","protected":false},"excerpt":{"rendered":"<p>Apr\u00e8s deux semaines de travail intense au Bardo, les stadistes se sont rendus depuis vendredi \u00e0 Hammam Bourguiba pour effectuer un stage de pr\u00e9paration qui se poursuivra jusqu\u2019au 3 juillet prochain.\u00a0 Selon le programme arr\u00eat\u00e9 par le staff technique, les stadistes seront soumis \u00e0 une charge de travail afin de d\u00e9velopper leurs qualit\u00e9s physiques et [&hellip;]<\/p>\n","protected":false},"author":1773,"featured_media":0,"comment_status":"closed","ping_status":"closed","sticky":false,"template":"","format":"standard","meta":{"fifu_image_url":"","fifu_image_alt":"","footnotes":""},"categories":[73,55],"tags":[],"class_list":["post-90407","post","type-post","status-publish","format-standard","hentry","category-actualite","category-tunisie"],"_links":{"self":[{"href":"https:\/\/linitiative.ca\/International\/wp-json\/wp\/v2\/posts\/90407","targetHints":{"allow":["GET"]}}],"collection":[{"href":"https:\/\/linitiative.ca\/International\/wp-json\/wp\/v2\/posts"}],"about":[{"href":"https:\/\/linitiative.ca\/International\/wp-json\/wp\/v2\/types\/post"}],"author":[{"embeddable":true,"href":"https:\/\/linitiative.ca\/International\/wp-json\/wp\/v2\/users\/1773"}],"replies":[{"embeddable":true,"href":"https:\/\/linitiative.ca\/International\/wp-json\/wp\/v2\/comments?post=90407"}],"version-history":[{"count":0,"href":"https:\/\/linitiative.ca\/International\/wp-json\/wp\/v2\/posts\/90407\/revisions"}],"wp:attachment":[{"href":"https:\/\/linitiative.ca\/International\/wp-json\/wp\/v2\/media?parent=90407"}],"wp:term":[{"taxonomy":"category","embeddable":true,"href":"https:\/\/linitiative.ca\/International\/wp-json\/wp\/v2\/categories?post=90407"},{"taxonomy":"post_tag","embeddable":true,"href":"https:\/\/linitiative.ca\/International\/wp-json\/wp\/v2\/tags?post=90407"}],"curies":[{"name":"wp","href":"https:\/\/api.w.org\/{rel}","templated":true}]}}