{"id":90420,"date":"2020-06-27T12:20:00","date_gmt":"2020-06-27T16:20:00","guid":{"rendered":"https:\/\/linitiative.ca\/International\/samir-chaabna-reste-attache-a-sa-nationalite-francaise\/"},"modified":"2020-06-27T12:20:00","modified_gmt":"2020-06-27T16:20:00","slug":"samir-chaabna-reste-attache-a-sa-nationalite-francaise","status":"publish","type":"post","link":"https:\/\/linitiative.ca\/International\/samir-chaabna-reste-attache-a-sa-nationalite-francaise\/","title":{"rendered":"Samir Cha\u00e2bna  reste attach\u00e9 \u00e0 sa nationalit\u00e9 fran\u00e7aise"},"content":{"rendered":"<p><br id=\"sep_para_1\" class=\"sep_para access\"\/><\/p>\n<div id=\"para_1\" class=\"para_37623344 resize\">\n<div class=\"photo shadow left\"><a href=\"javascript:void(0)\" rel=\"https:\/\/www.reflexiondz.net\/photo\/art\/grande\/47627424-37623344.jpg?v=1593277825&amp;ibox\" title=\"Samir Cha\u00e2bna reste attach\u00e9 \u00e0 sa nationalit\u00e9 fran\u00e7aise\"><img decoding=\"async\" class=\"responsive c9\" src=\"https:\/\/www.reflexiondz.net\/photo\/art\/grande\/47627424-37623344.jpg?v=1593277825\" alt=\"Samir Cha\u00e2bna reste attach\u00e9 \u00e0 sa nationalit\u00e9 fran\u00e7aise\" title=\"Samir Cha\u00e2bna reste attach\u00e9 \u00e0 sa nationalit\u00e9 fran\u00e7aise\"\/><img decoding=\"async\" class=\"not-responsive\" src=\"https:\/\/www.reflexiondz.net\/photo\/art\/default\/47627424-37623344.jpg?v=1593277826\" alt=\"Samir Cha\u00e2bna reste attach\u00e9 \u00e0 sa nationalit\u00e9 fran\u00e7aise\" title=\"Samir Cha\u00e2bna reste attach\u00e9 \u00e0 sa nationalit\u00e9 fran\u00e7aise\"\/><\/a><\/div>\n<div class=\"texte access firstletter\">Sur d\u00e9cision du pr\u00e9sident de la R\u00e9publique, M. Abdelmadjid Tebboune, la nomination de M. Samir Chaabna en tant que ministre d\u00e9l\u00e9gu\u00e9 charg\u00e9 de la Communaut\u00e9 nationale \u00e0 l&rsquo;\u00e9tranger a \u00e9t\u00e9 annul\u00e9e, et par cons\u00e9quent il ne fait pas partie du Gouvernement, a-t-on appris des services du Premier minist\u00e8re. \u00ab\u00a0A l&rsquo;occasion du remaniement minist\u00e9riel, du 23 juin 2020, le d\u00e9put\u00e9 \u00e0 l&rsquo;Assembl\u00e9e populaire nationale, M. Samir Chaabana a \u00e9t\u00e9 nomm\u00e9 ministre d\u00e9l\u00e9gu\u00e9 charg\u00e9 de la Communaut\u00e9 nationale \u00e0 l&rsquo;\u00e9tranger\u00a0\u00bb, a-t-on rappel\u00e9 de m\u00eame source. \u00ab\u00a0Lors des consultations pour la constitution du gouvernement, a-t-on ajout\u00e9, M. Samir Chaabana a accept\u00e9 le portefeuille de ministre d\u00e9l\u00e9gu\u00e9 charg\u00e9 de la Communaut\u00e9 nationale \u00e0 l&rsquo;\u00e9tranger sans pour autant d\u00e9clarer sa double nationalit\u00e9\u00a0\u00bb. \u00ab\u00a0Il a \u00e9t\u00e9 demand\u00e9 \u00e0 M. Samir Chaabna de se conformer aux dispositions pr\u00e9vues par la Loi n 17-01 du 10 janvier 2017, fixant la liste des hautes responsabilit\u00e9s de l&rsquo;Etat et des fonctions politiques dont l&rsquo;acc\u00e8s requiert la nationalit\u00e9 alg\u00e9rienne exclusive et de renoncer \u00e0 sa nationalit\u00e9 \u00e9trang\u00e8re\u00a0\u00bb, a-t-on expliqu\u00e9 de m\u00eame source. \u00ab\u00a0Devant de son refus et sur d\u00e9cision du Pr\u00e9sident de la R\u00e9publique, M. Abdelmadjid Tebboune, sa nomination en tant que ministre d\u00e9l\u00e9gu\u00e9, charg\u00e9 de la Communaut\u00e9 nationale \u00e0 l&rsquo;\u00e9tranger a \u00e9t\u00e9 annul\u00e9e et par cons\u00e9quent M. Samir Chaabna ne fait plus partie du Gouvernement\u00a0\u00bb, a-t-on conclu.<\/div>\n<\/div>\n<p>Auteur: R\u00e9flexion<br \/>\n<a href=\"https:\/\/www.reflexiondz.net\/Samir-Chaabna-reste-attache-a-sa-nationalite-francaise_a63647.html\">Cliquez ici pour lire l&rsquo;article depuis sa source.<\/a><\/p>\n","protected":false},"excerpt":{"rendered":"<p>Sur d\u00e9cision du pr\u00e9sident de la R\u00e9publique, M. Abdelmadjid Tebboune, la nomination de M. Samir Chaabna en tant que ministre d\u00e9l\u00e9gu\u00e9 charg\u00e9 de la Communaut\u00e9 nationale \u00e0 l&rsquo;\u00e9tranger a \u00e9t\u00e9 annul\u00e9e, et par cons\u00e9quent il ne fait pas partie du Gouvernement, a-t-on appris des services du Premier minist\u00e8re. \u00ab\u00a0A l&rsquo;occasion du remaniement minist\u00e9riel, du 23 [&hellip;]<\/p>\n","protected":false},"author":1740,"featured_media":0,"comment_status":"closed","ping_status":"closed","sticky":false,"template":"","format":"standard","meta":{"fifu_image_url":"","fifu_image_alt":"","footnotes":""},"categories":[53,76],"tags":[],"class_list":["post-90420","post","type-post","status-publish","format-standard","hentry","category-algerie","category-regions"],"_links":{"self":[{"href":"https:\/\/linitiative.ca\/International\/wp-json\/wp\/v2\/posts\/90420","targetHints":{"allow":["GET"]}}],"collection":[{"href":"https:\/\/linitiative.ca\/International\/wp-json\/wp\/v2\/posts"}],"about":[{"href":"https:\/\/linitiative.ca\/International\/wp-json\/wp\/v2\/types\/post"}],"author":[{"embeddable":true,"href":"https:\/\/linitiative.ca\/International\/wp-json\/wp\/v2\/users\/1740"}],"replies":[{"embeddable":true,"href":"https:\/\/linitiative.ca\/International\/wp-json\/wp\/v2\/comments?post=90420"}],"version-history":[{"count":0,"href":"https:\/\/linitiative.ca\/International\/wp-json\/wp\/v2\/posts\/90420\/revisions"}],"wp:attachment":[{"href":"https:\/\/linitiative.ca\/International\/wp-json\/wp\/v2\/media?parent=90420"}],"wp:term":[{"taxonomy":"category","embeddable":true,"href":"https:\/\/linitiative.ca\/International\/wp-json\/wp\/v2\/categories?post=90420"},{"taxonomy":"post_tag","embeddable":true,"href":"https:\/\/linitiative.ca\/International\/wp-json\/wp\/v2\/tags?post=90420"}],"curies":[{"name":"wp","href":"https:\/\/api.w.org\/{rel}","templated":true}]}}