{"id":90428,"date":"2020-06-27T19:00:00","date_gmt":"2020-06-27T23:00:00","guid":{"rendered":"https:\/\/linitiative.ca\/International\/deces-de-lancien-chef-du-gouvernement-belaid-abdesselam-le-president-tebboune-adresse-ses-condoleances-a-la-famille-du-defunt\/"},"modified":"2020-06-27T19:00:00","modified_gmt":"2020-06-27T23:00:00","slug":"deces-de-lancien-chef-du-gouvernement-belaid-abdesselam-le-president-tebboune-adresse-ses-condoleances-a-la-famille-du-defunt","status":"publish","type":"post","link":"https:\/\/linitiative.ca\/International\/deces-de-lancien-chef-du-gouvernement-belaid-abdesselam-le-president-tebboune-adresse-ses-condoleances-a-la-famille-du-defunt\/","title":{"rendered":"d\u00e9c\u00e8s de l\u2019ancien chef du gouvernement  Bela\u00efd Abdesselam : Le Pr\u00e9sident Tebboune adresse ses condol\u00e9ances \u00e0 la famille du d\u00e9funt"},"content":{"rendered":"<p>Le Pr\u00e9sident de la R\u00e9publique, M. Abdelmadjid Tebboune, a adress\u00e9 hier \u00e0 la famille du moudjahid et ancien chef du gouvernement, Bela\u00efd Abdesselam, un message de condol\u00e9ances et de compassion, dans lequel il a salu\u00e9 son long parcours de militantisme au sein du mouvement national, durant la glorieuse guerre de Lib\u00e9ration et au service de l&rsquo;Alg\u00e9rie ind\u00e9pendante, indique un communiqu\u00e9 de la Pr\u00e9sidence de la R\u00e9publique.<br \/>\u00abSuite au d\u00e9c\u00e8s de feu moudjahid et ancien chef du gouvernement, Bela\u00efd Abdesselam, le Pr\u00e9sident de la R\u00e9publique, M. Abdelmadjid Tebboune, a adress\u00e9 un message de condol\u00e9ances et de compassion \u00e0 la famille du d\u00e9funt, ses proches et ses compagnons moudjahidine, dans lequel il a salu\u00e9 son long parcours de militantisme au sein du mouvement national, durant la glorieuse guerre de Lib\u00e9ration et au service de l&rsquo;Alg\u00e9rie ind\u00e9pendante\u00bb, lit-on dans ce communiqu\u00e9. \u00abDans son message, le Pr\u00e9sident de la R\u00e9publique a exprim\u00e9 ses sinc\u00e8res condol\u00e9ances et compassion, priant Dieu le Tout-Puissant d&rsquo;accueillir le d\u00e9funt en Son Vaste Paradis et de pr\u00eater \u00e0 sa famille et ses compagnons patience et r\u00e9confort\u00bb, conclut-on de m\u00eame source.<\/p>\n<p>&#8212;&#8212;&#8212;&#8212;&#8212;&#8212;&#8212;&#8212;&#8212;-<\/p>\n<p><strong>L\u2019un des premiers militants du mouvement national n\u2019est plus<\/strong><\/p>\n<p>Le moudjahid et ancien chef de gouvernement, Bela\u00efd Abdesselam, est d\u00e9c\u00e9d\u00e9 \u00e0 l&rsquo;\u00e2ge de 92 ans, a-t-on appris hier aupr\u00e8s du minist\u00e8re des Moudjahidine. N\u00e9 en 1928 \u00e0 A\u00efn El-Kebira, dans la wilaya de S\u00e9tif, le d\u00e9funt fut parmi les premiers militants du mouvement national. Il a \u00e9t\u00e9 l&rsquo;un des membres fondateurs de l&rsquo;Association des \u00e9tudiants musulmans nord-africains en France (1951-1953) et membre fondateur de l&rsquo;Union des \u00e9tudiants musulmans alg\u00e9riens en 1953. Feu Bela\u00efd Abdesselam<br \/>a rejoint le maquis en 1955, et prit part, en compagnie d&rsquo;un groupe d&rsquo;\u00e9tudiants, \u00e0 la fondation de l&rsquo;Union g\u00e9n\u00e9rale des<br \/>\u00e9tudiants musulmans d&rsquo;Alg\u00e9rie (UGEMA), contribuant ainsi au lancement de l&rsquo;appel \u00e0 la gr\u00e8ve des \u00e9tudiants, le 19 mai 1956. Il rejoint, par la suite, le commandement de la r\u00e9volution dans la base ouest, o\u00f9 plusieurs missions lui ont \u00e9t\u00e9 confi\u00e9es. En 1958, le d\u00e9funt s&rsquo;est vu attribuer plusieurs missions au sein du gouvernement provisoire, en qualit\u00e9 d&rsquo;assistant du ministre des Affaires sociales et culturelles, avant d&rsquo;\u00eatre nomm\u00e9 en 1961 comme collaborateur dans le Cabinet du GPRA, puis charg\u00e9 des Affaires \u00e9conomiques, juste apr\u00e8s le cessez-le-feu.<br \/>Au lendemain de l&rsquo;ind\u00e9pendance, le regrett\u00e9 est rest\u00e9 au service de la patrie, en occupant de hauts postes de l&rsquo;\u00c9tat, dont chef de la d\u00e9l\u00e9gation alg\u00e9rienne dans les accords alg\u00e9ro-fran\u00e7ais sur les hydrocarbures, Directeur g\u00e9n\u00e9ral (DG) de la Sonatrach (1964-1965), ministre de l&rsquo;Industrie et de l&rsquo;\u00c9nergie (1965-1977), ministres des Industries l\u00e9g\u00e8res (1977-1979), et enfin chef de gouvernement (1992-1993). Plusieurs publications dans des revues politiques, \u00e9conomiques et historiques sont \u00e9galement \u00e0 l&rsquo;actif du d\u00e9funt. En cette douloureuse circonstance, le ministre de la Communication, porte-parole du gouvernement, Ammar Belhimer, et le ministre des Moudjahidine et des Ayants droit, Tayeb Zitouni, ont adress\u00e9, \u00e0 la famille de Bela\u00efd Abdesselam, leurs sinc\u00e8res condol\u00e9ances et leur profonde compassion, priant le Tout-Puissant de l&rsquo;accueillir en Son vaste paradis, et de pr\u00eater sa famille et ses proches patience et courage.<\/p>\n<p>&#8212;&#8212;&#8212;&#8212;&#8212;&#8212;&#8212;&#8212;&#8212;-<\/p>\n<p><strong>Le premier ministre : \u00abUn double combat pour l\u2019ind\u00e9pendance et la reconstruction de l\u2019Alg\u00e9rie\u00bb<\/strong><\/p>\n<p>Le Premier ministre, Abdelaziz Djerad, a adress\u00e9, hier, \u00e0 la famille du moudjahid et ancien chef de gouvernement, Bela\u00efd Abdesselam, d\u00e9c\u00e9d\u00e9 \u00e0 l&rsquo;\u00e2ge de 92 ans, un message de condol\u00e9ances, dans lequel il a rappel\u00e9 le double combat men\u00e9 par le d\u00e9funt pour le recouvrement de l&rsquo;ind\u00e9pendance et de la souverainet\u00e9 nationale, et la reconstruction et l\u2019\u00e9dification de l&rsquo;Alg\u00e9rie.<br \/>\u00abC\u2019est avec une grande affliction que j\u2019ai appris le d\u00e9c\u00e8s du moudjahid et ancien chef de gouvernement, Bela\u00efd Abdesselam, Puisse Dieu lui accorder Sa sainte mis\u00e9ricorde, il a men\u00e9 un double combat pour le recouvrement de l&rsquo;ind\u00e9pendance et la souverainet\u00e9 nationales et pour la reconstruction de l&rsquo;Alg\u00e9rie\u00bb \u00e0 travers les nombreuses fonctions qu&rsquo;il avait eues \u00e0 occuper, lit-on dans le message de condol\u00e9ances.<br \/>\u00abEn cette douloureuse circonstance, o\u00f9 l&rsquo;Alg\u00e9rie perd un autre moudjahid, je ne peux, face \u00e0 la volont\u00e9 de Dieu, que me joindre \u00e0 votre peine et tristesse en vous exprimant, et \u00e0 travers vous, \u00e0 l\u2019ensemble de la famille r\u00e9volutionnaire, mes sinc\u00e8res condol\u00e9ances et ma compassion. Je prie Dieu le Tout-Puissant d&rsquo;accueillir le d\u00e9funt en Son vaste paradis et de vous pr\u00eater patience et r\u00e9confort\u00bb, a ajout\u00e9 le Premier ministre.<br \/>\u00ab\u00c0 Dieu nous appartenons,<br \/>et \u00e0 Lui nous retournons.\u00bb<\/p>\n<p>Auteur: elmoudjahid<br \/>\n<a href=\"http:\/\/www.elmoudjahid.com\/fr\/actualites\/155653\">Cliquez ici pour lire l&rsquo;article depuis sa source.<\/a><\/p>\n","protected":false},"excerpt":{"rendered":"<p>Le Pr\u00e9sident de la R\u00e9publique, M. Abdelmadjid Tebboune, a adress\u00e9 hier \u00e0 la famille du moudjahid et ancien chef du gouvernement, Bela\u00efd Abdesselam, un message de condol\u00e9ances et de compassion, dans lequel il a salu\u00e9 son long parcours de militantisme au sein du mouvement national, durant la glorieuse guerre de Lib\u00e9ration et au service de [&hellip;]<\/p>\n","protected":false},"author":1744,"featured_media":0,"comment_status":"closed","ping_status":"closed","sticky":false,"template":"","format":"standard","meta":{"fifu_image_url":"","fifu_image_alt":"","footnotes":""},"categories":[73,53],"tags":[],"class_list":["post-90428","post","type-post","status-publish","format-standard","hentry","category-actualite","category-algerie"],"_links":{"self":[{"href":"https:\/\/linitiative.ca\/International\/wp-json\/wp\/v2\/posts\/90428","targetHints":{"allow":["GET"]}}],"collection":[{"href":"https:\/\/linitiative.ca\/International\/wp-json\/wp\/v2\/posts"}],"about":[{"href":"https:\/\/linitiative.ca\/International\/wp-json\/wp\/v2\/types\/post"}],"author":[{"embeddable":true,"href":"https:\/\/linitiative.ca\/International\/wp-json\/wp\/v2\/users\/1744"}],"replies":[{"embeddable":true,"href":"https:\/\/linitiative.ca\/International\/wp-json\/wp\/v2\/comments?post=90428"}],"version-history":[{"count":0,"href":"https:\/\/linitiative.ca\/International\/wp-json\/wp\/v2\/posts\/90428\/revisions"}],"wp:attachment":[{"href":"https:\/\/linitiative.ca\/International\/wp-json\/wp\/v2\/media?parent=90428"}],"wp:term":[{"taxonomy":"category","embeddable":true,"href":"https:\/\/linitiative.ca\/International\/wp-json\/wp\/v2\/categories?post=90428"},{"taxonomy":"post_tag","embeddable":true,"href":"https:\/\/linitiative.ca\/International\/wp-json\/wp\/v2\/tags?post=90428"}],"curies":[{"name":"wp","href":"https:\/\/api.w.org\/{rel}","templated":true}]}}