{"id":90429,"date":"2020-06-28T06:50:30","date_gmt":"2020-06-28T10:50:30","guid":{"rendered":"https:\/\/linitiative.ca\/International\/106701-deces-du-president-de-la-ligue-d-annaba-ahmed-mebrek\/"},"modified":"2020-06-28T06:50:30","modified_gmt":"2020-06-28T10:50:30","slug":"106701-deces-du-president-de-la-ligue-d-annaba-ahmed-mebrek","status":"publish","type":"post","link":"https:\/\/linitiative.ca\/International\/106701-deces-du-president-de-la-ligue-d-annaba-ahmed-mebrek\/","title":{"rendered":"<div>D\u00e9c\u00e8s du pr\u00e9sident de la Ligue d&rsquo;Annaba, Ahmed Mebrek<\/div>"},"content":{"rendered":"<p><span class=\"sp-nh-title\">Coronavirus: 305 nouveaux cas, 169 gu\u00e9risons et 5 d\u00e9c\u00e8s en Alg\u00e9rie durant les derni\u00e8res 24h<\/span> &#8211; <span class=\"sp-nh-date\">dimanche 28 juin 2020 17:10<\/span><\/p>\n<p><span class=\"sp-nh-title\">CNAS: une campagne d\u2019information \u00e0 Oran pour vulgariser la plateforme Arracom<\/span> &#8211; <span class=\"sp-nh-date\">dimanche 28 juin 2020 16:14<\/span><\/p>\n<p><span class=\"sp-nh-title\">Ouargla: op\u00e9rations de nettoiement et d\u00e9sinfection \u00e0 travers les diff\u00e9rentes communes de la wilaya<\/span> &#8211; <span class=\"sp-nh-date\">dimanche 28 juin 2020 16:02<\/span><\/p>\n<p><span class=\"sp-nh-title\">M\u00e9dicaments : l&rsquo;Alg\u00e9rie d\u00e9termin\u00e9e \u00e0 couvrir localement 70% de ses besoins\u00a0<\/span> &#8211; <span class=\"sp-nh-date\">dimanche 28 juin 2020 15:43<\/span><\/p>\n<p><span class=\"sp-nh-title\">L&rsquo;ancien chef du Gouvernement Bela\u00efd Abdesselam inhum\u00e9 au cimeti\u00e8re d&rsquo;El-Alia \u00a0<\/span> &#8211; <span class=\"sp-nh-date\">dimanche 28 juin 2020 15:26<\/span><\/p>\n<p><span class=\"sp-nh-title\">UA-ONU: initiative pour renforcer le r\u00f4le des femmes africaines dans le leadership<\/span> &#8211; <span class=\"sp-nh-date\">dimanche 28 juin 2020 14:56<\/span><\/p>\n<p><span class=\"sp-nh-title\">Le HCI prend part lundi \u00e0 un colloque international sur la Palestine<\/span> &#8211; <span class=\"sp-nh-date\">dimanche 28 juin 2020 14:39<\/span><\/p>\n<p><span class=\"sp-nh-title\">Alger: L&rsquo;ONA organise une campagne de don de sang<\/span> &#8211; <span class=\"sp-nh-date\">dimanche 28 juin 2020 14:20<\/span><\/p>\n<p><span class=\"sp-nh-title\">Alg\u00e9rie-Pays Bas: la convention conclue sur la non-double imposition publi\u00e9 au JO<\/span> &#8211; <span class=\"sp-nh-date\">dimanche 28 juin 2020 13:04<\/span><\/p>\n<p><span class=\"sp-nh-title\">Deux militaires tombent en martyrs dans l&rsquo;explosion d&rsquo;une bombe de confection artisanale<\/span> &#8211; <span class=\"sp-nh-date\">dimanche 28 juin 2020 12:50<\/span><\/p>\n<p><span class=\"sp-nh-title\">Le Pr\u00e9sident Tebboune pr\u00e9side une r\u00e9union du Conseil des ministres<\/span> &#8211; <span class=\"sp-nh-date\">dimanche 28 juin 2020 12:21<\/span><\/p>\n<p><span class=\"sp-nh-title\">D\u00e9c\u00e8s du pr\u00e9sident de la Ligue d&rsquo;Annaba, Ahmed Mebrek<\/span> &#8211; <span class=\"sp-nh-date\">dimanche 28 juin 2020 11:50<\/span><\/p>\n<p><span class=\"sp-nh-title\">BEM et BAC: les dates des \u00e9preuves d&rsquo;EPS pour les candidats libres fix\u00e9es<\/span> &#8211; <span class=\"sp-nh-date\">dimanche 28 juin 2020 11:45<\/span><\/p>\n<p><span class=\"sp-nh-title\">Covid-19\/S\u00e9tif : intensification des contr\u00f4les pour sensibiliser les citoyens<\/span> &#8211; <span class=\"sp-nh-date\">dimanche 28 juin 2020 10:27<\/span><\/p>\n<p><span class=\"sp-nh-title\">Le d\u00e9funt Belaid Abdeslam, un valeureux moudjahid et un militant nationaliste, d\u00e9vou\u00e9 \u00e0 l\u2019Alg\u00e9rie<\/span> &#8211; <span class=\"sp-nh-date\">dimanche 28 juin 2020 09:30<\/span><\/p>\n<p><span class=\"sp-nh-title\">Hydrocarbures: le P-dg de Sonatrach inspecte la zone industrielle \u00e0 Bejaia<\/span> &#8211; <span class=\"sp-nh-date\">dimanche 28 juin 2020 09:15<\/span><\/p>\n<p><span class=\"sp-nh-title\">L&rsquo;universit\u00e9 Batna 2 b\u00e9n\u00e9ficie d\u2019un projet technologique pour les \u00e9nergies renouvelables<\/span> &#8211; <span class=\"sp-nh-date\">dimanche 28 juin 2020 08:58<\/span><\/p>\n<p><span class=\"sp-nh-title\">Le Pr\u00e9sident Tebboune adresse ses condol\u00e9ances \u00e0 la famille du d\u00e9funt Bela\u00efd Abdesselam<\/span> &#8211; <span class=\"sp-nh-date\">samedi 27 juin 2020 19:56<\/span><\/p>\n<p><span class=\"sp-nh-title\">Le d\u00e9funt Bela\u00efd Abdesselam, un double combat pour l\u2019ind\u00e9pendance et la reconstruction de l\u2019Alg\u00e9rie<\/span> &#8211; <span class=\"sp-nh-date\">samedi 27 juin 2020 19:45<\/span><\/p>\n<p><span class=\"sp-nh-title\">LPP: visites d&rsquo;inspection de chantiers de r\u00e9alisation dans les wilayas de Tizi Ouzou et de Beja\u00efa<\/span> &#8211; <span class=\"sp-nh-date\">samedi 27 juin 2020 19:42<\/span><\/p>\n<p>Auteur:<br \/>\n<a href=\"http:\/\/www.aps.dz\/sport\/106701-deces-du-president-de-la-ligue-d-annaba-ahmed-mebrek?utm_source=feedburner&#038;utm_medium=feed&#038;utm_campaign=Feed%3A+aps-sport+%28APS+-+SPORT%29\">Cliquez ici pour lire l&rsquo;article depuis sa source.<\/a><\/p>\n","protected":false},"excerpt":{"rendered":"<p>Coronavirus: 305 nouveaux cas, 169 gu\u00e9risons et 5 d\u00e9c\u00e8s en Alg\u00e9rie durant les derni\u00e8res 24h &#8211; dimanche 28 juin 2020 17:10 CNAS: une campagne d\u2019information \u00e0 Oran pour vulgariser la plateforme Arracom &#8211; dimanche 28 juin 2020 16:14 Ouargla: op\u00e9rations de nettoiement et d\u00e9sinfection \u00e0 travers les diff\u00e9rentes communes de la wilaya &#8211; dimanche 28 [&hellip;]<\/p>\n","protected":false},"author":1790,"featured_media":0,"comment_status":"closed","ping_status":"closed","sticky":false,"template":"","format":"standard","meta":{"fifu_image_url":"","fifu_image_alt":"","footnotes":""},"categories":[53,75],"tags":[],"class_list":["post-90429","post","type-post","status-publish","format-standard","hentry","category-algerie","category-sport"],"_links":{"self":[{"href":"https:\/\/linitiative.ca\/International\/wp-json\/wp\/v2\/posts\/90429","targetHints":{"allow":["GET"]}}],"collection":[{"href":"https:\/\/linitiative.ca\/International\/wp-json\/wp\/v2\/posts"}],"about":[{"href":"https:\/\/linitiative.ca\/International\/wp-json\/wp\/v2\/types\/post"}],"author":[{"embeddable":true,"href":"https:\/\/linitiative.ca\/International\/wp-json\/wp\/v2\/users\/1790"}],"replies":[{"embeddable":true,"href":"https:\/\/linitiative.ca\/International\/wp-json\/wp\/v2\/comments?post=90429"}],"version-history":[{"count":0,"href":"https:\/\/linitiative.ca\/International\/wp-json\/wp\/v2\/posts\/90429\/revisions"}],"wp:attachment":[{"href":"https:\/\/linitiative.ca\/International\/wp-json\/wp\/v2\/media?parent=90429"}],"wp:term":[{"taxonomy":"category","embeddable":true,"href":"https:\/\/linitiative.ca\/International\/wp-json\/wp\/v2\/categories?post=90429"},{"taxonomy":"post_tag","embeddable":true,"href":"https:\/\/linitiative.ca\/International\/wp-json\/wp\/v2\/tags?post=90429"}],"curies":[{"name":"wp","href":"https:\/\/api.w.org\/{rel}","templated":true}]}}