{"id":90434,"date":"2020-06-28T05:09:41","date_gmt":"2020-06-28T09:09:41","guid":{"rendered":"https:\/\/linitiative.ca\/International\/tracage-de-sujets-contacts-a-constantine-lenquete-des-semep-a-cible-plus-de-2400-cas\/"},"modified":"2020-06-28T05:09:41","modified_gmt":"2020-06-28T09:09:41","slug":"tracage-de-sujets-contacts-a-constantine-lenquete-des-semep-a-cible-plus-de-2400-cas","status":"publish","type":"post","link":"https:\/\/linitiative.ca\/International\/tracage-de-sujets-contacts-a-constantine-lenquete-des-semep-a-cible-plus-de-2400-cas\/","title":{"rendered":"Tra\u00e7age de sujets contacts \u00e0 Constantine : L\u2019enqu\u00eate des SEMEP a cibl\u00e9 plus de 2400 cas"},"content":{"rendered":"<h4 class=\"title-14\"\/>\n<div class=\"featured_image\"><img loading=\"lazy\" decoding=\"async\" width=\"1000\" height=\"822\" src=\"https:\/\/www.elwatan.com\/wp-content\/uploads\/2020\/06\/MARCHE.jpg\" class=\"attachment-post-thumbnail size-post-thumbnail wp-post-image\" alt=\"\" srcset=\"https:\/\/www.elwatan.com\/wp-content\/uploads\/2020\/06\/MARCHE.jpg 1000w, https:\/\/www.elwatan.com\/wp-content\/uploads\/2020\/06\/MARCHE-300x247.jpg 300w, https:\/\/www.elwatan.com\/wp-content\/uploads\/2020\/06\/MARCHE-768x631.jpg 768w\" sizes=\"auto, (max-width: 1000px) 100vw, 1000px\"\/><\/div>\n<p class=\"p4\"><span class=\"s2\">R<\/span><span class=\"s3\">\u00e9cemment, le minist\u00e8re de la Sant\u00e9, de la Population et de la R\u00e9forme hospitali\u00e8re a lanc\u00e9, sur proposition du conseil scientifique, des enqu\u00eates \u00e9pid\u00e9miologiques \u00e0 travers les dix wilayas les plus affect\u00e9es par la pand\u00e9mie de coronavirus, avant l\u2019application de la deuxi\u00e8me phase du plan de d\u00e9confinement.<\/span><\/p>\n<p class=\"p4\"><span class=\"s3\">Un dispositif actionn\u00e9 face \u00e0 la recrudescence des cas Covid. \u00ab<em>Cette strat\u00e9gie aura pour but d\u2019interrompre, de fa\u00e7on durable, la cha\u00eene de transmission, faute de quoi on pourrait assister \u00e0 la persistance d\u2019une transmission r\u00e9siduelle susceptible d\u2019\u00eatre \u00e0 l\u2019origine de nouvelles vagues\u00bb<\/em>, avait indiqu\u00e9 le ministre de la Sant\u00e9, Abderrahmane Benbouzid, \u00e0 cet effet.<\/span><\/p>\n<p class=\"p4\"><span class=\"s3\">Pour ce faire, il a \u00e9t\u00e9 proc\u00e9d\u00e9 au renforcement des \u00e9quipes des services \u00e9pid\u00e9miologique de m\u00e9decine pr\u00e9ventive (Semep) dont les pr\u00e9rogatives sont fond\u00e9es sur le recueil, l\u2019analyse et la diffusion de l\u2019information sanitaire.<\/span><\/p>\n<p class=\"p4\"><span class=\"s3\">C\u2019est \u00e0 ces derni\u00e8res que revient la mission de l\u2019identification de l\u2019ensemble des cas contacts, leur d\u00e9pistage et leur soumission aux mesures de pr\u00e9vention appropri\u00e9es. <em>\u00abD\u00e8s qu\u2019une personne est d\u00e9pist\u00e9e positive au coronavirus, l\u2019enqu\u00eate \u00e9pid\u00e9miologique est aussit\u00f4t enclench\u00e9e.<\/em><\/span><\/p>\n<p class=\"p4\"><span class=\"s3\"><em>Les contacts sont identifi\u00e9s sur la base des informations fournies par le malade. Ensuite, le service de la m\u00e9decine pr\u00e9ventive de la structure sanitaire situ\u00e9e \u00e0 proximit\u00e9 du lieu de domiciliation est saisi.<\/em><\/span><\/p>\n<p class=\"p4\"><span class=\"s3\"><em>C\u2019est lui qui prendra le relais pour le suivi quotidien des cas contacts<\/em>\u00bb, nous a expliqu\u00e9 un m\u00e9decin du service Covid du CHUC. Depuis l\u2019apparition des premiers cas positifs, la recherche des cas contacts n\u2019aurait pas \u00e9t\u00e9 suffisamment \u00e9largie.<\/span><\/p>\n<p class=\"p4\"><span class=\"s3\">Elle s\u2019est limit\u00e9e aux membres de la famille du malade, est-il soutenu en milieu hospitalier. A Constantine, wilaya cibl\u00e9e de par son classement, au demeurant 5<sup>e<\/sup>, en nombre de malades infect\u00e9s, les \u00e9quipes en charge de cette mission sont \u00e0 pied d\u2019\u0153uvre.<\/span><\/p>\n<p class=\"p4\"><span class=\"s3\">Selon un rapport pr\u00e9sent\u00e9 par les responsables du secteur de la sant\u00e9 lors d\u2019une r\u00e9cente r\u00e9union d\u2019\u00e9valuation de la situation \u00e9pid\u00e9miologique pr\u00e9sid\u00e9e par le chef de l\u2019ex\u00e9cutif, Saci Ahmed Abdelhafidh, il ressort que depuis le d\u00e9but de la pand\u00e9mie et jusqu\u2019au 22 juin en cours, le nombre de sujets contacts enqu\u00eat\u00e9s autour des cas d\u00e9pist\u00e9s positifs est de 2486. L\u2019enqu\u00eate en question s\u2019int\u00e9resse \u00e0 tout cas suspect ou confirm\u00e9 de la Covid-19.<\/span><\/p>\n<p class=\"p4\"><span class=\"s3\">Des cas qui pourraient \u00eatre plus nombreux et qui \u00e9chappent aux statistiques en raison du manque de moyens ou d\u2019informations fiables. <em>\u00abLe service d\u2019\u00e9pid\u00e9miologie de la wilaya, \u00e0 travers les Semep, se trouve d\u00e9pass\u00e9 par le nombre de nouveaux contamin\u00e9s.<\/em><\/span><\/p>\n<p class=\"p4\"><span class=\"s3\"><em>Par manque de moyens mat\u00e9riels et humains, il n\u2019arrive plus \u00e0 rechercher et contr\u00f4ler tous les nouveaux sujets contact<\/em>s\u00bb, indique le P<sup>r<\/sup> Wahab Benarab. Il pr\u00e9conise l\u2019implication de m\u00e9decins dans cette strat\u00e9gie\u00a0: \u00ab\u2026 <em>Les m\u00e9decins de ville peuvent proc\u00e9der \u00e0 la recherche et au contr\u00f4le des sujets contacts de leurs nouveaux Covid.<\/em><\/span><\/p>\n<p class=\"p4\"><span class=\"s3\"><em>Les sujets contacts qui sont contamin\u00e9s seront alors plac\u00e9s en confinement chez eux. Leur suivi pourra se faire par t\u00e9l\u00e9phone, pour les cas asymptomatiques ou b\u00e9nins<\/em>.\u00bb Le pr\u00e9sident de la commission de la sant\u00e9 \u00e0 l\u2019APW insiste sur la prise en charge des malades, de leurs proches ou sujets contacts.<\/span><\/p>\n<p class=\"p4\"><span class=\"s3\">Une prise en charge qui constitue, avec les mesures de pr\u00e9vention dont la distanciation physique, le port de masque et les gestes barri\u00e8res, l\u2019une des conditions d\u2019aboutir \u00e0 la rupture de la cha\u00eene de transmission du virus, selon lui.\u00a0<\/span><\/p>\n<p><span class=\"post-views-label\">Post Views:<\/span> <span class=\"post-views-count\">988<\/span><\/p>\n<p><br class=\"c2\"\/><br class=\"c6\"\/><\/p>\n<p>Auteur: Anis Khecheba<br \/>\n<a href=\"https:\/\/www.elwatan.com\/edition\/actualite\/lenquete-des-semep-a-cible-plus-de-2400-cas-28-06-2020\">Cliquez ici pour lire l&rsquo;article depuis sa source.<\/a><\/p>\n","protected":false},"excerpt":{"rendered":"<p>R\u00e9cemment, le minist\u00e8re de la Sant\u00e9, de la Population et de la R\u00e9forme hospitali\u00e8re a lanc\u00e9, sur proposition du conseil scientifique, des enqu\u00eates \u00e9pid\u00e9miologiques \u00e0 travers les dix wilayas les plus affect\u00e9es par la pand\u00e9mie de coronavirus, avant l\u2019application de la deuxi\u00e8me phase du plan de d\u00e9confinement. Un dispositif actionn\u00e9 face \u00e0 la recrudescence des [&hellip;]<\/p>\n","protected":false},"author":1743,"featured_media":90440,"comment_status":"closed","ping_status":"closed","sticky":false,"template":"","format":"standard","meta":{"fifu_image_url":"","fifu_image_alt":"","footnotes":""},"categories":[73,53],"tags":[],"class_list":["post-90434","post","type-post","status-publish","format-standard","has-post-thumbnail","hentry","category-actualite","category-algerie"],"_links":{"self":[{"href":"https:\/\/linitiative.ca\/International\/wp-json\/wp\/v2\/posts\/90434","targetHints":{"allow":["GET"]}}],"collection":[{"href":"https:\/\/linitiative.ca\/International\/wp-json\/wp\/v2\/posts"}],"about":[{"href":"https:\/\/linitiative.ca\/International\/wp-json\/wp\/v2\/types\/post"}],"author":[{"embeddable":true,"href":"https:\/\/linitiative.ca\/International\/wp-json\/wp\/v2\/users\/1743"}],"replies":[{"embeddable":true,"href":"https:\/\/linitiative.ca\/International\/wp-json\/wp\/v2\/comments?post=90434"}],"version-history":[{"count":0,"href":"https:\/\/linitiative.ca\/International\/wp-json\/wp\/v2\/posts\/90434\/revisions"}],"wp:featuredmedia":[{"embeddable":true,"href":"https:\/\/linitiative.ca\/International\/wp-json\/"}],"wp:attachment":[{"href":"https:\/\/linitiative.ca\/International\/wp-json\/wp\/v2\/media?parent=90434"}],"wp:term":[{"taxonomy":"category","embeddable":true,"href":"https:\/\/linitiative.ca\/International\/wp-json\/wp\/v2\/categories?post=90434"},{"taxonomy":"post_tag","embeddable":true,"href":"https:\/\/linitiative.ca\/International\/wp-json\/wp\/v2\/tags?post=90434"}],"curies":[{"name":"wp","href":"https:\/\/api.w.org\/{rel}","templated":true}]}}