{"id":90435,"date":"2020-06-28T05:27:23","date_gmt":"2020-06-28T09:27:23","guid":{"rendered":"https:\/\/linitiative.ca\/International\/covid-19-setif-intensification-des-controles-pour-sensibiliser-les-citoyens\/"},"modified":"2020-06-28T05:27:23","modified_gmt":"2020-06-28T09:27:23","slug":"covid-19-setif-intensification-des-controles-pour-sensibiliser-les-citoyens","status":"publish","type":"post","link":"https:\/\/linitiative.ca\/International\/covid-19-setif-intensification-des-controles-pour-sensibiliser-les-citoyens\/","title":{"rendered":"Covid-19\/S\u00e9tif : intensification des contr\u00f4les pour sensibiliser les citoyens"},"content":{"rendered":"<div readability=\"35\">\n<p><strong>SETIF- Les services de la s\u00fbret\u00e9 de la wilaya de S\u00e9tif intensifient leur pr\u00e9sence sur le terrain ces derniers jours pour sensibiliser les citoyens au port du masque protecteur et les inciter \u00e0 respecter les mesures pr\u00e9ventives contre la propagation du Coronavirus, a-t-on constat\u00e9.<\/strong><\/p>\n<\/div>\n<div readability=\"75.017047515415\">\n<p>Les \u00e9l\u00e9ments de la s\u00fbret\u00e9 de la wilaya multiplient les sorties dans toutes les r\u00e9gions de la wilaya, ciblant notamment les march\u00e9s et les grands espaces commerciaux, afin de sensibiliser les citoyens au port des bavettes et de veiller \u00e0 la stricte application des mesures de protection contre l\u2019\u00e9pid\u00e9mie du coronavirus.<\/p>\n<p>Le charg\u00e9 de communication de la police de S\u00e9tif, le commissaire Abdelouaheb Aissani, a indiqu\u00e9 \u00e0 l\u2019APS que les services de s\u00fbret\u00e9 de la wilaya \u00ab\u00a0ont soigneusement \u00e9tudi\u00e9 la r\u00e9partition de leurs \u00e9l\u00e9ments sur l\u2019ensemble de leur territoire de comp\u00e9tence pour veiller \u00e0 la stricte application des mesures pr\u00e9ventives contre le Covid-19 et verbaliser les contrevenants au confinement sanitaire.\u00a0\u00bb<\/p>\n<p>Au cours des op\u00e9rations de contr\u00f4le, a-t-il dit, il a \u00e9t\u00e9 \u00e9tabli 2488 contraventions pour non port de bavette et ce en application du d\u00e9cret ex\u00e9cutif n 20-127 du 20 mai 2020 modifiant et compl\u00e9tant le d\u00e9cret ex\u00e9cutif n 20-70 du 24 mars 2020 fixant des mesures compl\u00e9mentaires de pr\u00e9vention et de lutte contre la propagation du coronavirus et rendant obligatoire le port de celui-ci.<\/p>\n<blockquote readability=\"15\">\n<p><strong><em>\u00ab\u00a0Ce d\u00e9cret stipule que le masque de protection doit \u00eatre port\u00e9 par toutes les personnes et en toutes circonstances, sur la voie et les lieux publics, sur les lieux de travail, ainsi que dans tous les espaces ouverts ou ferm\u00e9s recevant le public, notamment les institutions et administrations publiques, les services publics, les \u00e9tablissements de prestations de services et les lieux de commerce\u00a0\u00bb, a soulign\u00e9 le commissaire Aissani.<\/em><\/strong><\/p>\n<\/blockquote>\n<hr\/>\n<h3 class=\"itemTitle\">Lire aussi:\u00a0<a href=\"http:\/\/www.aps.dz\/regions\/105994-alger-operation-de-distribution-de-masques-de-protection-aux-citoyens\" target=\"_blank\" rel=\"noopener noreferrer\">Alger: op\u00e9ration de distribution de masques de protection aux citoyens<\/a><\/h3>\n<hr\/>\n<p>Visant \u00e0 asseoir la culture du port de masque dans les lieux publics, ces mesures prises \u00e0 l\u2019encontre des contrevenants se veulent \u00e0 la fois r\u00e9pressives, mais aussi sensibilisatrices des citoyens quant \u00e0 l\u2019imp\u00e9ratif respect des gestes de protection contre la pand\u00e9mie du Covid-19.<\/p>\n<p>Le commissaire Aissani a \u00e9galement fait savoir que 11423 dossiers ont \u00e9t\u00e9 \u00e9tablis pour non-respect du confinement, en plus de la mise en fourri\u00e8re de 171 v\u00e9hicules et de 851 motocyclettes.<\/p>\n<p>Pour ce qui est des activit\u00e9s commerciales, il a r\u00e9v\u00e9l\u00e9 que 277 proc\u00e8s-verbaux ont \u00e9t\u00e9 dress\u00e9s \u00e0 l\u2019encontre de commer\u00e7ants et de leurs clients pour non-respect des mesures de distanciation sociale \u00e0 l\u2019int\u00e9rieur des magasins.<\/p>\n<p>Le charg\u00e9 de communication de la s\u00fbret\u00e9 de la wilaya de S\u00e9tif a affirm\u00e9 que ces op\u00e9rations ont \u00e9t\u00e9 pr\u00e9c\u00e9d\u00e9es d\u2019une vaste campagne de sensibilisation dans les 60 communes de la wilaya ayant vis\u00e9 toutes les franges de la soci\u00e9t\u00e9 qui a mis en avant l\u2019importance de se plier aux mesures pr\u00e9ventives notamment sur la voie publique et les lieux de commerce.<\/p>\n<\/div>\n<p>Auteur:<br \/>\n<a href=\"http:\/\/www.aps.dz\/regions\/106697-covid-19-setif-intensification-des-controles-pour-sensibiliser-les-citoyens\">Cliquez ici pour lire l&rsquo;article depuis sa source.<\/a><\/p>\n","protected":false},"excerpt":{"rendered":"<p>SETIF- Les services de la s\u00fbret\u00e9 de la wilaya de S\u00e9tif intensifient leur pr\u00e9sence sur le terrain ces derniers jours pour sensibiliser les citoyens au port du masque protecteur et les inciter \u00e0 respecter les mesures pr\u00e9ventives contre la propagation du Coronavirus, a-t-on constat\u00e9. Les \u00e9l\u00e9ments de la s\u00fbret\u00e9 de la wilaya multiplient les sorties [&hellip;]<\/p>\n","protected":false},"author":1790,"featured_media":0,"comment_status":"closed","ping_status":"closed","sticky":false,"template":"","format":"standard","meta":{"fifu_image_url":"","fifu_image_alt":"","footnotes":""},"categories":[53,76],"tags":[],"class_list":["post-90435","post","type-post","status-publish","format-standard","hentry","category-algerie","category-regions"],"_links":{"self":[{"href":"https:\/\/linitiative.ca\/International\/wp-json\/wp\/v2\/posts\/90435","targetHints":{"allow":["GET"]}}],"collection":[{"href":"https:\/\/linitiative.ca\/International\/wp-json\/wp\/v2\/posts"}],"about":[{"href":"https:\/\/linitiative.ca\/International\/wp-json\/wp\/v2\/types\/post"}],"author":[{"embeddable":true,"href":"https:\/\/linitiative.ca\/International\/wp-json\/wp\/v2\/users\/1790"}],"replies":[{"embeddable":true,"href":"https:\/\/linitiative.ca\/International\/wp-json\/wp\/v2\/comments?post=90435"}],"version-history":[{"count":0,"href":"https:\/\/linitiative.ca\/International\/wp-json\/wp\/v2\/posts\/90435\/revisions"}],"wp:attachment":[{"href":"https:\/\/linitiative.ca\/International\/wp-json\/wp\/v2\/media?parent=90435"}],"wp:term":[{"taxonomy":"category","embeddable":true,"href":"https:\/\/linitiative.ca\/International\/wp-json\/wp\/v2\/categories?post=90435"},{"taxonomy":"post_tag","embeddable":true,"href":"https:\/\/linitiative.ca\/International\/wp-json\/wp\/v2\/tags?post=90435"}],"curies":[{"name":"wp","href":"https:\/\/api.w.org\/{rel}","templated":true}]}}