{"id":90443,"date":"2020-06-28T11:02:43","date_gmt":"2020-06-28T15:02:43","guid":{"rendered":"https:\/\/linitiative.ca\/International\/ouargla-operations-de-nettoiement-et-desinfection-a-travers-les-differentes-communes-de-la-wilaya\/"},"modified":"2020-06-28T11:02:43","modified_gmt":"2020-06-28T15:02:43","slug":"ouargla-operations-de-nettoiement-et-desinfection-a-travers-les-differentes-communes-de-la-wilaya","status":"publish","type":"post","link":"https:\/\/linitiative.ca\/International\/ouargla-operations-de-nettoiement-et-desinfection-a-travers-les-differentes-communes-de-la-wilaya\/","title":{"rendered":"Ouargla: op\u00e9rations de nettoiement et d\u00e9sinfection \u00e0 travers les diff\u00e9rentes communes de la wilaya"},"content":{"rendered":"<div readability=\"36\">\n<p><strong>OUARGLA- Une campagne d\u2019envergure de nettoiement et de d\u00e9sinfection contre la propagation de la pand\u00e9mie du Coronavirus et la lutte contre l\u2019envenimation scorpionique \u00e9t\u00e9 lanc\u00e9e dimanche \u00e0 travers les\u00a0diff\u00e9rentes communes de la wilaya d\u2019Ouargla \u00e0 l\u2019initiative des associations actives, a-t-on constat\u00e9.<\/strong><\/p>\n<\/div>\n<div readability=\"87\">\n<p>Men\u00e9e avec le concours de la direction locale de l\u2019environnement, cette campagne cible les cit\u00e9s et quartiers des communes, les structures publiques \u00e0 l\u2019instar de l\u2019\u00e9tablissement public hospitalier \u2013EPH-Mohamed Boudiaf, les structures de sant\u00e9 de proximit\u00e9 des quartiers du vieux Ksar,\u00a0B\u00e9ni-thour, Mekhadma, de la cit\u00e9 En-Nasr, banlieue Ouest d\u2019Ouargla, ainsi que les carrefours et le centre commercial de la ville d\u2019Ouargla.<\/p>\n<p>Ces actions consistent, outre la pulv\u00e9risation des produits d\u00e9sinfectants, en le nettoiement et le ramassage des d\u00e9chets et ordures, des d\u00e9combres et r\u00e9sidus des travaux de construction, a indiqu\u00e9 la directrice de l\u2019environnement, Fatma Bazine.<\/p>\n<p>\u00a0Dans la ville de Hassi-Messaoud, la campagne pr\u00e9ventive contre la pand\u00e9mie Covid-19 se poursuit \u00e0 un rythme soutenu avec le concours des services de la protection civile et des entreprises p\u00e9troli\u00e8res \u00e9tablies\u00a0dans la r\u00e9gion, ainsi que des associations locales et des agents d\u2019hygi\u00e8ne de la commune de Hassi-Messaoud.<\/p>\n<p>\u00a0Cette campagne porte notamment sur l\u2019\u00e9radication des points noirs alt\u00e9rant le paysage de la ville, la d\u00e9sinfection du grand boulevard, des rues et ruelles, les esplanades publiques, des locaux commerciaux qui connaissant notamment des flux de citoyens.<\/p>\n<blockquote readability=\"11\">\n<p><em><strong>\u00ab\u00a0Cette vaste op\u00e9ration s\u2019assigne comme objectifs la pr\u00e9servation de la sant\u00e9 publique et l\u2019embellissement urbain \u00e0 la faveur de la lutte contre les d\u00e9potoirs anarchiques des d\u00e9chets, notamment en cette p\u00e9riode\u00a0d\u2019intensification des actions pr\u00e9ventives contre la propagation de la pand\u00e9mie de Covid-19\u00a0\u00bb, a indiqu\u00e9 le chef de la da\u00efra de Hassi-Messaoud, Karim Amedjkouh.<\/strong><\/em><\/p>\n<\/blockquote>\n<p>\u00a0Outre la distribution gratuite des bavettes de protection au profit des citoyens, des op\u00e9rations de sensibilisation et de vulgarisation des mesures pr\u00e9ventives contre la pand\u00e9mie ont \u00e9galement \u00e9t\u00e9 men\u00e9es par les associations et les services de la protection civile.<\/p>\n<p>Plac\u00e9es sous le signe \u00ab\u00a0votre sant\u00e9 tributaire de votre conscience\u00a0\u00bb, ces campagnes, qui ont \u00e9t\u00e9 largement appuy\u00e9es par les associations locales, les comit\u00e9s de quartiers, les organismes et les citoyens b\u00e9n\u00e9voles, se sont vues accorder tous les moyens de r\u00e9alisation n\u00e9cessaires, car interviennent en p\u00e9riode des grandes chaleurs propices pour la prolif\u00e9ration des insectes et des maladies.<\/p>\n<\/div>\n<p>Auteur:<br \/>\n<a href=\"http:\/\/www.aps.dz\/regions\/106708-ouargla-operations-de-nettoiement-et-desinfection-a-travers-les-differentes-communes-de-la-wilaya\">Cliquez ici pour lire l&rsquo;article depuis sa source.<\/a><\/p>\n","protected":false},"excerpt":{"rendered":"<p>OUARGLA- Une campagne d\u2019envergure de nettoiement et de d\u00e9sinfection contre la propagation de la pand\u00e9mie du Coronavirus et la lutte contre l\u2019envenimation scorpionique \u00e9t\u00e9 lanc\u00e9e dimanche \u00e0 travers les\u00a0diff\u00e9rentes communes de la wilaya d\u2019Ouargla \u00e0 l\u2019initiative des associations actives, a-t-on constat\u00e9. Men\u00e9e avec le concours de la direction locale de l\u2019environnement, cette campagne cible les [&hellip;]<\/p>\n","protected":false},"author":1790,"featured_media":0,"comment_status":"closed","ping_status":"closed","sticky":false,"template":"","format":"standard","meta":{"fifu_image_url":"","fifu_image_alt":"","footnotes":""},"categories":[53,76],"tags":[],"class_list":["post-90443","post","type-post","status-publish","format-standard","hentry","category-algerie","category-regions"],"_links":{"self":[{"href":"https:\/\/linitiative.ca\/International\/wp-json\/wp\/v2\/posts\/90443","targetHints":{"allow":["GET"]}}],"collection":[{"href":"https:\/\/linitiative.ca\/International\/wp-json\/wp\/v2\/posts"}],"about":[{"href":"https:\/\/linitiative.ca\/International\/wp-json\/wp\/v2\/types\/post"}],"author":[{"embeddable":true,"href":"https:\/\/linitiative.ca\/International\/wp-json\/wp\/v2\/users\/1790"}],"replies":[{"embeddable":true,"href":"https:\/\/linitiative.ca\/International\/wp-json\/wp\/v2\/comments?post=90443"}],"version-history":[{"count":0,"href":"https:\/\/linitiative.ca\/International\/wp-json\/wp\/v2\/posts\/90443\/revisions"}],"wp:attachment":[{"href":"https:\/\/linitiative.ca\/International\/wp-json\/wp\/v2\/media?parent=90443"}],"wp:term":[{"taxonomy":"category","embeddable":true,"href":"https:\/\/linitiative.ca\/International\/wp-json\/wp\/v2\/categories?post=90443"},{"taxonomy":"post_tag","embeddable":true,"href":"https:\/\/linitiative.ca\/International\/wp-json\/wp\/v2\/tags?post=90443"}],"curies":[{"name":"wp","href":"https:\/\/api.w.org\/{rel}","templated":true}]}}