{"id":90444,"date":"2020-06-28T05:10:09","date_gmt":"2020-06-28T09:10:09","guid":{"rendered":"https:\/\/linitiative.ca\/International\/le-confinement-total-dans-certaines-localites-nest-pas-a-ecarter\/"},"modified":"2020-06-28T05:10:09","modified_gmt":"2020-06-28T09:10:09","slug":"le-confinement-total-dans-certaines-localites-nest-pas-a-ecarter","status":"publish","type":"post","link":"https:\/\/linitiative.ca\/International\/le-confinement-total-dans-certaines-localites-nest-pas-a-ecarter\/","title":{"rendered":"\u00abLe confinement total dans certaines localit\u00e9s n\u2019est pas \u00e0 \u00e9carter\u00bb"},"content":{"rendered":"<h4 class=\"title-14\">Pr Abderrahmane Benbouzid. Ministre de la Sant\u00e9, de la Population et de la R\u00e9forme hospitali\u00e8re<\/h4>\n<div class=\"featured_image\"><img loading=\"lazy\" decoding=\"async\" width=\"600\" height=\"300\" src=\"https:\/\/www.elwatan.com\/wp-content\/uploads\/2020\/06\/JAD.jpg\" class=\"attachment-post-thumbnail size-post-thumbnail wp-post-image\" alt=\"\" srcset=\"https:\/\/www.elwatan.com\/wp-content\/uploads\/2020\/06\/JAD.jpg 600w, https:\/\/www.elwatan.com\/wp-content\/uploads\/2020\/06\/JAD-300x150.jpg 300w\" sizes=\"auto, (max-width: 600px) 100vw, 600px\"\/><\/div>\n<p class=\"p1\"><span class=\"s1\"><strong>Le P<sup>r<\/sup> Abderrahmane Benbouzid, ministre de la Sant\u00e9, de la Population et de la R\u00e9forme hospitali\u00e8re, revient dans cet entretien sur l\u2019\u00e9volution de la pand\u00e9mie de Covid-19 dont le nombre de nouveaux cas a atteint un chiffre record vendredi depuis le d\u00e9but de l\u2019\u00e9pid\u00e9mie en f\u00e9vrier dernier. Il estime que comparativement aux autres pays, la situation n\u2019est pas aussi pr\u00e9occupante, mais la vigilance est toujours de mise.<\/strong><\/span><\/p>\n<p class=\"p1\"><em><strong><span class=\"s1\">\u2013 Le nombre de nouveaux cas de la Covid-19 est en hausse depuis plus d\u2019une semaine. 240 nouvelles contaminations ont \u00e9t\u00e9 enregistr\u00e9es vendredi, un chiffre record a \u00e9t\u00e9 atteint depuis le d\u00e9but de l\u2019\u00e9pid\u00e9mie. Comment expliquez-vous cette recrudescence ?<\/span><\/strong><\/em><\/p>\n<p class=\"p1\"><span class=\"s1\">Je dois rappeler que le monde fait face \u00e0 une pand\u00e9mie dont l\u2019\u00e9volution est impr\u00e9visible. Cette recrudescence actuelle des cas de la Covid-19 \u00e9tait par contre attendue, vu le processus de d\u00e9confinement entam\u00e9 \u00e0 travers le monde et dans notre pays.<\/span><\/p>\n<p class=\"p1\"><span class=\"s1\">Ainsi, le nombre de cas a fortement augment\u00e9 et les chiffres ont \u00e9t\u00e9 multipli\u00e9s un peu partout. C\u2019est le cas dans plusieurs pays d\u2019Europe, dont certains ont d\u2019ailleurs proc\u00e9d\u00e9 au reconfinement territorial, tels que l\u2019Allemagne.<\/span><\/p>\n<p class=\"p1\"><span class=\"s1\">Les courbes \u00e9pid\u00e9miques ont connu effectivement un rebond en Alg\u00e9rie, enItalie, en France, en Egypte et au Maroc. Selon les estimations de l\u2019OMS, un million de contaminations a \u00e9t\u00e9 enregistr\u00e9 en huit jours, alors que le premier million de cas de la Covid-19 s\u2019est produit en trois mois depuis le d\u00e9but de la pand\u00e9mie.<\/span><\/p>\n<p class=\"p1\"><span class=\"s1\">Comme elle a alert\u00e9 \u00e9galement, ce week-end, sur l\u2019augmentation du nombre de cas dans certains pays d\u2019Europe.<\/span><\/p>\n<p class=\"p1\"><span class=\"s1\">En comparaison avec les autres pays du monde, les chiffres enregistr\u00e9s \u00e0 ce jour en Alg\u00e9rie restent infimes, notamment les cas de d\u00e9c\u00e8s, dont la moyenne est de dix par jour avec un taux de mortalit\u00e9 de moins de 2 pour 100 000 habitants, alors que ce taux est bien plus sup\u00e9rieur ailleurs, et il d\u00e9passe plus de 50 cas pour 100 000 habitants aux Etats-Unis, en France, Belgique.<\/span><\/p>\n<p class=\"p1\"><span class=\"s1\">Il en est de m\u00eame pour les nouveaux cas positifs qui ont connu une hausse dans ces pays avec des chiffres \u00e9lev\u00e9s. Des mesures sont prises pour justement faire face \u00e0 cette hausse du nombre de cas qui n\u2019est, au demeurant, pas alarmant, puisque le ph\u00e9nom\u00e8ne est mondial.<\/span><\/p>\n<p class=\"p1\"><span class=\"s1\">Les cas enregistr\u00e9s ces derniers jours sont bien s\u00fbr li\u00e9s aux diff\u00e9rents foyers de contagion identifi\u00e9s dans certaines wilayas du pays. Je dois pr\u00e9ciser qu\u2019outre ces cas-l\u00e0, une dizaine de wilayas n\u2019ont enregistr\u00e9 vendredi aucun cas positif, ni d\u00e9c\u00e8s, alors que d\u2019autres ont moins de six cas positifs chacune.<\/span><\/p>\n<p class=\"p1\"><span class=\"s1\">Ce qui est quand m\u00eame rassurant. Nous ne cessons pas de rappeler l\u2019importance des mesures de pr\u00e9vention, les gestes barri\u00e8res \u00e0 travers la distanciation sociale et le port du masque.<\/span><\/p>\n<p class=\"p1\"><span class=\"s1\">Nous avons tous constat\u00e9 les comportements indisciplin\u00e9s de certains citoyens dans les transports et les march\u00e9s. Nous risquons d\u2019avoir encore des chiffres \u00e9lev\u00e9s dans les prochains jours.<\/span><\/p>\n<p class=\"p1\"><em><strong><span class=\"s1\">\u2013 Est-ce que le retour au confinement de certaines wilayas o\u00f9 des foyers \u00e9pid\u00e9miques ont \u00e9t\u00e9 signal\u00e9s est possible ?<\/span><\/strong><\/em><\/p>\n<p class=\"p1\"><span class=\"s1\">La d\u00e9cision ne me revient pas. Cela d\u00e9pend de la situation \u00e9pid\u00e9miologique dans ces r\u00e9gions o\u00f9 des enqu\u00eates dans ce sens sont men\u00e9es. Lesquelles sont faites, non sans grandes difficult\u00e9s, aupr\u00e8s de la population locale.<\/span><\/p>\n<p class=\"p1\"><span class=\"s1\">Le conseil scientifique de suivi et de l\u2019\u00e9volution de la pand\u00e9mie se r\u00e9unit r\u00e9guli\u00e8rement et des recommandations sont formul\u00e9es selon l\u2019\u00e9volution de la situation. Dans le cas o\u00f9 les indicateurs \u00e9voluent mal dans ces r\u00e9gions, des mesures restrictives s\u2019imposent.<\/span><\/p>\n<p class=\"p1\"><span class=\"s1\">Il est certain que dans les localit\u00e9s o\u00f9 les foyers de contagion persistent, les cas positifs seront isol\u00e9s et trait\u00e9s, des enqu\u00eates \u00e9pid\u00e9miologiques seront lanc\u00e9es, et probablement le confinement des localit\u00e9s \u00e0 forte contamination n\u2019est pas \u00e0 \u00e9carter. On ne peut pas revenir au confinement total de toutes les wilayas, mais plut\u00f4t des localit\u00e9s.<\/span><\/p>\n<p class=\"p1\"><span class=\"s1\">Le pr\u00e9sident de la R\u00e9publique l\u2019avait d\u00e9j\u00e0 d\u00e9clar\u00e9. Le gouvernement suit de tr\u00e8s pr\u00e8s la situation \u00e0 travers la cellule de crise multisectorielle et cette pand\u00e9mie reste la pr\u00e9occupation majeure de l\u2019Etat.<\/span><\/p>\n<p class=\"p1\"><em><strong><span class=\"s1\">\u2013 Depuis la lev\u00e9e du confinement, le taux d\u2019occupation des lits au niveau national a connu un bond, passant de 45 \u00e0 65%. Quelles sont les mesures adopt\u00e9es pour assurer la prise en charge des patients ?<\/span><\/strong><\/em><\/p>\n<p class=\"p1\"><span class=\"s1\">Effectivement, des services hospitaliers connaissent un taux d\u2019occupation plus \u00e9lev\u00e9 ces derniers jours, en raison de l\u2019augmentation du nombre de cas positifs ainsi que ceux probables diagnostiqu\u00e9s \u00e0 l\u2019imagerie m\u00e9dicale.<\/span><\/p>\n<p class=\"p1\"><span class=\"s1\">A cet effet, depuis le 21 juin, dans le souci de d\u00e9sengorger les services, une instruction a \u00e9t\u00e9 diffus\u00e9e pour r\u00e9duire la dur\u00e9e d\u2019hospitalisation \u00e0 5 jours sous condition d\u2019un suivi rigoureux de la continuit\u00e9 du confinement et du traitement \u00e0 domicile, surtout pour les cas b\u00e9nins et mod\u00e9r\u00e9s.<\/span><\/p>\n<p class=\"p1\"><span class=\"s1\">Ainsi, \u00e0 d\u00e9faut d\u2019un confinement \u00e0 domicile, ces cas suspects doivent \u00eatre plac\u00e9s dans des \u00e9tablissements d\u00e9di\u00e9s afin de soulager les h\u00f4pitaux. Concernant les cas symptomatiques confirm\u00e9s, le traitement sp\u00e9cifique peut \u00eatre conduit et suivi \u00e0 titre ambulatoire en h\u00f4pital de jour.<\/span><\/p>\n<p class=\"p1\"><span class=\"s1\">Mais il ne faut pas oublier de mettre en valeur \u00e9galement le nombre de cas gu\u00e9ris et sortants quotiennement, lib\u00e9rant ainsi un nombre important de lits d\u2019hospitalisation.<\/span><\/p>\n<p class=\"p1\"><span class=\"s1\">Je dois signaler que le personnel de la sant\u00e9, dont les \u00e9quipes m\u00e9dicales et param\u00e9dicales et le personnel de laboratoire qui sont en premi\u00e8re ligne, s\u2019essouffle et des situations d\u2019\u00e9puisement sont enregistr\u00e9es.<\/span><\/p>\n<p class=\"p1\"><span class=\"s1\">Nous devons rester tr\u00e8s vigilants, tout en respectant les mesures de pr\u00e9vention et les gestes barri\u00e8res, un moyen d\u2019aider ce personnel \u00e0 poursuivre sa mission.<\/span><\/p>\n<p class=\"p1\"><em><span class=\"s1\"><strong>\u2013 Faut-il s\u2019inqui\u00e9ter de la situation actuelle en Alg\u00e9rie ?<\/strong><\/span><\/em><\/p>\n<p class=\"p1\"><span class=\"s1\">Je ne pense pas qu\u2019il y a lieu de s\u2019inqui\u00e9ter. La situation n\u2019est pas alarmante malgr\u00e9 cette recrudescence qui est, je rappelle, mondiale.<\/span><\/p>\n<p class=\"p1\"><span class=\"s1\">Il s\u2019agit d\u2019une pand\u00e9mie qui touche tous les pays et cette nouvelle hausse du nombre de cas s\u2019explique par le rel\u00e2chement au niveau de ces pays apr\u00e8s le d\u00e9confinement. Nous somme appel\u00e9s \u00e0 vivre avec toutes les mesures barri\u00e8res jusqu\u2019\u00e0 l\u2019\u00e9radication de ce virus.<\/span><\/p>\n<p><span class=\"post-views-label\">Post Views:<\/span> <span class=\"post-views-count\">4\u00a0127<\/span><\/p>\n<p><br class=\"c2\"\/><br class=\"c6\"\/><\/p>\n<p>Auteur: Anis Khecheba<br \/>\n<a href=\"https:\/\/www.elwatan.com\/edition\/actualite\/le-confinement-total-dans-certaines-localites-nest-pas-a-ecarter-28-06-2020\">Cliquez ici pour lire l&rsquo;article depuis sa source.<\/a><\/p>\n","protected":false},"excerpt":{"rendered":"<p>Pr Abderrahmane Benbouzid. Ministre de la Sant\u00e9, de la Population et de la R\u00e9forme hospitali\u00e8re Le Pr Abderrahmane Benbouzid, ministre de la Sant\u00e9, de la Population et de la R\u00e9forme hospitali\u00e8re, revient dans cet entretien sur l\u2019\u00e9volution de la pand\u00e9mie de Covid-19 dont le nombre de nouveaux cas a atteint un chiffre record vendredi depuis [&hellip;]<\/p>\n","protected":false},"author":1743,"featured_media":90450,"comment_status":"closed","ping_status":"closed","sticky":false,"template":"","format":"standard","meta":{"fifu_image_url":"","fifu_image_alt":"","footnotes":""},"categories":[73,53],"tags":[],"class_list":["post-90444","post","type-post","status-publish","format-standard","has-post-thumbnail","hentry","category-actualite","category-algerie"],"_links":{"self":[{"href":"https:\/\/linitiative.ca\/International\/wp-json\/wp\/v2\/posts\/90444","targetHints":{"allow":["GET"]}}],"collection":[{"href":"https:\/\/linitiative.ca\/International\/wp-json\/wp\/v2\/posts"}],"about":[{"href":"https:\/\/linitiative.ca\/International\/wp-json\/wp\/v2\/types\/post"}],"author":[{"embeddable":true,"href":"https:\/\/linitiative.ca\/International\/wp-json\/wp\/v2\/users\/1743"}],"replies":[{"embeddable":true,"href":"https:\/\/linitiative.ca\/International\/wp-json\/wp\/v2\/comments?post=90444"}],"version-history":[{"count":0,"href":"https:\/\/linitiative.ca\/International\/wp-json\/wp\/v2\/posts\/90444\/revisions"}],"wp:featuredmedia":[{"embeddable":true,"href":"https:\/\/linitiative.ca\/International\/wp-json\/"}],"wp:attachment":[{"href":"https:\/\/linitiative.ca\/International\/wp-json\/wp\/v2\/media?parent=90444"}],"wp:term":[{"taxonomy":"category","embeddable":true,"href":"https:\/\/linitiative.ca\/International\/wp-json\/wp\/v2\/categories?post=90444"},{"taxonomy":"post_tag","embeddable":true,"href":"https:\/\/linitiative.ca\/International\/wp-json\/wp\/v2\/tags?post=90444"}],"curies":[{"name":"wp","href":"https:\/\/api.w.org\/{rel}","templated":true}]}}