{"id":90454,"date":"2020-06-28T05:11:20","date_gmt":"2020-06-28T09:11:20","guid":{"rendered":"https:\/\/linitiative.ca\/International\/hausse-fulgurante-du-nombre-de-contaminations-a-la-covid-19-laxisme-fatal\/"},"modified":"2020-06-28T05:11:20","modified_gmt":"2020-06-28T09:11:20","slug":"hausse-fulgurante-du-nombre-de-contaminations-a-la-covid-19-laxisme-fatal","status":"publish","type":"post","link":"https:\/\/linitiative.ca\/International\/hausse-fulgurante-du-nombre-de-contaminations-a-la-covid-19-laxisme-fatal\/","title":{"rendered":"Hausse fulgurante du nombre de contaminations \u00e0 la Covid-19 : Laxisme fatal"},"content":{"rendered":"<h4 class=\"title-14\"\/>\n<div class=\"featured_image\"><img loading=\"lazy\" decoding=\"async\" width=\"1000\" height=\"448\" src=\"https:\/\/www.elwatan.com\/wp-content\/uploads\/2020\/06\/UNEEEEEE-4.jpg\" class=\"attachment-post-thumbnail size-post-thumbnail wp-post-image\" alt=\"\" srcset=\"https:\/\/www.elwatan.com\/wp-content\/uploads\/2020\/06\/UNEEEEEE-4.jpg 1000w, https:\/\/www.elwatan.com\/wp-content\/uploads\/2020\/06\/UNEEEEEE-4-300x134.jpg 300w, https:\/\/www.elwatan.com\/wp-content\/uploads\/2020\/06\/UNEEEEEE-4-768x344.jpg 768w\" sizes=\"auto, (max-width: 1000px) 100vw, 1000px\"\/><\/div>\n<p class=\"p1\"><span class=\"s2\"><strong>L\u2019Alg\u00e9rie avait connu une accalmie trompeuse qui a incit\u00e9 les pouvoirs publics \u00e0 entamer une premi\u00e8re phase de d\u00e9confinement.<\/strong><\/span><\/p>\n<p class=\"p1\"><span class=\"s3\">R<\/span><span class=\"s4\">ien n\u2019arr\u00eate l\u2019\u00e9volution de l\u2019\u00e9pid\u00e9mie de la Covid-19. Le nombre de cas confirm\u00e9s de personnes touch\u00e9es par le coronavirus a atteint hier les 283 cas par jour (dans 38 wilayas), franchissant ainsi une barre symbolique et d\u00e9passant de loin le pr\u00e9c\u00e9dent record atteint le 29 avril dernier, en plein Ramadhan, et qui \u00e9tait de<span class=\"Apple-converted-space\">\u00a0<\/span> l\u2019ordre 199 contaminations.<\/span><\/p>\n<p class=\"p4\"><span class=\"s2\">Force est de constater que le virus de la Covid-19 profite du moindre rel\u00e2chement pour<span class=\"Apple-converted-space\">\u00a0<\/span> s\u2019installer.<\/span><\/p>\n<p class=\"p4\"><span class=\"s2\">Il a donn\u00e9 un coup d\u2019acc\u00e9l\u00e9rateur la semaine derni\u00e8re, passant de 119 cas confirm\u00e9s vendredi 19 juin \u00e0 127 samedi 20 juin, puis 140 dimanche 21 juin, jusqu\u2019\u00e0 atteindre les 171 mercredi 24 juin et culminer \u00e0 197 jeudi 25 juin, puis 240 ce vendredi et 283 hier.<\/span><\/p>\n<p class=\"p4\"><span class=\"s2\">En tout et pour tout, le nombre de contaminations a atteint 1343 en une semaine, un nouveau record.<\/span><\/p>\n<p class=\"p5\"><span class=\"s2\">Le nombre de d\u00e9c\u00e8s par jour reste toutefois relativement faible et stable\u00a0: 14 vendredi 19 juin, 12 samedi 20 juin, 8 dimanche 21 juin, 8 mercredi 24 juin, 9 jeudi dernier, 7 ce vendredi et 7 hier, soit un total de 81 morts en une semaine.<\/span><\/p>\n<p class=\"p5\"><span class=\"s2\">La situation est particuli\u00e8rement inqui\u00e9tante dans certaines villes, telles que S\u00e9tif, Alger, M\u2019sila, Biskra, Constantine, Ouargla et B\u00e9char.<\/span><\/p>\n<p class=\"p5\"><span class=\"s2\">La carte des contaminations affiche 16 wilayas fortement touch\u00e9es, avec un taux d\u2019incidence au-dessus de la moyenne nationale (qui est de 28,5 contaminations par 100\u00a0000 habitants) et 32 wilayas en dessous de ce taux.<\/span><\/p>\n<p class=\"p5\"><span class=\"s2\">En r\u00e9sum\u00e9, le total des cas confirm\u00e9s s\u2019\u00e9l\u00e8ve ainsi \u00e0 12\u00a0986, soit 29 cas pour 100 000 habitants, celui des d\u00e9c\u00e8s \u00e0 885, alors que le nombre des patients gu\u00e9ris est pass\u00e9 \u00e0 plus de 9202.<\/span><\/p>\n<p class=\"p5\"><span class=\"s2\">Plus que jamais, l\u2019objectif est que le nombre de cas n\u00e9cessitant une hospitalisation reste inf\u00e9rieur aux capacit\u00e9s d\u2019accueil.<\/span><\/p>\n<p class=\"p5\"><span class=\"s2\">Il s\u2019agit donc \u00e0 ce stade de parvenir \u00e0 ralentir la progression sous peine de se retrouver au milieu d\u2019une crise sanitaire majeure. L\u2019Alg\u00e9rie avait connu une accalmie trompeuse qui a incit\u00e9 les pouvoirs publics \u00e0 entamer une premi\u00e8re phase de d\u00e9confinement.<\/span><\/p>\n<p class=\"p5\"><span class=\"s2\">Une d\u00e9cision qui a peut-\u00eatre \u00e9t\u00e9 interpr\u00e9t\u00e9e comme la fin du cauchemar, poussant les gens \u00e0 revenir \u00e0 la normalit\u00e9, quitte \u00e0 \u00eatre moins regardants sur le respect des gestes barri\u00e8res.<\/span><\/p>\n<p class=\"p5\"><span class=\"s2\">Fawzi Derrar, directeur de l\u2019Institut Pasteur, impute la hausse sensible des cas de coronavirus en Alg\u00e9rie, \u00e0 laquelle d\u2019autres pays sont \u00e9galement confront\u00e9s, au fait que <em>\u00able\u00a0virus n\u2019a pas compl\u00e8tement disparu\u00bb<\/em>.<\/span><\/p>\n<p class=\"p5\"><span class=\"s2\">Certains pays qui avaient lev\u00e9 le confinement, comme l\u2019Allemagne, ont d\u2019ailleurs \u00e9t\u00e9 contraints de reconfiner \u00e0 cause de l\u2019apparition de nouveaux foyers, a-t-il soulign\u00e9 \u00e0 l\u2019Aps.<\/span><\/p>\n<p class=\"p5\"><span class=\"s2\">Autre facteur ayant contribu\u00e9 \u00e0 la hausse sensible du nombre de malades, ces derniers jours, est l\u2019enregistrement de cas de regroupements familiaux et de f\u00eates, repr\u00e9sentant entre 16 et 17% du total des cas annonc\u00e9s, en d\u00e9pit de <em>\u00abtoutes les mises en garde adress\u00e9es par les pouvoirs publics et les experts sur le danger de l\u2019\u00e9pid\u00e9mie de coronavirus\u00bb<\/em>, a-t-il regrett\u00e9.<\/span><\/p>\n<p class=\"p5\"><span class=\"s2\">Des comportements qui sont \u00e0 l\u2019origine <em>\u00abde l\u2019aggravation de la situation\u00bb<\/em>, a-t-il relev\u00e9 avant d\u2019ajouter, d\u2019autre part, qu\u2019il \u00e9tait <em>\u00abn\u00e9cessaire, \u00e0 l\u2019heure actuelle, de chercher les modes \u00e0 m\u00eame de faire face \u00e0 ce danger, particuli\u00e8rement, suite au constat fait sur la poursuite de la prolif\u00e9ration de ce virus dans le monde\u00bb<\/em>.<\/span><\/p>\n<p class=\"p5\"><span class=\"s2\">Il pr\u00e9cise que l\u2019Institut Pasteur d\u2019Alg\u00e9rie s\u2019emploie \u00e0 augmenter le nombre de laboratoires dans les diff\u00e9rentes wilayas, notamment celles enregistrant une recrudescence des cas de Covid-19, annon\u00e7ant par l\u00e0 m\u00eame l\u2019ouverture, la semaine prochaine, de deux laboratoires \u00e0 Annaba et S\u00e9tif pour r\u00e9pondre \u00e0 la demande, sachant que ces deux wilayas ont b\u00e9n\u00e9fici\u00e9 d\u2019une structure sanitaire analogue depuis l\u2019apparition de l\u2019\u00e9pid\u00e9mie.<\/span><\/p>\n<p class=\"p5\"><span class=\"s2\">S\u2019exprimant sur les enqu\u00eates \u00e9pid\u00e9miologiques men\u00e9es dans 12 wilayas ayant connu une recrudescence en mati\u00e8re de nouveaux cas, M. Fourar se veut rassurant, indiquant que les r\u00e9sultats font ressortir l\u2019existence de wilayas <em>\u00abqui ont connu plus de cas que les autres, \u00e0 l\u2019exemple de Ouargla et de S\u00e9tif\u00bb<\/em>, estimant toutefois qu\u2019il s\u2019agit <em>\u00abde situations qui vont se stabiliser\u00bb.<\/em><\/span><\/p>\n<p class=\"p5\"><span class=\"s2\">Il rappelle notamment que le monde avait atteint, mercredi dernier, un chiffre record dans l\u2019\u00e9volution de cette pand\u00e9mie avec 175\u00a0000 nouveaux cas enregistr\u00e9s, M. Fourar a estim\u00e9 qu\u2019en Alg\u00e9rie, <em>\u00abl\u2019augmentation des cas n\u2019est pas significative\u00bb<\/em>.<\/span><\/p>\n<p class=\"p5\"><span class=\"s2\">De son c\u00f4t\u00e9, le pr\u00e9sident du Conseil national de l\u2019Ordre des m\u00e9decins et membre du comit\u00e9 scientifique, Mohamed Bekkat Berkani, a indiqu\u00e9, dans une d\u00e9claration \u00e0 l\u2019APS, que des enqu\u00eates \u00e9pid\u00e9miologiques sont en cours dans les wilayas o\u00f9 il a \u00e9t\u00e9 constat\u00e9 une hausse significative de cas, notant que certains services d\u2019\u00e9pid\u00e9miologie et de m\u00e9decine pr\u00e9ventive (Semep) <em>\u00abconnaissent des difficult\u00e9s pour prendre les d\u00e9cisions qui s\u2019imposent\u00bb<\/em>.<\/span><\/p>\n<p class=\"p5\"><span class=\"s2\"><em>\u00abCette hausse<\/em>, dit-il, <em>est venue suite au rel\u00e2chement constat\u00e9 dans les mesures de protection et les gestes barri\u00e8res.<\/em><\/span><\/p>\n<p class=\"p5\"><span class=\"s2\"><em>Je veux parler surtout de l\u2019absence totale de port de masque de protection, malgr\u00e9 l\u2019existence d\u2019une loi qui oblige les gens \u00e0 le porter.\u00bb\u00a0<\/em><\/span><\/p>\n<p class=\"p5\"><span class=\"s2\">Le fait est, par ailleurs, que l\u2019Organisation mondiale de la sant\u00e9 (OMS) a fait part de son inqui\u00e9tude, jeudi 25 juin, apr\u00e8s avoir observ\u00e9 un rebond des cas de Covid-19 en Europe et sur le continent am\u00e9ricain.<\/span><\/p>\n<p class=\"p5\"><span class=\"s2\">La semaine derni\u00e8re, l\u2019Europe <em>\u00aba connu une augmentation du nombre de cas hebdomadaires pour la premi\u00e8re fois depuis des mois\u00bb<\/em>, a notamment d\u00e9clar\u00e9 le directeur de la branche Europe, Hans Kluge.<\/span><\/p>\n<p class=\"p5\"><span class=\"s2\">Il ajoute que <em>\u00ab30 pays ont vu augmenter le nombre de nouveaux cas cumul\u00e9s au cours des deux derni\u00e8res semaines\u00bb<\/em>.<\/span><\/p>\n<p><span class=\"post-views-label\">Post Views:<\/span> <span class=\"post-views-count\">2\u00a0580<\/span><\/p>\n<p><br class=\"c3\"\/><br class=\"c6\"\/><\/p>\n<p>Auteur: Anis Khecheba<br \/>\n<a href=\"https:\/\/www.elwatan.com\/edition\/actualite\/laxisme-fatal-28-06-2020\">Cliquez ici pour lire l&rsquo;article depuis sa source.<\/a><\/p>\n","protected":false},"excerpt":{"rendered":"<p>L\u2019Alg\u00e9rie avait connu une accalmie trompeuse qui a incit\u00e9 les pouvoirs publics \u00e0 entamer une premi\u00e8re phase de d\u00e9confinement. Rien n\u2019arr\u00eate l\u2019\u00e9volution de l\u2019\u00e9pid\u00e9mie de la Covid-19. Le nombre de cas confirm\u00e9s de personnes touch\u00e9es par le coronavirus a atteint hier les 283 cas par jour (dans 38 wilayas), franchissant ainsi une barre symbolique et [&hellip;]<\/p>\n","protected":false},"author":1743,"featured_media":90455,"comment_status":"closed","ping_status":"closed","sticky":false,"template":"","format":"standard","meta":{"fifu_image_url":"","fifu_image_alt":"","footnotes":""},"categories":[73,53],"tags":[],"class_list":["post-90454","post","type-post","status-publish","format-standard","has-post-thumbnail","hentry","category-actualite","category-algerie"],"_links":{"self":[{"href":"https:\/\/linitiative.ca\/International\/wp-json\/wp\/v2\/posts\/90454","targetHints":{"allow":["GET"]}}],"collection":[{"href":"https:\/\/linitiative.ca\/International\/wp-json\/wp\/v2\/posts"}],"about":[{"href":"https:\/\/linitiative.ca\/International\/wp-json\/wp\/v2\/types\/post"}],"author":[{"embeddable":true,"href":"https:\/\/linitiative.ca\/International\/wp-json\/wp\/v2\/users\/1743"}],"replies":[{"embeddable":true,"href":"https:\/\/linitiative.ca\/International\/wp-json\/wp\/v2\/comments?post=90454"}],"version-history":[{"count":0,"href":"https:\/\/linitiative.ca\/International\/wp-json\/wp\/v2\/posts\/90454\/revisions"}],"wp:featuredmedia":[{"embeddable":true,"href":"https:\/\/linitiative.ca\/International\/wp-json\/"}],"wp:attachment":[{"href":"https:\/\/linitiative.ca\/International\/wp-json\/wp\/v2\/media?parent=90454"}],"wp:term":[{"taxonomy":"category","embeddable":true,"href":"https:\/\/linitiative.ca\/International\/wp-json\/wp\/v2\/categories?post=90454"},{"taxonomy":"post_tag","embeddable":true,"href":"https:\/\/linitiative.ca\/International\/wp-json\/wp\/v2\/tags?post=90454"}],"curies":[{"name":"wp","href":"https:\/\/api.w.org\/{rel}","templated":true}]}}