{"id":90481,"date":"2020-06-28T14:48:13","date_gmt":"2020-06-28T18:48:13","guid":{"rendered":"https:\/\/linitiative.ca\/International\/abdelmajid-tebboune-limoge-un-ministre-qui-refusait-de-renoncer-a-sa-double-nationalite\/"},"modified":"2020-06-28T14:48:13","modified_gmt":"2020-06-28T18:48:13","slug":"abdelmajid-tebboune-limoge-un-ministre-qui-refusait-de-renoncer-a-sa-double-nationalite","status":"publish","type":"post","link":"https:\/\/linitiative.ca\/International\/abdelmajid-tebboune-limoge-un-ministre-qui-refusait-de-renoncer-a-sa-double-nationalite\/","title":{"rendered":"Abdelmajid Tebboune limoge un ministre qui refusait de renoncer \u00e0 sa double nationalit\u00e9"},"content":{"rendered":"<div class=\"post-cont-in left relative\">\n<p>Le pr\u00e9sident de la R\u00e9publique alg\u00e9rienne, Abdelmajid Tebboune, a ordonn\u00e9 le limogeage et le remplacement de Samir Cha\u00e2bna qui venait d\u2019\u00eatre d\u00e9sign\u00e9 ministre d\u00e9l\u00e9gu\u00e9 charg\u00e9 de la communaut\u00e9 alg\u00e9rienne \u00e0 l\u2019\u00e9tranger lors du dernier remaniement minist\u00e9riel du mardi 23 juin. M. Cha\u00e2bna a, en effet, refus\u00e9 de renoncer \u00e0 la nationalit\u00e9 \u00e9trang\u00e8re qu\u2019il d\u00e9tient, selon la m\u00eame source.<\/p>\n<div class=\"code-block code-block-1 c3\"><ins class=\"adsbygoogle c2\" data-ad-layout=\"in-article\" data-ad-format=\"fluid\" data-ad-client=\"ca-pub-2102118777505746\" data-ad-slot=\"7301775417\"\/> <\/div>\n<p>\u00ab Lors des consultations pour la constitution du nouveau gouvernement, Samir Cha\u00e2bna a donn\u00e9 son accord pour d\u00e9tenir le portefeuille de ministre d\u00e9l\u00e9gu\u00e9 charg\u00e9 de la communaut\u00e9 nationale \u00e0 l\u2019\u00e9tranger, sans d\u00e9clarer qu\u2019il \u00e9tait porteur d\u2019une double nationalit\u00e9 \u00bb, indique un communiqu\u00e9 du gouvernement.<\/p>\n<p>\u00ab M. Cha\u00e2bna a refus\u00e9 de se conformer aux dispositions de l\u2019article 17-01 d\u00e9finissant les hautes fonctions de l\u2019\u00c9tat pour lesquelles la nationalit\u00e9 alg\u00e9rienne exclusive est exigible et de renoncer \u00e0 sa nationalit\u00e9 \u00e9trang\u00e8re. Apr\u00e8s son refus de se conformer \u00e0 ces conditions et sur d\u00e9cision du pr\u00e9sident de la R\u00e9publique, il a \u00e9t\u00e9 proc\u00e9d\u00e9 \u00e0 l\u2019annulation de sa d\u00e9signation.<\/p>\n<div class=\"swp_social_panel swp_horizontal_panel swp_flat_fresh swp_default_full_color swp_individual_full_color swp_other_full_color scale-100 scale-\" data-min-width=\"1100\" data-float-color=\"#ffffff\" data-float=\"bottom\" data-float-mobile=\"bottom\" data-transition=\"slide\">\n<div class=\"nc_tweetContainer swp_share_button total_shares total_sharesalt\"><span class=\"swp_count\">40 <span class=\"swp_label\">Partages<\/span><\/span><\/div>\n<\/div>\n<p><strong>Que se passe-t-il en Tunisie?<\/strong><br \/>Nous expliquons sur notre <a href=\"https:\/\/www.youtube.com\/channel\/UCRzypVq0B_yBad5eGrwBx0Q?sub_confirmation=1\" target=\"_blank\" rel=\"noopener noreferrer\">cha\u00eene YouTube<\/a> . <a href=\"https:\/\/www.youtube.com\/channel\/UCRzypVq0B_yBad5eGrwBx0Q?sub_confirmation=1\" target=\"_blank\" rel=\"noopener noreferrer\">Abonnez-vous!<\/a><\/p>\n<div class=\"mvp-org-wrap mvp-org-logo\" itemprop=\"publisher\" itemscope=\"\" itemtype=\"https:\/\/schema.org\/Organization\"><img decoding=\"async\" src=\"https:\/\/www.tunisienumerique.com\/wp-content\/uploads\/2017\/02\/logo_tunisie_numerique.png\"\/><\/div>\n<div class=\"mvp-related-posts left relative\">\n<h4 class=\"post-header\"><span class=\"post-header\">Lire aussi<\/span><\/h4>\n<\/div>\n<div id=\"article-ad\"><ins class=\"adsbygoogle c4\" data-ad-client=\"ca-pub-2102118777505746\" data-ad-slot=\"6513972734\" data-ad-format=\"auto\" data-full-width-responsive=\"true\"\/> <\/div>\n<\/div>\n<div id=\"post-sidebar-wrap\"><ins class=\"adsbygoogle c4\" data-ad-client=\"ca-pub-2102118777505746\" data-ad-slot=\"6168283410\" data-ad-format=\"auto\" data-full-width-responsive=\"true\"\/> <\/div>\n<p>Auteur: LM<br \/>\n<a href=\"https:\/\/www.tunisienumerique.com\/abdelmajid-tebboune-limoge-un-ministre-qui-refusait-de-renoncer-a-sa-double-nationalite\/\">Cliquez ici pour lire l&rsquo;article depuis sa source.<\/a><\/p>\n","protected":false},"excerpt":{"rendered":"<p>Le pr\u00e9sident de la R\u00e9publique alg\u00e9rienne, Abdelmajid Tebboune, a ordonn\u00e9 le limogeage et le remplacement de Samir Cha\u00e2bna qui venait d\u2019\u00eatre d\u00e9sign\u00e9 ministre d\u00e9l\u00e9gu\u00e9 charg\u00e9 de la communaut\u00e9 alg\u00e9rienne \u00e0 l\u2019\u00e9tranger lors du dernier remaniement minist\u00e9riel du mardi 23 juin. M. Cha\u00e2bna a, en effet, refus\u00e9 de renoncer \u00e0 la nationalit\u00e9 \u00e9trang\u00e8re qu\u2019il d\u00e9tient, selon [&hellip;]<\/p>\n","protected":false},"author":1789,"featured_media":90482,"comment_status":"closed","ping_status":"closed","sticky":false,"template":"","format":"standard","meta":{"fifu_image_url":"","fifu_image_alt":"","footnotes":""},"categories":[73,55],"tags":[],"class_list":["post-90481","post","type-post","status-publish","format-standard","has-post-thumbnail","hentry","category-actualite","category-tunisie"],"_links":{"self":[{"href":"https:\/\/linitiative.ca\/International\/wp-json\/wp\/v2\/posts\/90481","targetHints":{"allow":["GET"]}}],"collection":[{"href":"https:\/\/linitiative.ca\/International\/wp-json\/wp\/v2\/posts"}],"about":[{"href":"https:\/\/linitiative.ca\/International\/wp-json\/wp\/v2\/types\/post"}],"author":[{"embeddable":true,"href":"https:\/\/linitiative.ca\/International\/wp-json\/wp\/v2\/users\/1789"}],"replies":[{"embeddable":true,"href":"https:\/\/linitiative.ca\/International\/wp-json\/wp\/v2\/comments?post=90481"}],"version-history":[{"count":0,"href":"https:\/\/linitiative.ca\/International\/wp-json\/wp\/v2\/posts\/90481\/revisions"}],"wp:featuredmedia":[{"embeddable":true,"href":"https:\/\/linitiative.ca\/International\/wp-json\/"}],"wp:attachment":[{"href":"https:\/\/linitiative.ca\/International\/wp-json\/wp\/v2\/media?parent=90481"}],"wp:term":[{"taxonomy":"category","embeddable":true,"href":"https:\/\/linitiative.ca\/International\/wp-json\/wp\/v2\/categories?post=90481"},{"taxonomy":"post_tag","embeddable":true,"href":"https:\/\/linitiative.ca\/International\/wp-json\/wp\/v2\/tags?post=90481"}],"curies":[{"name":"wp","href":"https:\/\/api.w.org\/{rel}","templated":true}]}}