{"id":90487,"date":"2020-06-28T15:03:54","date_gmt":"2020-06-28T19:03:54","guid":{"rendered":"https:\/\/linitiative.ca\/International\/tension-recurrente-entre-le-fcc-et-le-cach\/"},"modified":"2020-06-28T15:03:54","modified_gmt":"2020-06-28T19:03:54","slug":"tension-recurrente-entre-le-fcc-et-le-cach","status":"publish","type":"post","link":"https:\/\/linitiative.ca\/International\/tension-recurrente-entre-le-fcc-et-le-cach\/","title":{"rendered":"TENSION RECURRENTE ENTRE LE FCC ET LE CACH"},"content":{"rendered":"<div class=\"stream-item stream-item-above-post-content\">\n<p><noscript><\/p>\n<p><a href=\"\/\/www3.smartadserver.com\/ac?jump=1&amp;nwid=2136&amp;siteid=240610&amp;pgname=rg&amp;fmtid=49046&amp;visit=m&amp;tmstp=[timestamp]&amp;out=nonrich\" target=\"_blank\" rel=\"noopener noreferrer\"><img decoding=\"async\" src=\"http:\/\/www3.smartadserver.com\/ac?out=nonrich&amp;nwid=2136&amp;siteid=240610&amp;pgname=rg&amp;fmtid=49046&amp;visit=m&amp;tmstp=[timestamp]\" border=\"0\" alt=\"\"\/><\/a><\/p>\n<p><\/noscript><\/div>\n<p><em>L\u2019attelage FCC (Front commun pour le Congo), de Joseph Kabila, et Cach (Cap pour le changement) de F\u00e9lix Tshisekedi mis en place lors de la victoire de ce dernier \u00e0 la pr\u00e9sidentielle pour g\u00e9rer les affaires de l\u2019Etat, traverse des moments difficiles qui, si l\u2019on n\u2019y prend garde, risquent d\u2019aboutir \u00e0 un clash entre les deux parties. Le dernier acte allant dans ce sens s\u2019est pass\u00e9 le 27 juin dernier. Ce jour-l\u00e0, en effet, des policiers, sur ordre du parquet g\u00e9n\u00e9ral pr\u00e8s la Cour de cassation, d\u00e9barquent chez le ministre de la Justice pour l\u2019interpeller. C\u00e9lestin Tunda Ya Katende, puisque c\u2019est de lui qu\u2019il s\u2019agit, s\u2019y oppose d\u2019abord puis se rend \u00e0 la police pour \u00eatre conduit au parquet. Dans la m\u00eame journ\u00e9e, le ministre est lib\u00e9r\u00e9 apr\u00e8s avoir \u00e9t\u00e9 retenu pendant quelques heures. R\u00e9sultat de cette br\u00e8ve interpellation\u00a0: la moutarde monte au nez des partisans de Joseph Kabila. Le premier qui a laiss\u00e9 \u00e9clater sa col\u00e8re et son indignation est le patron du PPRD (Parti du peuple pour la reconstruction et la d\u00e9mocratie), Emmanuel Ramazani Shadary.<\/em><\/p>\n<p class=\"c3\"><em>\u00a0<\/em><\/p>\n<p class=\"c3\"><strong><em>Le mariage entre Kabila et Tshisekedi n\u2019a jamais \u00e9t\u00e9 une union d\u2019amour<\/em><\/strong><\/p>\n<p class=\"c3\"><em>\u00a0<\/em><\/p>\n<p class=\"c3\"><em>Ce dernier a notamment martel\u00e9 ceci\u00a0: \u00ab\u00a0Pour interpeller un ministre, le parquet doit requ\u00e9rir l\u2019avis de l\u2019Assembl\u00e9e nationale\u00a0\u00bb. Pour lui, l\u2019interpellation de leur camarade est un acte de dictature qui rappelle l\u2019\u00e9poque de Mobutu. De ce point de vue, il aboutit \u00e0 la conclusion suivante\u00a0: \u00ab\u00a0Nos amis qui sont alli\u00e9s avec nous, nous leur r\u00e9p\u00e9tons aujourd\u2019hui avec force (\u2026) s\u2019ils ne veulent plus de la condition, il faut aller tout droit vers la cohabitation \u00bb.<\/em> <em>Les mots sont clairs. Et ils sont suffisamment r\u00e9v\u00e9lateurs de l\u2019\u00e9tat d\u2019esprit du camp de Kabila. Et pour la premi\u00e8re fois, le Premier ministre, d\u2019habitude tr\u00e8s r\u00e9serv\u00e9, est sorti pour signifier au pr\u00e9sident tout le mal qu\u2019il pense de l\u2019interpellation de son ministre. Pour le chef du gouvernement, Sylvestre Ilunga Ilunkamba, l\u2019arrestation du Garde des sceaux est \u00ab arbitraire \u00bb, car elle ne repose sur \u00ab\u00a0aucun fait infractionnel\u00a0\u00bb. Et le chef de l\u2019ex\u00e9cutif congolais, issu, comme on le sait, du FCC de Joseph Kabila, de mettre l\u2019accent sur les cons\u00e9quences d\u2019un tel acte. Pour lui, en effet, \u00ab\u00a0cet incident est de nature \u00e0 provoquer la d\u00e9mission du gouvernement\u00a0\u00bb. On peut comprendre la r\u00e9action des gourous du FCC suite \u00e0 l\u2019interpellation de leur camarade ministre. En effet, l\u2019interpellation d\u2019un ministre de la R\u00e9publique ob\u00e9it \u00e0 une proc\u00e9dure. Dans le cas d\u2019esp\u00e8ce, C\u00e9lestin Tunda Ya Katende n\u2019en a pas b\u00e9n\u00e9fici\u00e9. Mais dans le fond, on peut souscrire \u00e0 l\u2019action du parquet contre lui. En effet, on se rappelle que c\u2019est la m\u00eame personne qui avait port\u00e9 le projet de r\u00e9forme judiciaire tendant \u00e0 remettre en cause l\u2019ind\u00e9pendance de la Justice. De ce point de vue, on peut difficilement le plaindre. Dans le m\u00eame temps, l\u2019on ne doit pas perdre de vue que c\u2019est \u00ab\u00a0la forme qui tient le fond en l\u2019\u00e9tat\u00a0\u00bb. Cela dit, la brouille qui arrive aujourd\u2019hui entre le FCC et le Cach, n\u2019est pas \u00e9tonnante. T\u00f4t ou tard, cela devait arriver. En effet, le mariage entre Kabila et Tshisekedi n\u2019a jamais \u00e9t\u00e9 une union d\u2019amour. C\u2019est un mariage qui a \u00e9t\u00e9 dict\u00e9 rien que par les int\u00e9r\u00eats. Kabila, pour garantir une impunit\u00e9 \u00e0 sa personne et \u00e0 ses partisans, n\u2019avait pas h\u00e9sit\u00e9 \u00e0 manipuler les r\u00e9sultats des l\u00e9gislatives et de la pr\u00e9sidentielle.<\/em><\/p>\n<p class=\"c3\"><em>\u00a0<\/em><\/p>\n<p class=\"c3\"><strong><em>L\u2019appel \u00e0 la mise en place d\u2019un gouvernement de cohabitation a \u00e9t\u00e9 fait juste pour dire \u00e0 Tshisekedi de ne pas franchir la ligne rouge<\/em><\/strong><\/p>\n<p class=\"c3\"><em>\u00a0<\/em><\/p>\n<p class=\"c3\"><em>Pour faire avaler la pilule, il avait conc\u00e9d\u00e9 la pr\u00e9sidentielle \u00e0 F\u00e9lix Tshisekedi au d\u00e9triment de Martin Fayulu. En contrepartie, Tshisekedi avait promis \u00e0 son bienfaiteur de ne \u00ab\u00a0jamais fouiner dans le pass\u00e9\u00a0\u00bb. C\u2019est de ce deal qu\u2019est n\u00e9e l\u2019alliance des deux personnalit\u00e9s. Depuis lors, les sc\u00e8nes de m\u00e9nage ne font que se succ\u00e9der les unes aux autres. La sc\u00e8ne la plus r\u00e9cente est l\u2019arrestation du Garde des sceaux, et cela sans aucun \u00e9gard pour sa qualit\u00e9 de ministre. C\u2019est pourquoi l\u2019on peut se demander aujourd\u2019hui si le b\u00e9b\u00e9 de l\u2019inceste survivra encore longtemps. On peut se risquer \u00e0 r\u00e9pondre par l\u2019affirmative car les deux parties savent \u00e0 quels risques elles s\u2019exposent en consommant le divorce. En effet, si la situation devait \u00e9voluer de sorte \u00e0 exiger l\u2019organisation de nouvelles \u00e9lections l\u00e9gislatives, les r\u00e9sultats pourraient consacrer la victoire de Martin Fayulu. Cette perspective\u00a0 n\u2019arrange ni Kabila ni Tshisekedi. C\u2019est pourquoi l\u2019on peut \u00eatre fond\u00e9 \u00e0 croire que les deux dirigeants vont appeler leurs partisans \u00e0 faire baisser la tension de sorte \u00e0 ne pas exposer la RDC \u00e0 une instabilit\u00e9 politique dont nul ne peut pr\u00e9voir l\u2019issue. La prompte lib\u00e9ration du ministre pourrait participer de cet apaisement. Mais si F\u00e9lix Tshisekedi a pu l\u00e2cher son alli\u00e9 majeur au sein de Cach, c\u2019est-\u00e0-dire Vital Kamerhe, on peut se demander qui il ne l\u00e2cherait pas en cas de besoin. Cela, le FCC le sait et le redoute. Toutes les gesticulations \u00e9manant de cette plateforme cons\u00e9cutivement \u00e0 l\u2019arrestation presque\u00a0cavali\u00e8re du Garde des sceaux, peuvent donc se lire comme un message clair destin\u00e9 \u00e0 Tshisekedi dans lequel le FCC invite ce dernier, via le parquet, \u00e0 plus de consid\u00e9rations pour ses ministres. L\u2019appel \u00e0 la mise en place d\u2019un gouvernement de cohabitation a \u00e9t\u00e9 fait juste pour dire \u00e0 Tshisekedi de ne pas franchir la ligne rouge. Et la ligne rouge pourrait \u00eatre franchie le jour o\u00f9 l\u2019on chercherait \u00e0 entendre Joseph Kabila par rapport \u00e0 la mani\u00e8re dont il a g\u00e9r\u00e9 les droits humains pendant ses deux d\u00e9cennies de pouvoir.<\/em><\/p>\n<p class=\"c3\"><em>\u00a0<\/em><strong><em>\u00ab\u00a0Le Pays\u00a0\u00bb\u00a0\u00a0\u00a0\u00a0<\/em><\/strong><\/p>\n<p>Auteur: Le Pays<br \/>\n<a href=\"http:\/\/lepays.bf\/tension-recurrente-entre-le-fcc-et-le-cach\/\">Cliquez ici pour lire l&rsquo;article depuis sa source.<\/a><\/p>\n","protected":false},"excerpt":{"rendered":"<p>L\u2019attelage FCC (Front commun pour le Congo), de Joseph Kabila, et Cach (Cap pour le changement) de F\u00e9lix Tshisekedi mis en place lors de la victoire de ce dernier \u00e0 la pr\u00e9sidentielle pour g\u00e9rer les affaires de l\u2019Etat, traverse des moments difficiles qui, si l\u2019on n\u2019y prend garde, risquent d\u2019aboutir \u00e0 un clash entre les [&hellip;]<\/p>\n","protected":false},"author":1813,"featured_media":0,"comment_status":"closed","ping_status":"closed","sticky":false,"template":"","format":"standard","meta":{"fifu_image_url":"","fifu_image_alt":"","footnotes":""},"categories":[73,81],"tags":[],"class_list":["post-90487","post","type-post","status-publish","format-standard","hentry","category-actualite","category-burkina-faso"],"_links":{"self":[{"href":"https:\/\/linitiative.ca\/International\/wp-json\/wp\/v2\/posts\/90487","targetHints":{"allow":["GET"]}}],"collection":[{"href":"https:\/\/linitiative.ca\/International\/wp-json\/wp\/v2\/posts"}],"about":[{"href":"https:\/\/linitiative.ca\/International\/wp-json\/wp\/v2\/types\/post"}],"author":[{"embeddable":true,"href":"https:\/\/linitiative.ca\/International\/wp-json\/wp\/v2\/users\/1813"}],"replies":[{"embeddable":true,"href":"https:\/\/linitiative.ca\/International\/wp-json\/wp\/v2\/comments?post=90487"}],"version-history":[{"count":0,"href":"https:\/\/linitiative.ca\/International\/wp-json\/wp\/v2\/posts\/90487\/revisions"}],"wp:attachment":[{"href":"https:\/\/linitiative.ca\/International\/wp-json\/wp\/v2\/media?parent=90487"}],"wp:term":[{"taxonomy":"category","embeddable":true,"href":"https:\/\/linitiative.ca\/International\/wp-json\/wp\/v2\/categories?post=90487"},{"taxonomy":"post_tag","embeddable":true,"href":"https:\/\/linitiative.ca\/International\/wp-json\/wp\/v2\/tags?post=90487"}],"curies":[{"name":"wp","href":"https:\/\/api.w.org\/{rel}","templated":true}]}}