{"id":90508,"date":"2020-06-29T10:38:01","date_gmt":"2020-06-29T14:38:01","guid":{"rendered":"https:\/\/linitiative.ca\/International\/tourner-une-nouvelle-page\/"},"modified":"2020-06-29T10:38:01","modified_gmt":"2020-06-29T14:38:01","slug":"tourner-une-nouvelle-page","status":"publish","type":"post","link":"https:\/\/linitiative.ca\/International\/tourner-une-nouvelle-page\/","title":{"rendered":"Tourner une nouvelle page!"},"content":{"rendered":"<p class=\"has-text-color c2\"><strong>Notre pays se d\u00e9confine, \u00e0 petits trots. Le week-end dernier, la grande foule se rue en trombe vers les plages et les bosquets pour respirer l\u2019air \u00e9nergisant. La liesse dessin\u00e9e sur les visages semble tellement tonifiante qu\u2019on se pr\u00e9occupe \u00e0 peine de nombre de mesures sanitaires.<\/strong><\/p>\n<p>Faudrait-il s\u2019inqui\u00e9ter de la lev\u00e9e du confinement, apr\u00e8s plus de trois mois d\u2019\u00e9touffement entre quatre murs ? L\u2019Autorit\u00e9 de la sant\u00e9 rassure puisque, dit-elle, la situation virale est stabilisante et que la mont\u00e9e des cas est due au d\u00e9pistage de plus en plus, intensifi\u00e9. Il convient alors de faire confiance aux pouvoirs publics tel qu\u2019on a l\u2019habitude de le faire, sans se passer, pour autant, des gestes barri\u00e8res, devenus d\u00e9sormais, une conduite usuelle. La vague humaine qui prend d\u2019assaut les multiples espaces du royaume, suffoque dignement, en esp\u00e9rant enfin, \u00e9trenner une nouvelle cadre de vie, apr\u00e8s tant de sacrifices.<\/p>\n<p>En fait, pendant que le peuple conc\u00e9dait le co\u00fbt de la privation forc\u00e9e, des membres de l\u2019ex\u00e9cutif se paient le luxe de s\u2019adonner \u00e0 des pratiques pour le moins qu\u2019on puisse dire, ignobles sur toute la ligne. D\u2019abord, le fameux projet de loi 22\/20 liberticide osant violer le droit d\u2019expression et d\u2019opinion des citoyens. Ensuite, la conduite indigne des deux ministres relative \u00e0 la non d\u00e9claration de leur personnel de profession \u00e0 la CNSS.<\/p>\n<p>Ce comportement odieux, attentatoire aux fondements constitutionnels de la nation met l\u2019institution du gouvernement dans de beaux draps, au moment o\u00f9 on s\u2019ing\u00e9nie \u00e0 d\u00e9mocratiser la vie politique nationale et la hisser dans la cour des grands. Si on revient aujourd\u2019hui \u00e0 la normale, apr\u00e8s avoir v\u00e9cu des moments atroces et pass\u00e9 aussi des p\u00e9riodes fastueuses de solidarit\u00e9, ce sera, sans aucun doute, pour tourner \u00e0 jamais la page de nagu\u00e8re, macul\u00e9e de d\u00e9ficits et de d\u00e9ficiences.<\/p>\n<p>Le Maroc est d\u00e9confin\u00e9 pour mieux vivre ! Son peuple uni et communiant, m\u00e9rite un meilleur traitement des d\u00e9cideurs. Il a h\u00e2te \u00e0 profiter des richesses dans l\u2019\u00e9quit\u00e9 et la justice, sous un ex\u00e9cutif fort et homog\u00e8ne. Plus que jamais, dans une nation pr\u00e9caire, comme la n\u00f4tre, l\u2019\u00e9l\u00e9ment humain devrait \u00eatre pour de bon, au centre des politiques publiques \u00e0 adopter, avec une \u00e9ducation \u00e0 caract\u00e8re primordial et une sant\u00e9 au sens nodal.<\/p>\n<p>De m\u00eame, il est cardinal de faire face \u00e0 la hausse du ch\u00f4mage et \u00e0 l\u2019effritement du pouvoir d\u2019achat pour les d\u00e9munis, mais \u00e9galement les classes moyennes. Il va sans dire que la s\u00e9curit\u00e9 alimentaire dont l\u2019eau est le nerf de guette, constitue le cheval de bataille pour des populations des milieux en p\u00e9nurie constante.<\/p>\n<p>Enfin, on ne peut se fier \u00e0 une nouvelle page tourn\u00e9e sans se doter d\u2019un champ politique solide comme le roc, libre tel le vent, autonome pareil au rebelle. Un Maroc o\u00f9 il n\u2019y aurait de place pour les monopolistes, les obscurantistes, les oligarchiques, les rentiers, les impunis\u2026<\/p>\n<p>Ce Maroc-l\u00e0 est possible, apr\u00e8s tant de ratages auxquels il va falloir mettre un terme du non-retour.<\/p>\n<p>Auteur: M&rsquo;hammed rahal<br \/>\n<a href=\"http:\/\/albayane.press.ma\/tourner-une-nouvelle-page.html\">Cliquez ici pour lire l&rsquo;article depuis sa source.<\/a><\/p>\n","protected":false},"excerpt":{"rendered":"<p>Notre pays se d\u00e9confine, \u00e0 petits trots. Le week-end dernier, la grande foule se rue en trombe vers les plages et les bosquets pour respirer l\u2019air \u00e9nergisant. La liesse dessin\u00e9e sur les visages semble tellement tonifiante qu\u2019on se pr\u00e9occupe \u00e0 peine de nombre de mesures sanitaires. Faudrait-il s\u2019inqui\u00e9ter de la lev\u00e9e du confinement, apr\u00e8s plus [&hellip;]<\/p>\n","protected":false},"author":1760,"featured_media":0,"comment_status":"closed","ping_status":"closed","sticky":false,"template":"","format":"standard","meta":{"fifu_image_url":"","fifu_image_alt":"","footnotes":""},"categories":[73,54],"tags":[],"class_list":["post-90508","post","type-post","status-publish","format-standard","hentry","category-actualite","category-maroc"],"_links":{"self":[{"href":"https:\/\/linitiative.ca\/International\/wp-json\/wp\/v2\/posts\/90508","targetHints":{"allow":["GET"]}}],"collection":[{"href":"https:\/\/linitiative.ca\/International\/wp-json\/wp\/v2\/posts"}],"about":[{"href":"https:\/\/linitiative.ca\/International\/wp-json\/wp\/v2\/types\/post"}],"author":[{"embeddable":true,"href":"https:\/\/linitiative.ca\/International\/wp-json\/wp\/v2\/users\/1760"}],"replies":[{"embeddable":true,"href":"https:\/\/linitiative.ca\/International\/wp-json\/wp\/v2\/comments?post=90508"}],"version-history":[{"count":0,"href":"https:\/\/linitiative.ca\/International\/wp-json\/wp\/v2\/posts\/90508\/revisions"}],"wp:attachment":[{"href":"https:\/\/linitiative.ca\/International\/wp-json\/wp\/v2\/media?parent=90508"}],"wp:term":[{"taxonomy":"category","embeddable":true,"href":"https:\/\/linitiative.ca\/International\/wp-json\/wp\/v2\/categories?post=90508"},{"taxonomy":"post_tag","embeddable":true,"href":"https:\/\/linitiative.ca\/International\/wp-json\/wp\/v2\/tags?post=90508"}],"curies":[{"name":"wp","href":"https:\/\/api.w.org\/{rel}","templated":true}]}}