{"id":90509,"date":"2020-06-29T10:46:01","date_gmt":"2020-06-29T14:46:01","guid":{"rendered":"https:\/\/linitiative.ca\/International\/le-maroc-distingue-a-geneve\/"},"modified":"2020-06-29T10:46:01","modified_gmt":"2020-06-29T14:46:01","slug":"le-maroc-distingue-a-geneve","status":"publish","type":"post","link":"https:\/\/linitiative.ca\/International\/le-maroc-distingue-a-geneve\/","title":{"rendered":"Le Maroc distingu\u00e9 \u00e0 Gen\u00e8ve"},"content":{"rendered":"<p class=\"has-text-color has-vivid-red-color c2\"><strong>Initiative \u00abMission \u00e9cologique\u00bb<\/strong><\/p>\n<p class=\"has-text-color c3\">Le Maroc, \u00e0 travers la Mission permanente du Royaume \u00e0 Gen\u00e8ve, a \u00e9t\u00e9 distingu\u00e9 par le Programme des Nations unies pour l\u2019Environnement (PNUE) et la Suisse, dans le cadre de initiative \u00abGreening the Permanent Missions in Geneva (verdissement des missions permanentes)\u00bb.<\/p>\n<p>La Mission du Maroc, qui avait lanc\u00e9 le projet de la \u00abMission verte et durable\u00bb depuis d\u00e9cembre 2019, figure sur une liste restreinte de cinq repr\u00e9sentations diplomatiques qui ont \u00e9t\u00e9 f\u00e9licit\u00e9es pour leurs actions visant \u00e0 r\u00e9duire leur empreinte \u00e9cologique dans le cadre de l\u2019initiative \u00abGreening the Permanent Missions in Geneva\u00bb, lanc\u00e9e par la plateforme Geneva Environment Network (GEN).<\/p>\n<p>Il s\u2019agit des missions, outre le Maroc, des Etats Unis, de la France, de la Suisse, et du Royaume Uni. Le GEN (R\u00e9seau environnement de Gen\u00e8ve) est un partenariat coop\u00e9ratif de plus de 100 organisations environnementales<\/p>\n<p>et du d\u00e9veloppement durable bas\u00e9es \u00e0 la Maison internationale de l\u2019environnement \u00e0 Gen\u00e8ve et dans la r\u00e9gion. Son Secr\u00e9tariat, soutenu par l\u2019Office F\u00e9d\u00e9ral de l\u2019Environnement, est administr\u00e9 par le PNUE. \u00abLe Maroc a \u00e9t\u00e9 le premier des pays du Maghreb \u00e0 accueillir la Conf\u00e9rence des Parties \u00e0 la Convention des Nations Unies sur les changements climatiques. La Mission a d\u00e9velopp\u00e9 le concept \u00abMission verte et durable\u00bb, qui s\u2019inscrit dans la politique environnementale continue du Maroc, et pourrait \u00e0 terme, d\u00e9boucher sur un projet et un objectif commun \u00e0 toutes les ambassades du pays\u00bb, pr\u00e9cise un communiqu\u00e9 publi\u00e9 sur le site de GEN.<\/p>\n<p>Afin d\u2019encourager un comportement responsable au bureau, un guide des bonnes pratiques a \u00e9t\u00e9 \u00e9labor\u00e9 pour proposer des actions \u00e0 entreprendre autour de quatre piliers (eau, \u00e9lectricit\u00e9, d\u00e9chets, mobilit\u00e9), ajoute la m\u00eame source. Dans le cadre de ce projet, la Mission du Maroc aupr\u00e8s de l\u2019Office des Nations unies et des autres Organisations Internationales \u00e0 Gen\u00e8ve a \u00e9t\u00e9 soumises \u00e0 un \u00abDiagnostic environnemental\u00bb. Il s\u2019agit d\u2019une \u00e9valuation des actions de la Mission en termes de consommation d\u2019\u00e9lectricit\u00e9, d\u2019\u00e9nergie et d\u2019eau, de la gestion du tri des d\u00e9chets dans l\u2019enceinte des locaux, des modes de transport et de sensibilisation sur les enjeux environnementaux.<\/p>\n<p>Le Maroc est le seul pays africain, arabe et pays en d\u00e9veloppement ayant lanc\u00e9 le projet de promouvoir une Mission plus \u00e9cologique.<\/p>\n<p>Cr\u00e9\u00e9 en 1999, le GEN organise r\u00e9guli\u00e8rement des \u00e9v\u00e9nements et sensibilise aux probl\u00e9matiques environnementales.<\/p>\n<p>Auteur: M&rsquo;hammed rahal<br \/>\n<a href=\"http:\/\/albayane.press.ma\/le-maroc-distingue-a-geneve.html\">Cliquez ici pour lire l&rsquo;article depuis sa source.<\/a><\/p>\n","protected":false},"excerpt":{"rendered":"<p>Initiative \u00abMission \u00e9cologique\u00bb Le Maroc, \u00e0 travers la Mission permanente du Royaume \u00e0 Gen\u00e8ve, a \u00e9t\u00e9 distingu\u00e9 par le Programme des Nations unies pour l\u2019Environnement (PNUE) et la Suisse, dans le cadre de initiative \u00abGreening the Permanent Missions in Geneva (verdissement des missions permanentes)\u00bb. La Mission du Maroc, qui avait lanc\u00e9 le projet de la [&hellip;]<\/p>\n","protected":false},"author":1760,"featured_media":0,"comment_status":"closed","ping_status":"closed","sticky":false,"template":"","format":"standard","meta":{"fifu_image_url":"","fifu_image_alt":"","footnotes":""},"categories":[73,54],"tags":[],"class_list":["post-90509","post","type-post","status-publish","format-standard","hentry","category-actualite","category-maroc"],"_links":{"self":[{"href":"https:\/\/linitiative.ca\/International\/wp-json\/wp\/v2\/posts\/90509","targetHints":{"allow":["GET"]}}],"collection":[{"href":"https:\/\/linitiative.ca\/International\/wp-json\/wp\/v2\/posts"}],"about":[{"href":"https:\/\/linitiative.ca\/International\/wp-json\/wp\/v2\/types\/post"}],"author":[{"embeddable":true,"href":"https:\/\/linitiative.ca\/International\/wp-json\/wp\/v2\/users\/1760"}],"replies":[{"embeddable":true,"href":"https:\/\/linitiative.ca\/International\/wp-json\/wp\/v2\/comments?post=90509"}],"version-history":[{"count":0,"href":"https:\/\/linitiative.ca\/International\/wp-json\/wp\/v2\/posts\/90509\/revisions"}],"wp:attachment":[{"href":"https:\/\/linitiative.ca\/International\/wp-json\/wp\/v2\/media?parent=90509"}],"wp:term":[{"taxonomy":"category","embeddable":true,"href":"https:\/\/linitiative.ca\/International\/wp-json\/wp\/v2\/categories?post=90509"},{"taxonomy":"post_tag","embeddable":true,"href":"https:\/\/linitiative.ca\/International\/wp-json\/wp\/v2\/tags?post=90509"}],"curies":[{"name":"wp","href":"https:\/\/api.w.org\/{rel}","templated":true}]}}