{"id":90526,"date":"2020-06-29T11:59:53","date_gmt":"2020-06-29T15:59:53","guid":{"rendered":"https:\/\/linitiative.ca\/International\/bac-covid-19-le-directeur-de-laref-rassure-les-parents-deleves\/"},"modified":"2020-06-29T11:59:53","modified_gmt":"2020-06-29T15:59:53","slug":"bac-covid-19-le-directeur-de-laref-rassure-les-parents-deleves","status":"publish","type":"post","link":"https:\/\/linitiative.ca\/International\/bac-covid-19-le-directeur-de-laref-rassure-les-parents-deleves\/","title":{"rendered":"Bac\/Covid-19: Le directeur de l\u2019AREF rassure les parents d\u2019\u00e9l\u00e8ves"},"content":{"rendered":"<p class=\"c4\">L\u2019Acad\u00e9mie r\u00e9gionale de l\u2019\u00e9ducation et de la formation (AREF) de l\u2019Oriental a pris une batterie de mesures sanitaires et pr\u00e9ventives pour assurer le bon d\u00e9roulement des examens du baccalaur\u00e9at au titre de l\u2019ann\u00e9e scolaire 2019-2020.<\/p>\n<p class=\"c4\">Cette ann\u00e9e les examens du baccalaur\u00e9at interviennent dans un contexte particulier marqu\u00e9 par une mobilisation g\u00e9n\u00e9rale pour enrayer la propagation de la pand\u00e9mie du Covid-19, et \u2019\u2019je tiens \u00e0 rassurer les parents des 25.997 candidats dans la r\u00e9gion que toutes les conditions sont r\u00e9unies pour r\u00e9ussir cette \u00e9ch\u00e9ance nationale et pr\u00e9server la s\u00e9curit\u00e9 et la sant\u00e9 de leurs enfants\u2019\u2019, a soulign\u00e9 le Directeur de l\u2019AREF, Mohamed Dib, dans un entretien \u00e0 la MAP.<\/p>\n<p class=\"c4\">Les pr\u00e9paratifs pour ces examens ont fait l\u2019objet de plusieurs r\u00e9unions de concertation et de coordination avec les autorit\u00e9s territoriales et les diff\u00e9rentes parties prenantes, a-t-il dit, notant que les mesures prises englobent toutes les \u00e9tapes et conditions n\u00e9cessaires pour le bon d\u00e9roulement de cette \u00e9ch\u00e9ance d\u00e9cisive.<\/p>\n<p class=\"c4\">M. Dib a mis l\u2019accent dans ce sens sur l\u2019\u00e9laboration et l\u2019adoption d\u2019un protocole sanitaire rigoureux au sein des espaces de pr\u00e9paration, de d\u00e9roulement et de correction des examens, ou encore les centres de d\u00e9lib\u00e9ration pour pr\u00e9server la sant\u00e9 des candidats et des diff\u00e9rents intervenants.<\/p>\n<p class=\"c4\">\u2019\u2019Si je tiens tellement \u00e0 rassurer les parents d\u2019\u00e9l\u00e8ves en premier lieu, c\u2019est bien parce que les examens se tiennent apr\u00e8s plus de trois mois de confinement, d\u2019o\u00f9 l\u2019importance d\u2019aider \u00e0 dissiper les sentiments de peur et d\u2019angoisse et de donner confiance aux candidats pour bien se pr\u00e9parer et \u00eatre en forme pendant la p\u00e9riode d\u2019examens\u2019\u2019, a expliqu\u00e9 M. Bib.<\/p>\n<p class=\"c4\">Il a \u00e9galement tenu \u00e0 rappeler aux \u00e9l\u00e8ves et leurs parents que les examens du baccalaur\u00e9at de cette ann\u00e9e ne porteront que sur les cours dispens\u00e9s dans le cadre de l\u2019enseignement pr\u00e9sentiel avant la date de suspension des \u00e9tudes, et ce afin de concr\u00e9tiser le principe de l\u2019\u00e9galit\u00e9 des chances.<\/p>\n<p class=\"c4\">Le directeur de l\u2019AREF de l\u2019Oriental a aussi \u00e9voqu\u00e9 le dispositif de contr\u00f4le adopt\u00e9 pour la lutte contre le ph\u00e9nom\u00e8ne de la fraude, qui est s\u00e9v\u00e8rement puni par la loi, pour permettre aux candidates et candidats de passer les examens dans une atmosph\u00e8re transparente et \u00e9quitable, et consacrer la cr\u00e9dibilit\u00e9 et la fiabilit\u00e9 du dipl\u00f4me du baccalaur\u00e9at.<\/p>\n<p class=\"c4\">A noter que l\u2019Acad\u00e9mie a proc\u00e9d\u00e9 dans le cadre des pr\u00e9paratifs pour le d\u00e9roulement des \u00e9preuves du baccalaur\u00e9at dans de meilleures conditions, \u00e0 l\u2019am\u00e9nagement de 158 centres d\u2019examen et 18 centres de correction, et \u00e0 la mobilisation des ressources humaines n\u00e9cessaires (9.099 personnes), en sus de l\u2019ouverture de certains internats pour accueillir des \u00e9l\u00e8ves qui habitent loin des centres d\u2019examens et rencontrant des difficult\u00e9s de d\u00e9placement.<\/p>\n<p class=\"c4\">Et dans le cadre du protocole sanitaire, des tests m\u00e9dicaux et de d\u00e9pistage du Covid-19 ont \u00e9t\u00e9 effectu\u00e9s au profit notamment des membres de l\u2019\u00e9quipe technique charg\u00e9e de l\u2019impression et de la reproduction des \u00e9preuves, en sus du programme de d\u00e9sinfection r\u00e9guli\u00e8re de tous les espaces, du respect des r\u00e8gles de distanciation et de la mise en place en quantit\u00e9s suffisantes de produits d\u00e9sinfectants et de moyens de protection pour les candidats et les diff\u00e9rents intervenants durant toutes les phases de cette \u00e9ch\u00e9ance d\u00e9cisive.<\/p>\n<p class=\"c4\">S\u2019agissant de la particularit\u00e9 de cette ann\u00e9e scolaire, et plus pr\u00e9cis\u00e9ment le recours \u00e0 l\u2019enseignement \u00e0 distance pour tous les niveaux scolaires en raison de la pand\u00e9mie, M. Dib a mis en avant les sp\u00e9cificit\u00e9s de chaque r\u00e9gion, y compris celle de l\u2019Oriental, faisant savoir que 75 \u00e0 80 pc de l\u2019ensemble des \u00e9l\u00e8ves de la r\u00e9gion dont le nombre s\u2019\u00e9l\u00e8ve \u00e0 plus de 440.000 (milieux rural et urbain) ont b\u00e9n\u00e9fici\u00e9 des cours de formation \u00e0 distance.<\/p>\n<p class=\"c4\">Il a pr\u00e9cis\u00e9 \u00e0 cet \u00e9gard qu\u2019il a \u00e9t\u00e9 proc\u00e9d\u00e9 \u00e0 la pr\u00e9paration et la distribution de 45 cahiers de soutien p\u00e9dagogique de la langue arabe, de math\u00e9matiques et de la langue fran\u00e7aise, au profit des \u00e9l\u00e8ves qui habitent dans des zones \u00e9loign\u00e9es en milieu rural et qui \u00e9prouvent des difficult\u00e9s en mati\u00e8re de suivi des cours \u00e0 distance, expliquant que cette op\u00e9ration avait pour objectif la promotion de l\u2019\u00e9quit\u00e9 et de l\u2019\u00e9galit\u00e9 des chances pour tous les \u00e9l\u00e8ves.<\/p>\n<p class=\"c4\">Notant aussi que plus de 600 \u00e9l\u00e8ves de la 6\u00e8me ann\u00e9e du primaire ont b\u00e9n\u00e9fici\u00e9 de tablettes tactiles pour garantir la continuit\u00e9 p\u00e9dagogique, M. Dib a estim\u00e9 que cette exp\u00e9rience nouvelle de l\u2019enseignement \u00e0 distance a permis au minist\u00e8re de l\u2019Education nationale de disposer d\u2019une vision globale concernant le d\u00e9veloppement des nouvelles technologiques et leur utilisation par les \u00e9l\u00e8ves.<\/p>\n<p class=\"c4\">Au niveau de l\u2019Acad\u00e9mie, a-t-il fait savoir, il a \u00e9t\u00e9 d\u00e9cid\u00e9 dans le cadre de ses plans d\u2019actions de programmer, \u00e0 compter de septembre prochain, des sessions de formation continue ax\u00e9es sur l\u2019enseignement \u00e0 distance au profit des enseignants et des enseignantes.<\/p>\n<p>Auteur: Soufiane ELAHMAR<br \/>\n<a href=\"http:\/\/www.mapoujda.ma\/fr\/bac-covid-19-le-directeur-de-laref-rassure-les-parents-deleves\/\">Cliquez ici pour lire l&rsquo;article depuis sa source.<\/a><\/p>\n","protected":false},"excerpt":{"rendered":"<p>L\u2019Acad\u00e9mie r\u00e9gionale de l\u2019\u00e9ducation et de la formation (AREF) de l\u2019Oriental a pris une batterie de mesures sanitaires et pr\u00e9ventives pour assurer le bon d\u00e9roulement des examens du baccalaur\u00e9at au titre de l\u2019ann\u00e9e scolaire 2019-2020. Cette ann\u00e9e les examens du baccalaur\u00e9at interviennent dans un contexte particulier marqu\u00e9 par une mobilisation g\u00e9n\u00e9rale pour enrayer la propagation [&hellip;]<\/p>\n","protected":false},"author":1788,"featured_media":0,"comment_status":"closed","ping_status":"closed","sticky":false,"template":"","format":"standard","meta":{"fifu_image_url":"","fifu_image_alt":"","footnotes":""},"categories":[54,76],"tags":[],"class_list":["post-90526","post","type-post","status-publish","format-standard","hentry","category-maroc","category-regions"],"_links":{"self":[{"href":"https:\/\/linitiative.ca\/International\/wp-json\/wp\/v2\/posts\/90526","targetHints":{"allow":["GET"]}}],"collection":[{"href":"https:\/\/linitiative.ca\/International\/wp-json\/wp\/v2\/posts"}],"about":[{"href":"https:\/\/linitiative.ca\/International\/wp-json\/wp\/v2\/types\/post"}],"author":[{"embeddable":true,"href":"https:\/\/linitiative.ca\/International\/wp-json\/wp\/v2\/users\/1788"}],"replies":[{"embeddable":true,"href":"https:\/\/linitiative.ca\/International\/wp-json\/wp\/v2\/comments?post=90526"}],"version-history":[{"count":0,"href":"https:\/\/linitiative.ca\/International\/wp-json\/wp\/v2\/posts\/90526\/revisions"}],"wp:attachment":[{"href":"https:\/\/linitiative.ca\/International\/wp-json\/wp\/v2\/media?parent=90526"}],"wp:term":[{"taxonomy":"category","embeddable":true,"href":"https:\/\/linitiative.ca\/International\/wp-json\/wp\/v2\/categories?post=90526"},{"taxonomy":"post_tag","embeddable":true,"href":"https:\/\/linitiative.ca\/International\/wp-json\/wp\/v2\/tags?post=90526"}],"curies":[{"name":"wp","href":"https:\/\/api.w.org\/{rel}","templated":true}]}}