{"id":90527,"date":"2020-06-29T12:00:00","date_gmt":"2020-06-29T16:00:00","guid":{"rendered":"https:\/\/linitiative.ca\/International\/le-tourisme-national-peut-il-sauver-la-saison-estivale\/"},"modified":"2020-06-29T12:00:00","modified_gmt":"2020-06-29T16:00:00","slug":"le-tourisme-national-peut-il-sauver-la-saison-estivale","status":"publish","type":"post","link":"https:\/\/linitiative.ca\/International\/le-tourisme-national-peut-il-sauver-la-saison-estivale\/","title":{"rendered":"Le tourisme national peut-il sauver  la saison estivale?"},"content":{"rendered":"<p class=\"rtejustify\">Le communiqu\u00e9 du 21 juin concernant la pand\u00e9mie du coronavirus est venu, Dieu merci, corriger les frustrations n\u00e9es de celui du 11 juin dernier. Les marocains attendaient ardemment l\u2019assouplissement des mesures de pr\u00e9vention et un retour progressif \u00e0 la normale. Les indicateurs de circulation et de dangerosit\u00e9 du virus \u00e9taient tr\u00e8s encourageants et montraient \u00e0 l\u2019\u00e9vidence une bonne ma\u00eetrise de la situation.<\/p>\n<p class=\"rtejustify\">Nos gouvernants ont de quoi se f\u00e9liciter des performances du Maroc dans sa lutte contre la pand\u00e9mie malgr\u00e9 la modicit\u00e9 de ses Ressources. L\u2019exception marocaine s\u2019est de nouveau exprim\u00e9e en remportant l\u2019adh\u00e9sion de la population aux mesures prises par les pouvoirs publics, et une large reconnaissance \u00e0 l\u2019international. Aux alentours de fin mai, le combat changea de nature dans la plupart des pays europ\u00e9ens durement \u00e9prouv\u00e9s par la crise. La strat\u00e9gie de la guerre contre l\u2019ennemi invisible quel qu\u2019en soit le prix c\u00e9da la place \u00e0 celle de la relance \u00e0 tout prix et au plus vite, sous haute surveillance du coronavirus.<\/p>\n<p class=\"rtejustify\">Avec les nouvelles mesures du 21 juin le Maroc s\u2019est mis au diapason, au grand bonheur des op\u00e9rateurs \u00e9conomiques et de la population toutes couches sociales confondues. Qu\u2019en est-il du tourisme au Maroc qui p\u00e8se en temps normal 7% du PIB annuel, 6 milliards d\u2019euros d\u2019entr\u00e9es de devises, et pr\u00e8s de 700.000 emplois? Le secteur touristique totalement paralys\u00e9 durant pr\u00e8s de 4 mois va se ranimer petit \u00e0 petit \u00e0 compter du 24 juin. Mais il convient d\u2019acc\u00e9l\u00e9rer la cadence.<\/p>\n<p class=\"rtejustify\">Le Maroc doit se mettre en ordre de bataille pour mettre au point avant de mettre en \u0153uvre un plan de relance ambitieux, coh\u00e9rent et cr\u00e9dible, de nature \u00e0 recouvrer la confiance en le produit Maroc. Une communication pertinente et puissante doit \u00e9galement adresser les principales cibles avec chacune sa sp\u00e9cificit\u00e9. Les touristes nationaux seront les premiers \u00e0 r\u00e9pondre pr\u00e9sents. Les populations ais\u00e9es qui ne partiront pas \u00e0 l\u2019\u00e9tranger contrairement \u00e0 leurs habitudes, passeront leurs vacances au Maroc, de peur de se retrouver \u00e0 nouveau confin\u00e9s\u00a0 dans un pays \u00e9tranger en cas de retour du coronavirus.<\/p>\n<p class=\"rtejustify\">La nouveaut\u00e9, ou plut\u00f4t la bonne surprise nous viendra des touristes nationaux nombreux de la classe moyenne s\u2019ils sont correctement cibl\u00e9s avec des offres adapt\u00e9es et une communication ad hoc. La tarification \u00e0 pratiquer avec cette cible doit \u00eatre d\u00e9termin\u00e9e de fa\u00e7on \u00e0 attirer le plus grand nombre. Apr\u00e8s tout, le gros des touristes \u00e9trangers qui optent pour la destination Maroc, le font dans le cadre d\u2019un tourisme de masse, tr\u00e8s tr\u00e8s peu r\u00e9mun\u00e9rateur.<\/p>\n<div class=\"dnd-atom-wrapper type-image context-sdl_editor_representation\" contenteditable=\"false\">\n<div class=\"dnd-drop-wrapper\">\n<div class=\"image\"><img loading=\"lazy\" decoding=\"async\" typeof=\"foaf:Image\" class=\"img-responsive\" src=\"https:\/\/www.leconomiste.com\/sites\/default\/files\/eco7\/public\/thumbnails\/image\/plages-092.jpg\" width=\"454\" height=\"317\" alt=\"plages-092.jpg\" title=\"plages-092.jpg\"\/><\/div>\n<\/div>\n<\/div>\n<p class=\"rtejustify\">Le d\u00e9veloppement de ce segment de march\u00e9 pourrait se faire \u00e0 travers les agents de voyage nationaux qui ont \u00e9t\u00e9 lamin\u00e9s par la crise et qui pourraient jouer avantageusement le r\u00f4le des TO\u00a0 pour les touristes \u00e9trangers. Le succ\u00e8s attendu de l\u2019op\u00e9ration \u00e0 destination de la classe moyenne sera de nature \u00e0 convaincre les d\u00e9cideurs de faire une place confortable au tourisme national dans la strat\u00e9gie sectorielle.<\/p>\n<p class=\"rtejustify\">Le tourisme int\u00e9rieur a l\u2019immense avantage d\u2019\u00eatre peu sensible aux crises internationales. Une cible majeure qui r\u00e9agira positivement est celle des MRE qui devraient revenir massivement en vacances dans le pays apr\u00e8s avoir rat\u00e9 le ramadan en famille et anim\u00e9s par la soif de rattraper le temps perdu.<\/p>\n<p class=\"rtejustify\">Enfin et bien \u00e9videmment le tourisme \u00e9tranger, grand pourvoyeur de devises malgr\u00e9 ses inconv\u00e9nients, restera une cible majeure dans la politique de relance du tourisme \u00e0 court terme. La communication mettra en avant les performances du pays dans la gestion de la pand\u00e9mie dans la phase du confinement et son aptitude \u00e0 r\u00e9ussir le d\u00e9confinement et la relance \u00e9conomique. Ils seront s\u00fbrement plus lents que les nationaux \u00e0 retrouver le chemin de la destination Maroc. Suivant la qualit\u00e9 et la pertinence de la communication, la saison pourrait \u00eatre partiellement sauv\u00e9e. Sinon c\u2019est l\u2019intersaison qui nous r\u00e9servera des surprises agr\u00e9ables.<\/p>\n<p class=\"rtejustify\">Enfin, le Maroc devra\u00a0 mettre en \u0153uvre cette batterie de mesures dans les plus brefs d\u00e9lais car les pays \u00e0 fort potentiel touristique du pourtour m\u00e9diterran\u00e9en l\u2019Espagne, l\u2019Italie, le Portugal, la France, la Gr\u00e8ce, la Tunisie et bient\u00f4t la Turquie se sont lanc\u00e9s dans une course folle pour la reconqu\u00eate des parts de march\u00e9. Le Maroc doit\u00a0 r\u00e9solument\u00a0 rentrer dans la dynamique de la relance du Tourisme. Mais sans une bonne visibilit\u00e9 sur la reprise des liaisons a\u00e9riennes ext\u00e9rieures, le tourisme \u00e9tranger restera au point mort.<\/p>\n<p class=\"rtejustify\">\u00a0<\/p>\n<p>Auteur: hlafriqi<br \/>\n<a href=\"https:\/\/www.leconomiste.com\/article\/1063955-le-tourisme-national-peut-il-sauver-la-saison-estivale\">Cliquez ici pour lire l&rsquo;article depuis sa source.<\/a><\/p>\n","protected":false},"excerpt":{"rendered":"<p>Le communiqu\u00e9 du 21 juin concernant la pand\u00e9mie du coronavirus est venu, Dieu merci, corriger les frustrations n\u00e9es de celui du 11 juin dernier. Les marocains attendaient ardemment l\u2019assouplissement des mesures de pr\u00e9vention et un retour progressif \u00e0 la normale. Les indicateurs de circulation et de dangerosit\u00e9 du virus \u00e9taient tr\u00e8s encourageants et montraient \u00e0 [&hellip;]<\/p>\n","protected":false},"author":1763,"featured_media":90528,"comment_status":"closed","ping_status":"closed","sticky":false,"template":"","format":"standard","meta":{"fifu_image_url":"","fifu_image_alt":"","footnotes":""},"categories":[78,54],"tags":[],"class_list":["post-90527","post","type-post","status-publish","format-standard","has-post-thumbnail","hentry","category-economie","category-maroc"],"_links":{"self":[{"href":"https:\/\/linitiative.ca\/International\/wp-json\/wp\/v2\/posts\/90527","targetHints":{"allow":["GET"]}}],"collection":[{"href":"https:\/\/linitiative.ca\/International\/wp-json\/wp\/v2\/posts"}],"about":[{"href":"https:\/\/linitiative.ca\/International\/wp-json\/wp\/v2\/types\/post"}],"author":[{"embeddable":true,"href":"https:\/\/linitiative.ca\/International\/wp-json\/wp\/v2\/users\/1763"}],"replies":[{"embeddable":true,"href":"https:\/\/linitiative.ca\/International\/wp-json\/wp\/v2\/comments?post=90527"}],"version-history":[{"count":0,"href":"https:\/\/linitiative.ca\/International\/wp-json\/wp\/v2\/posts\/90527\/revisions"}],"wp:featuredmedia":[{"embeddable":true,"href":"https:\/\/linitiative.ca\/International\/wp-json\/"}],"wp:attachment":[{"href":"https:\/\/linitiative.ca\/International\/wp-json\/wp\/v2\/media?parent=90527"}],"wp:term":[{"taxonomy":"category","embeddable":true,"href":"https:\/\/linitiative.ca\/International\/wp-json\/wp\/v2\/categories?post=90527"},{"taxonomy":"post_tag","embeddable":true,"href":"https:\/\/linitiative.ca\/International\/wp-json\/wp\/v2\/tags?post=90527"}],"curies":[{"name":"wp","href":"https:\/\/api.w.org\/{rel}","templated":true}]}}