{"id":90547,"date":"2020-06-28T19:00:00","date_gmt":"2020-06-28T23:00:00","guid":{"rendered":"https:\/\/linitiative.ca\/International\/audiovisuel-deces-du-membre-de-larav-ahmed-beyoud\/"},"modified":"2020-06-28T19:00:00","modified_gmt":"2020-06-28T23:00:00","slug":"audiovisuel-deces-du-membre-de-larav-ahmed-beyoud","status":"publish","type":"post","link":"https:\/\/linitiative.ca\/International\/audiovisuel-deces-du-membre-de-larav-ahmed-beyoud\/","title":{"rendered":"Audiovisuel  : D\u00e9c\u00e8s du membre de l&rsquo;ARAV Ahmed Beyoud"},"content":{"rendered":"<p>Le membre de l&rsquo;Autorit\u00e9 de R\u00e9gulation de l&rsquo;Audio-visuel (ARAV), Ahmed Beyoud, est d\u00e9c\u00e9d\u00e9 \u00e0 l&rsquo;\u00e2ge de 69 ans, a-t-on appris hier aupr\u00e8s de cette instance.<br \/>N\u00e9 le 9 juin1951 \u00e0 Guerrara (Gharda\u00efa), le d\u00e9funt, m\u00e9decin de formation, avait occup\u00e9 plusieurs postes dans le secteur de la sant\u00e9 notamment membre co-fondateur de la Soci\u00e9t\u00e9 Alg\u00e9rienne de M\u00e9decine Interne et membre du Conseil National de l\u2019Ethique des Sciences de la Sant\u00e9 aupr\u00e8s du minist\u00e8re de la Sant\u00e9 (CNESS). Entre 1997 et 2002, alors d\u00e9put\u00e9, le d\u00e9funt a \u00e9t\u00e9 vice-pr\u00e9sident du groupe parlementaire des d\u00e9put\u00e9s ind\u00e9pendants \u00e0 l\u2019APN de la Commission parlementaire d\u2019enqu\u00eate sur les \u00e9v\u00e8nements de Kabylie et d\u2019autres wilayas (2001-2002). Il a \u00e9t\u00e9 \u00e9galement membre de la Commission Nationale Consultative de la Protection et de la Promotion des Droits de l\u2019Homme (CNCPPDH).<br \/>De 2002 \u00e0 2016, feu Beyoud \u00e9tait charg\u00e9 de mission aupr\u00e8s de Chefs de Gouvernement puis membre du Conseil d\u2019administration du Commissariat \u00e0 l\u2019Energie Atomique (COMENA).<br \/>Depuis 2016, il \u00e9tait membre de l\u2019Autorit\u00e9 de R\u00e9gulation de l\u2019Audio-Visuel (ARAV).<br \/>Suite \u00e0 ce d\u00e9c\u00e8s, le pr\u00e9sident de cette instance a adress\u00e9, en son nom et au nom de tout le personnel de l&rsquo;Arav, un message de condol\u00e9ances \u00e0 la famille du d\u00e9funt.<\/p>\n<p>Auteur: elmoudjahid<br \/>\n<a href=\"http:\/\/www.elmoudjahid.com\/fr\/actualites\/155710\">Cliquez ici pour lire l&rsquo;article depuis sa source.<\/a><\/p>\n","protected":false},"excerpt":{"rendered":"<p>Le membre de l&rsquo;Autorit\u00e9 de R\u00e9gulation de l&rsquo;Audio-visuel (ARAV), Ahmed Beyoud, est d\u00e9c\u00e9d\u00e9 \u00e0 l&rsquo;\u00e2ge de 69 ans, a-t-on appris hier aupr\u00e8s de cette instance.N\u00e9 le 9 juin1951 \u00e0 Guerrara (Gharda\u00efa), le d\u00e9funt, m\u00e9decin de formation, avait occup\u00e9 plusieurs postes dans le secteur de la sant\u00e9 notamment membre co-fondateur de la Soci\u00e9t\u00e9 Alg\u00e9rienne de M\u00e9decine [&hellip;]<\/p>\n","protected":false},"author":1744,"featured_media":0,"comment_status":"closed","ping_status":"closed","sticky":false,"template":"","format":"standard","meta":{"fifu_image_url":"","fifu_image_alt":"","footnotes":""},"categories":[73,53],"tags":[],"class_list":["post-90547","post","type-post","status-publish","format-standard","hentry","category-actualite","category-algerie"],"_links":{"self":[{"href":"https:\/\/linitiative.ca\/International\/wp-json\/wp\/v2\/posts\/90547","targetHints":{"allow":["GET"]}}],"collection":[{"href":"https:\/\/linitiative.ca\/International\/wp-json\/wp\/v2\/posts"}],"about":[{"href":"https:\/\/linitiative.ca\/International\/wp-json\/wp\/v2\/types\/post"}],"author":[{"embeddable":true,"href":"https:\/\/linitiative.ca\/International\/wp-json\/wp\/v2\/users\/1744"}],"replies":[{"embeddable":true,"href":"https:\/\/linitiative.ca\/International\/wp-json\/wp\/v2\/comments?post=90547"}],"version-history":[{"count":0,"href":"https:\/\/linitiative.ca\/International\/wp-json\/wp\/v2\/posts\/90547\/revisions"}],"wp:attachment":[{"href":"https:\/\/linitiative.ca\/International\/wp-json\/wp\/v2\/media?parent=90547"}],"wp:term":[{"taxonomy":"category","embeddable":true,"href":"https:\/\/linitiative.ca\/International\/wp-json\/wp\/v2\/categories?post=90547"},{"taxonomy":"post_tag","embeddable":true,"href":"https:\/\/linitiative.ca\/International\/wp-json\/wp\/v2\/tags?post=90547"}],"curies":[{"name":"wp","href":"https:\/\/api.w.org\/{rel}","templated":true}]}}