{"id":90549,"date":"2020-06-29T10:30:00","date_gmt":"2020-06-29T14:30:00","guid":{"rendered":"https:\/\/linitiative.ca\/International\/canicule-la-protection-civile-intensifie-les-actions-de-prevention-et-de-sensibilisation\/"},"modified":"2020-06-29T10:30:00","modified_gmt":"2020-06-29T14:30:00","slug":"canicule-la-protection-civile-intensifie-les-actions-de-prevention-et-de-sensibilisation","status":"publish","type":"post","link":"https:\/\/linitiative.ca\/International\/canicule-la-protection-civile-intensifie-les-actions-de-prevention-et-de-sensibilisation\/","title":{"rendered":"Canicule: La Protection civile intensifie les actions de pr\u00e9vention et de sensibilisation"},"content":{"rendered":"<p>La Protection civile recommande, \u00e0 cet effet, de ne pas s&rsquo;exposer au soleil en particulier les personnes \u00e2g\u00e9es, les personnes atteintes de maladies chroniques et les enfants, de fermer les volets et les rideaux des fa\u00e7ades expos\u00e9s au soleil, de maintenir les fen\u00eatres et volets ferm\u00e9s le jour, et de les ouvrir la nuit pour laisser p\u00e9n\u00e9trer la fra\u00eecheur.<\/p>\n<p>Il est \u00e9galement conseill\u00e9 d&rsquo;\u00e9viter les endroits confin\u00e9s\u00a0et baisser ou \u00e9teindre les lumi\u00e8res \u00e9lectriques, d&rsquo;\u00e9viter de se d\u00e9placer pendant cette p\u00e9riode, et de pr\u00e9f\u00e9rence se d\u00e9placer t\u00f4t le matin ou tard le soir,\u00a0en particulier dans les wilayas int\u00e9rieures, pr\u00e9cise le communiqu\u00e9.<\/p>\n<p>Il est recommand\u00e9 aussi de porter un chapeau, des v\u00eatements l\u00e9gers (coton) et amples, de pr\u00e9f\u00e9rence de couleur claire lors de sorties, et d&rsquo;\u00e9viter les activit\u00e9s ext\u00e9rieures n\u00e9cessitant des d\u00e9penses d&rsquo;\u00e9nergie trop importante\u00a0(sports, jardinage, bricolage&#8230;).<\/p>\n<p>La Protection civile appelle, dans le m\u00eame cadre, \u00e0 ne pas se baigner au niveau des r\u00e9serves d&rsquo;eau (barrage, retenue collinaire, mare d&rsquo;eau et bassin d&rsquo;eau) et \u00e0 ne pas fr\u00e9quenter les plages, \u00e9tant interdit par mesure de s\u00e9curit\u00e9 suite \u00e0 la pand\u00e9mie Covid-19.<\/p>\n<p class=\"c6\">Elle appelle, \u00e9galement, \u00e0 aider les personnes d\u00e9pendantes (nourrissons, enfants, personnes \u00e2g\u00e9es, malades), ajoute la m\u00eame source.<\/p>\n<p class=\"c6\">Concernant la pr\u00e9vention de la pand\u00e9mie de Covid-19, la Protection civile appelle les citoyens \u00e0 suivre les mesures pr\u00e9ventives, en restant chez eux, et en respectant les mesures d&rsquo;hygi\u00e8ne et ainsi la distanciation physique, souligne le communiqu\u00e9.<\/p>\n<p>Auteur: elmoudjahid<br \/>\n<a href=\"http:\/\/www.elmoudjahid.com\/fr\/actualites\/155712\">Cliquez ici pour lire l&rsquo;article depuis sa source.<\/a><\/p>\n","protected":false},"excerpt":{"rendered":"<p>La Protection civile recommande, \u00e0 cet effet, de ne pas s&rsquo;exposer au soleil en particulier les personnes \u00e2g\u00e9es, les personnes atteintes de maladies chroniques et les enfants, de fermer les volets et les rideaux des fa\u00e7ades expos\u00e9s au soleil, de maintenir les fen\u00eatres et volets ferm\u00e9s le jour, et de les ouvrir la nuit pour [&hellip;]<\/p>\n","protected":false},"author":1744,"featured_media":0,"comment_status":"closed","ping_status":"closed","sticky":false,"template":"","format":"standard","meta":{"fifu_image_url":"","fifu_image_alt":"","footnotes":""},"categories":[73,53],"tags":[],"class_list":["post-90549","post","type-post","status-publish","format-standard","hentry","category-actualite","category-algerie"],"_links":{"self":[{"href":"https:\/\/linitiative.ca\/International\/wp-json\/wp\/v2\/posts\/90549","targetHints":{"allow":["GET"]}}],"collection":[{"href":"https:\/\/linitiative.ca\/International\/wp-json\/wp\/v2\/posts"}],"about":[{"href":"https:\/\/linitiative.ca\/International\/wp-json\/wp\/v2\/types\/post"}],"author":[{"embeddable":true,"href":"https:\/\/linitiative.ca\/International\/wp-json\/wp\/v2\/users\/1744"}],"replies":[{"embeddable":true,"href":"https:\/\/linitiative.ca\/International\/wp-json\/wp\/v2\/comments?post=90549"}],"version-history":[{"count":0,"href":"https:\/\/linitiative.ca\/International\/wp-json\/wp\/v2\/posts\/90549\/revisions"}],"wp:attachment":[{"href":"https:\/\/linitiative.ca\/International\/wp-json\/wp\/v2\/media?parent=90549"}],"wp:term":[{"taxonomy":"category","embeddable":true,"href":"https:\/\/linitiative.ca\/International\/wp-json\/wp\/v2\/categories?post=90549"},{"taxonomy":"post_tag","embeddable":true,"href":"https:\/\/linitiative.ca\/International\/wp-json\/wp\/v2\/tags?post=90549"}],"curies":[{"name":"wp","href":"https:\/\/api.w.org\/{rel}","templated":true}]}}