{"id":90566,"date":"2020-06-29T06:00:00","date_gmt":"2020-06-29T10:00:00","guid":{"rendered":"https:\/\/linitiative.ca\/International\/premieres-inquietudes\/"},"modified":"2020-06-29T06:00:00","modified_gmt":"2020-06-29T10:00:00","slug":"premieres-inquietudes","status":"publish","type":"post","link":"https:\/\/linitiative.ca\/International\/premieres-inquietudes\/","title":{"rendered":"Premi\u00e8res inqui\u00e9tudes\u00a0"},"content":{"rendered":"<p>Apr\u00e8s l\u2019euphorie, l&rsquo;inqui\u00e9tude. Les mesures annonc\u00e9es par le minist\u00e8re de l&rsquo;\u00c9ducation en direction des \u00e9l\u00e8ves de quatri\u00e8me consistant \u00e0 les autoriser \u00e0 acc\u00e9der au palier secondaire avec une moyenne de 9 sur 20 font craindre le pire aux chefs d&rsquo;\u00e9tablissements cens\u00e9s les accueillir. Ils s&rsquo;attendent, en effet, \u00e0 un afflux record de lyc\u00e9ens, ce qui pr\u00e9sage d\u00e9j\u00e0 des classes surcharg\u00e9es et un d\u00e9but d&rsquo;ann\u00e9e difficile comme le secteur a d\u00e9j\u00e0 eu \u00e0 conna\u00eetre par le pass\u00e9.\u00a0<\/p>\n<p>Auteur:<br \/>\n<a href=\"https:\/\/www.lesoirdalgerie.com\/periscoop\/premieres-inquietudes-44226\">Cliquez ici pour lire l&rsquo;article depuis sa source.<\/a><\/p>\n","protected":false},"excerpt":{"rendered":"<p>Apr\u00e8s l\u2019euphorie, l&rsquo;inqui\u00e9tude. Les mesures annonc\u00e9es par le minist\u00e8re de l&rsquo;\u00c9ducation en direction des \u00e9l\u00e8ves de quatri\u00e8me consistant \u00e0 les autoriser \u00e0 acc\u00e9der au palier secondaire avec une moyenne de 9 sur 20 font craindre le pire aux chefs d&rsquo;\u00e9tablissements cens\u00e9s les accueillir. Ils s&rsquo;attendent, en effet, \u00e0 un afflux record de lyc\u00e9ens, ce qui [&hellip;]<\/p>\n","protected":false},"author":1741,"featured_media":0,"comment_status":"closed","ping_status":"closed","sticky":false,"template":"","format":"standard","meta":{"fifu_image_url":"","fifu_image_alt":"","footnotes":""},"categories":[73,53],"tags":[],"class_list":["post-90566","post","type-post","status-publish","format-standard","hentry","category-actualite","category-algerie"],"_links":{"self":[{"href":"https:\/\/linitiative.ca\/International\/wp-json\/wp\/v2\/posts\/90566","targetHints":{"allow":["GET"]}}],"collection":[{"href":"https:\/\/linitiative.ca\/International\/wp-json\/wp\/v2\/posts"}],"about":[{"href":"https:\/\/linitiative.ca\/International\/wp-json\/wp\/v2\/types\/post"}],"author":[{"embeddable":true,"href":"https:\/\/linitiative.ca\/International\/wp-json\/wp\/v2\/users\/1741"}],"replies":[{"embeddable":true,"href":"https:\/\/linitiative.ca\/International\/wp-json\/wp\/v2\/comments?post=90566"}],"version-history":[{"count":0,"href":"https:\/\/linitiative.ca\/International\/wp-json\/wp\/v2\/posts\/90566\/revisions"}],"wp:attachment":[{"href":"https:\/\/linitiative.ca\/International\/wp-json\/wp\/v2\/media?parent=90566"}],"wp:term":[{"taxonomy":"category","embeddable":true,"href":"https:\/\/linitiative.ca\/International\/wp-json\/wp\/v2\/categories?post=90566"},{"taxonomy":"post_tag","embeddable":true,"href":"https:\/\/linitiative.ca\/International\/wp-json\/wp\/v2\/tags?post=90566"}],"curies":[{"name":"wp","href":"https:\/\/api.w.org\/{rel}","templated":true}]}}