{"id":90567,"date":"2020-06-29T06:00:00","date_gmt":"2020-06-29T10:00:00","guid":{"rendered":"https:\/\/linitiative.ca\/International\/on-y-est-tous-pour-quelque-chose\/"},"modified":"2020-06-29T06:00:00","modified_gmt":"2020-06-29T10:00:00","slug":"on-y-est-tous-pour-quelque-chose","status":"publish","type":"post","link":"https:\/\/linitiative.ca\/International\/on-y-est-tous-pour-quelque-chose\/","title":{"rendered":"On y est tous pour quelque chose !"},"content":{"rendered":"<p class=\"c4\">Les contaminations augmentent quand on ne se pose pas la bonne question, l\u00e0 o\u00f9 l\u2019on est habilit\u00e9 \u00e0 le faire. Celle de savoir qui est responsable de la propagation du virus et qui contribue \u00e0 remettre en selle un mal dont on a pens\u00e9, sans doute pr\u00e9matur\u00e9ment, que l\u2019on ma\u00eetriserait, \u00e0 coup s\u00fbr, la transmissibilit\u00e9. Depuis que la Covid-19 s\u2019est invit\u00e9e \u00e0 la table alg\u00e9rienne, on ne parle plus que d\u2019elle ! Jusqu\u2019en f\u00e9vrier\/mars, les discussions portaient sur la chert\u00e9 de la vie, les arrestations, la corruption, le mouvement populaire, la r\u00e9pression mais aussi les triomphes et les avanc\u00e9es qu\u2019il a enregistr\u00e9s.\u00a0 On y est tous pour quelque chose. Chacun est coupable de ne pas avoir sensibilis\u00e9 autour de lui ceux qui se pensent \u00e0 l\u2019abri de la maladie et ne croient pas vraiment que ce mal-l\u00e0 va emporter plus qu\u2019une grippe traditionnelle. Incroyable tol\u00e9rance \u00e0 l\u2019\u00e9gard du terrible virus ! C\u2019est vrai que lorsque quelqu\u2019un tarde \u00e0 quitter la maison, vous finissez par d\u00e9velopper envers lui un attachement qui ne dit pas son nom.\u00a0\u00a0<br \/>Se soustraire \u00e0 ce que l\u2019on exige des autres, c\u2019est normal ? En principe, la loi est faite pour \u00eatre appliqu\u00e9e par tous, non ? \u00c0 moins que ceux qui ne la respectent pas disposent d\u2019informations \u00e0 propos de la pand\u00e9mie class\u00e9es top-secret ? Parce que s\u2019ils ne portent pas leurs bavettes mais verbalisent quand m\u00eame les automobilistes, leur hi\u00e9rarchie gagnera \u00e0 tirer au clair de tels \u00e9carts de comportement. Qui pour sanctionner ceux d\u2019entre eux qui se pensent autoris\u00e9s \u00e0 s\u00e9vir sans avoir \u00e0 s\u2019expliquer sur le fait qu\u2019eux-m\u00eames ne les portent pas ?\u00a0<br \/>Pourquoi s\u2019\u00e9tonner que les gens soient tent\u00e9s de faire pareil, si ceux cens\u00e9s faire respecter la loi, comme les gendarmes et les policiers, par exemple, font le contraire ? Se ranger \u00e0 l\u2019\u00e9vidence et s\u2019imposer une discipline dont on est seul comptable parce que la responsabilit\u00e9 est d\u2019abord individuelle ? Les commer\u00e7ants, par exemple, h\u00e9sitent sur l\u2019attitude \u00e0 adopter face au client. Il y a ceux qui imposent les mesures barri\u00e8res pour ne pas subir de sanction et ceux qui craignent de voir tourner les talons celui qui, \u00e0 l\u2019\u00e9vidence, est r\u00e9fractaire aux pr\u00e9cautions d\u2019usage.\u00a0<br \/><em><strong>M. B.<\/strong><\/em><\/p>\n<p>Auteur:<br \/>\n<a href=\"https:\/\/www.lesoirdalgerie.com\/soit-dit-en-passant\/on-y-est-tous-pour-quelque-chose-44225\">Cliquez ici pour lire l&rsquo;article depuis sa source.<\/a><\/p>\n","protected":false},"excerpt":{"rendered":"<p>Les contaminations augmentent quand on ne se pose pas la bonne question, l\u00e0 o\u00f9 l\u2019on est habilit\u00e9 \u00e0 le faire. Celle de savoir qui est responsable de la propagation du virus et qui contribue \u00e0 remettre en selle un mal dont on a pens\u00e9, sans doute pr\u00e9matur\u00e9ment, que l\u2019on ma\u00eetriserait, \u00e0 coup s\u00fbr, la transmissibilit\u00e9. [&hellip;]<\/p>\n","protected":false},"author":1741,"featured_media":0,"comment_status":"closed","ping_status":"closed","sticky":false,"template":"","format":"standard","meta":{"fifu_image_url":"","fifu_image_alt":"","footnotes":""},"categories":[73,53],"tags":[],"class_list":["post-90567","post","type-post","status-publish","format-standard","hentry","category-actualite","category-algerie"],"_links":{"self":[{"href":"https:\/\/linitiative.ca\/International\/wp-json\/wp\/v2\/posts\/90567","targetHints":{"allow":["GET"]}}],"collection":[{"href":"https:\/\/linitiative.ca\/International\/wp-json\/wp\/v2\/posts"}],"about":[{"href":"https:\/\/linitiative.ca\/International\/wp-json\/wp\/v2\/types\/post"}],"author":[{"embeddable":true,"href":"https:\/\/linitiative.ca\/International\/wp-json\/wp\/v2\/users\/1741"}],"replies":[{"embeddable":true,"href":"https:\/\/linitiative.ca\/International\/wp-json\/wp\/v2\/comments?post=90567"}],"version-history":[{"count":0,"href":"https:\/\/linitiative.ca\/International\/wp-json\/wp\/v2\/posts\/90567\/revisions"}],"wp:attachment":[{"href":"https:\/\/linitiative.ca\/International\/wp-json\/wp\/v2\/media?parent=90567"}],"wp:term":[{"taxonomy":"category","embeddable":true,"href":"https:\/\/linitiative.ca\/International\/wp-json\/wp\/v2\/categories?post=90567"},{"taxonomy":"post_tag","embeddable":true,"href":"https:\/\/linitiative.ca\/International\/wp-json\/wp\/v2\/tags?post=90567"}],"curies":[{"name":"wp","href":"https:\/\/api.w.org\/{rel}","templated":true}]}}