{"id":90579,"date":"2020-06-29T15:50:12","date_gmt":"2020-06-29T19:50:12","guid":{"rendered":"https:\/\/linitiative.ca\/International\/egypte-sept-malades-porteurs-du-covid19-perissent-dans-lincendie-dun-hopital\/"},"modified":"2020-06-29T15:50:12","modified_gmt":"2020-06-29T19:50:12","slug":"egypte-sept-malades-porteurs-du-covid19-perissent-dans-lincendie-dun-hopital","status":"publish","type":"post","link":"https:\/\/linitiative.ca\/International\/egypte-sept-malades-porteurs-du-covid19-perissent-dans-lincendie-dun-hopital\/","title":{"rendered":"Egypte\u00a0: Sept malades porteurs du covid19 p\u00e9rissent dans l\u2019incendie d\u2019un h\u00f4pital"},"content":{"rendered":"<div class=\"post-cont-in left relative\">\n<p>Sept personnes, six hommes et une femme, sont d\u00e9c\u00e9d\u00e9es, hier, dans l\u2019incendie qui s\u2019est d\u00e9clar\u00e9 dans une aile sp\u00e9ciale d\u2019un h\u00f4pital priv\u00e9 \u00e0 l\u2019est d\u2019Alexandrie, d\u00e9di\u00e9e \u00e0 l\u2019hospitalisation des malades porteurs du covid19.<\/p>\n<div class=\"code-block code-block-1 c3\"><ins class=\"adsbygoogle c2\" data-ad-layout=\"in-article\" data-ad-format=\"fluid\" data-ad-client=\"ca-pub-2102118777505746\" data-ad-slot=\"7301775417\"\/> <\/div>\n<p>L\u2019incendie qui a ravag\u00e9 cette aile serait d\u00fb \u00e0 un court circuit dans l\u2019installation \u00e9lectrique du syst\u00e8me de climatisation du b\u00e2timent.<\/p>\n<div class=\"swp_social_panel swp_horizontal_panel swp_flat_fresh swp_default_full_color swp_individual_full_color swp_other_full_color scale-100 scale-\" data-min-width=\"1100\" data-float-color=\"#ffffff\" data-float=\"bottom\" data-float-mobile=\"bottom\" data-transition=\"slide\">\n<div class=\"nc_tweetContainer swp_share_button total_shares total_sharesalt\"><span class=\"swp_count\">6 <span class=\"swp_label\">Partages<\/span><\/span><\/div>\n<\/div>\n<p><strong>Que se passe-t-il en Tunisie?<\/strong><br \/>Nous expliquons sur notre <a href=\"https:\/\/www.youtube.com\/channel\/UCRzypVq0B_yBad5eGrwBx0Q?sub_confirmation=1\" target=\"_blank\" rel=\"noopener noreferrer\">cha\u00eene YouTube<\/a> . <a href=\"https:\/\/www.youtube.com\/channel\/UCRzypVq0B_yBad5eGrwBx0Q?sub_confirmation=1\" target=\"_blank\" rel=\"noopener noreferrer\">Abonnez-vous!<\/a><\/p>\n<div class=\"mvp-org-wrap mvp-org-logo\" itemprop=\"publisher\" itemscope=\"\" itemtype=\"https:\/\/schema.org\/Organization\"><img decoding=\"async\" src=\"https:\/\/www.tunisienumerique.com\/wp-content\/uploads\/2017\/02\/logo_tunisie_numerique.png\"\/><\/div>\n<div class=\"mvp-related-posts left relative\">\n<h4 class=\"post-header\"><span class=\"post-header\">Lire aussi<\/span><\/h4>\n<\/div>\n<div id=\"article-ad\"><ins class=\"adsbygoogle c4\" data-ad-client=\"ca-pub-2102118777505746\" data-ad-slot=\"6513972734\" data-ad-format=\"auto\" data-full-width-responsive=\"true\"\/> <\/div>\n<\/div>\n<div id=\"post-sidebar-wrap\"><ins class=\"adsbygoogle c4\" data-ad-client=\"ca-pub-2102118777505746\" data-ad-slot=\"6168283410\" data-ad-format=\"auto\" data-full-width-responsive=\"true\"\/> <\/div>\n<p>Auteur: LM<br \/>\n<a href=\"https:\/\/www.tunisienumerique.com\/egypte-sept-malades-porteurs-du-covid19-perissent-dans-lincendie-dun-hopital\/\">Cliquez ici pour lire l&rsquo;article depuis sa source.<\/a><\/p>\n","protected":false},"excerpt":{"rendered":"<p>Sept personnes, six hommes et une femme, sont d\u00e9c\u00e9d\u00e9es, hier, dans l\u2019incendie qui s\u2019est d\u00e9clar\u00e9 dans une aile sp\u00e9ciale d\u2019un h\u00f4pital priv\u00e9 \u00e0 l\u2019est d\u2019Alexandrie, d\u00e9di\u00e9e \u00e0 l\u2019hospitalisation des malades porteurs du covid19. L\u2019incendie qui a ravag\u00e9 cette aile serait d\u00fb \u00e0 un court circuit dans l\u2019installation \u00e9lectrique du syst\u00e8me de climatisation du b\u00e2timent. 6 [&hellip;]<\/p>\n","protected":false},"author":1789,"featured_media":90580,"comment_status":"closed","ping_status":"closed","sticky":false,"template":"","format":"standard","meta":{"fifu_image_url":"","fifu_image_alt":"","footnotes":""},"categories":[73,55],"tags":[],"class_list":["post-90579","post","type-post","status-publish","format-standard","has-post-thumbnail","hentry","category-actualite","category-tunisie"],"_links":{"self":[{"href":"https:\/\/linitiative.ca\/International\/wp-json\/wp\/v2\/posts\/90579","targetHints":{"allow":["GET"]}}],"collection":[{"href":"https:\/\/linitiative.ca\/International\/wp-json\/wp\/v2\/posts"}],"about":[{"href":"https:\/\/linitiative.ca\/International\/wp-json\/wp\/v2\/types\/post"}],"author":[{"embeddable":true,"href":"https:\/\/linitiative.ca\/International\/wp-json\/wp\/v2\/users\/1789"}],"replies":[{"embeddable":true,"href":"https:\/\/linitiative.ca\/International\/wp-json\/wp\/v2\/comments?post=90579"}],"version-history":[{"count":0,"href":"https:\/\/linitiative.ca\/International\/wp-json\/wp\/v2\/posts\/90579\/revisions"}],"wp:featuredmedia":[{"embeddable":true,"href":"https:\/\/linitiative.ca\/International\/wp-json\/"}],"wp:attachment":[{"href":"https:\/\/linitiative.ca\/International\/wp-json\/wp\/v2\/media?parent=90579"}],"wp:term":[{"taxonomy":"category","embeddable":true,"href":"https:\/\/linitiative.ca\/International\/wp-json\/wp\/v2\/categories?post=90579"},{"taxonomy":"post_tag","embeddable":true,"href":"https:\/\/linitiative.ca\/International\/wp-json\/wp\/v2\/tags?post=90579"}],"curies":[{"name":"wp","href":"https:\/\/api.w.org\/{rel}","templated":true}]}}