{"id":90601,"date":"2020-06-30T11:10:20","date_gmt":"2020-06-30T15:10:20","guid":{"rendered":"https:\/\/linitiative.ca\/International\/une-decision-attendue-la-can-2021-de-football-reportee-dun-an\/"},"modified":"2020-06-30T11:10:20","modified_gmt":"2020-06-30T15:10:20","slug":"une-decision-attendue-la-can-2021-de-football-reportee-dun-an","status":"publish","type":"post","link":"https:\/\/linitiative.ca\/International\/une-decision-attendue-la-can-2021-de-football-reportee-dun-an\/","title":{"rendered":"Une d\u00e9cision attendue : La CAN 2021 de football report\u00e9e d\u2019un an"},"content":{"rendered":"<header>\n<div class=\"entry-post-meta\">\n<div class=\"author-link\">Publi\u00e9 par <a itemprop=\"author\" itemscope=\"\" itemtype=\"https:\/\/schema.org\/Person\" href=\"https:\/\/aujourdhui.ma\/author\/kaid\" rel=\"author\"><span itemprop=\"name\">ALM<\/span><\/a><\/div>\n<p>Date\u00a0:<time content=\"2020-06-30T16:10:20+01:00\" class=\"entry-date updated\" datetime=\"2020-06-30T16:10:20+01:00\">juin 30, 2020<\/time><\/p>\n<div class=\"entry-cat\">dans:<a href=\"https:\/\/aujourdhui.ma\/category\/sports\" rel=\"category tag\">Sports<\/a>, <a href=\"https:\/\/aujourdhui.ma\/category\/une\" rel=\"category tag\">Une<\/a><\/div>\n<p>12Vues<\/p>\n<\/div>\n<\/header>\n<div class=\"entry-content clearfix\" readability=\"54\"><img decoding=\"async\" class=\"post_layout_5_img\" src=\"http:\/\/aujourdhui.ma\/wp-content\/uploads\/2020\/06\/CAN-L-coupe-d-afrique-des-nations.jpg\" alt=\"Une d&#xE9;cision attendue : La CAN 2021 de football report&#xE9;e d&#x2019;un an\"\/><\/p>\n<p><span class=\"c5\"><strong>Cela \u00e9tait pr\u00e9visible. Le comit\u00e9 ex\u00e9cutif de la Conf\u00e9d\u00e9ration africaine de football (CAF) a annonc\u00e9 mardi, \u00e0 l\u2019issue d\u2019une r\u00e9union tenue par visioconf\u00e9rence, le report de la Coupe d\u2019Afrique des Nations CAN 2021.<\/strong><\/span><br \/><span class=\"c6\"><span id=\"more-349287\"\/><\/span><\/p>\n<p>Initialement pr\u00e9vue du 9 janvier au 6 f\u00e9vrier prochain, la CAN est donc report\u00e9e d\u2019un an, \u00e0 savoir au d\u00e9but 2022. Si les dates ont subi un changement, le lieu n\u2019a pas fait l\u2019objet de contestation. Le Cameroun demeure le pays h\u00f4te.<\/p>\n<p>Cette d\u00e9cision a \u00e9t\u00e9 prise en raison des incertitudes sur l\u2019\u00e9volution de la situation sanitaire li\u00e9e au coronavirus et surtout \u00e0 cause des \u00e9liminatoires qui n\u2019en sont qu\u2019\u00e0 la deuxi\u00e8me journ\u00e9e et ne devront pas reprendre avant le mois d\u2019octobre. De plus, l\u2019\u00e9t\u00e9 2021 sera marqu\u00e9 par deux comp\u00e9titions majeures que sont l\u2019Euro et les Jeux Olympiques. La CAF a donc jug\u00e9 utile d\u2019\u00e9viter la concurrence.<br \/>S\u2019agissant du CHAN, le comit\u00e9 ex\u00e9cutif a d\u00e9cid\u00e9 de tenir la comp\u00e9tition en janvier 2021, soit durant la p\u00e9riode initialement pr\u00e9vue pour la CAN. Par ailleurs, l\u2019instance dirigeante du football africain a d\u00e9cid\u00e9 d\u2019annuler la CAN f\u00e9minine 2020, dont le pays h\u00f4te \u00e9tait toujours \u00e0 d\u00e9terminer. En revanche, la CAF a annonc\u00e9 la cr\u00e9ation d\u2019une Ligue des champions f\u00e9minine africaine.<\/p>\n<\/div>\n<p>Auteur: ALM<br \/>\n<a href=\"https:\/\/aujourdhui.ma\/une\/une-decision-attendue-la-can-2021-de-football-reportee-dun-an\">Cliquez ici pour lire l&rsquo;article depuis sa source.<\/a><\/p>\n","protected":false},"excerpt":{"rendered":"<p>Publi\u00e9 par ALM Date\u00a0:juin 30, 2020 dans:Sports, Une 12Vues Cela \u00e9tait pr\u00e9visible. Le comit\u00e9 ex\u00e9cutif de la Conf\u00e9d\u00e9ration africaine de football (CAF) a annonc\u00e9 mardi, \u00e0 l\u2019issue d\u2019une r\u00e9union tenue par visioconf\u00e9rence, le report de la Coupe d\u2019Afrique des Nations CAN 2021. Initialement pr\u00e9vue du 9 janvier au 6 f\u00e9vrier prochain, la CAN est donc [&hellip;]<\/p>\n","protected":false},"author":1759,"featured_media":90602,"comment_status":"closed","ping_status":"closed","sticky":false,"template":"","format":"standard","meta":{"fifu_image_url":"","fifu_image_alt":"","footnotes":""},"categories":[73,54],"tags":[],"class_list":["post-90601","post","type-post","status-publish","format-standard","has-post-thumbnail","hentry","category-actualite","category-maroc"],"_links":{"self":[{"href":"https:\/\/linitiative.ca\/International\/wp-json\/wp\/v2\/posts\/90601","targetHints":{"allow":["GET"]}}],"collection":[{"href":"https:\/\/linitiative.ca\/International\/wp-json\/wp\/v2\/posts"}],"about":[{"href":"https:\/\/linitiative.ca\/International\/wp-json\/wp\/v2\/types\/post"}],"author":[{"embeddable":true,"href":"https:\/\/linitiative.ca\/International\/wp-json\/wp\/v2\/users\/1759"}],"replies":[{"embeddable":true,"href":"https:\/\/linitiative.ca\/International\/wp-json\/wp\/v2\/comments?post=90601"}],"version-history":[{"count":0,"href":"https:\/\/linitiative.ca\/International\/wp-json\/wp\/v2\/posts\/90601\/revisions"}],"wp:featuredmedia":[{"embeddable":true,"href":"https:\/\/linitiative.ca\/International\/wp-json\/"}],"wp:attachment":[{"href":"https:\/\/linitiative.ca\/International\/wp-json\/wp\/v2\/media?parent=90601"}],"wp:term":[{"taxonomy":"category","embeddable":true,"href":"https:\/\/linitiative.ca\/International\/wp-json\/wp\/v2\/categories?post=90601"},{"taxonomy":"post_tag","embeddable":true,"href":"https:\/\/linitiative.ca\/International\/wp-json\/wp\/v2\/tags?post=90601"}],"curies":[{"name":"wp","href":"https:\/\/api.w.org\/{rel}","templated":true}]}}