{"id":90603,"date":"2020-06-30T11:13:19","date_gmt":"2020-06-30T15:13:19","guid":{"rendered":"https:\/\/linitiative.ca\/International\/taroudant-6-mois-de-prison-ferme-pour-le-president-pjdisite-de-la-commune-freija\/"},"modified":"2020-06-30T11:13:19","modified_gmt":"2020-06-30T15:13:19","slug":"taroudant-6-mois-de-prison-ferme-pour-le-president-pjdisite-de-la-commune-freija","status":"publish","type":"post","link":"https:\/\/linitiative.ca\/International\/taroudant-6-mois-de-prison-ferme-pour-le-president-pjdisite-de-la-commune-freija\/","title":{"rendered":"Taroudant : 6 mois de prison ferme pour le pr\u00e9sident pjdisite de la commune Freija"},"content":{"rendered":"<header>\n<\/header>\n<div class=\"entry-content clearfix\" readability=\"51\"><img decoding=\"async\" class=\"post_layout_5_img\" src=\"http:\/\/aujourdhui.ma\/wp-content\/uploads\/2019\/05\/arrestation.jpg\" alt=\"Taroudant : 6 mois de prison ferme pour le pr&#xE9;sident pjdisite de la commune Freija\"\/><\/p>\n<p><span class=\"c5\"><strong>Nouveau coup dur pour le Parti justice et d\u00e9veloppement (PJD). Il vient de perdre la commune de Freija relevant de la province de Taroudant.<\/strong><\/span> <span id=\"more-349286\"\/><\/p>\n<p>Son pr\u00e9sident a \u00e9t\u00e9 condamn\u00e9 \u00e0 six mois de prison ferme et 2.000 dirhams d\u2019amende pour \u00aboutrage, diffamation et diffusion de fausses informations\u00bb dans un groupe de messagerie WhatsApp visant le gouverneur de Taroudant, et qui a fait par la suite le tour de la Toile.<\/p>\n<p>Cette affaire remonte au mois de mai dernier, lorsque le gouverneur de la province de Taroudant, apr\u00e8s avoir obtenu l\u2019autorisation n\u00e9cessaire du minist\u00e8re de l\u2019int\u00e9rieur, a port\u00e9 plainte contre le pr\u00e9sident de la commune de Freija. Celui-ci a \u00e9t\u00e9 interpell\u00e9 apr\u00e8s quelques jours de cavale dans un appartement \u00e0 Agadir.<\/p>\n<p>L\u2019enqu\u00eate diligent\u00e9e par le parquet de Taroudant a confirm\u00e9 que ledit enregistrement appartenait \u00e0 l\u2019\u00e9lu pjdiste en col\u00e8re contre le repr\u00e9sentant de l\u2019administration territoriale au niveau de la province.<\/p>\n<\/div>\n<p>Auteur: ALM<br \/>\n<a href=\"https:\/\/aujourdhui.ma\/faits-divers\/taroudant-6-mois-de-prison-ferme-pour-le-president-pjdisite-de-la-commune-freija\">Cliquez ici pour lire l&rsquo;article depuis sa source.<\/a><\/p>\n","protected":false},"excerpt":{"rendered":"<p>Nouveau coup dur pour le Parti justice et d\u00e9veloppement (PJD). Il vient de perdre la commune de Freija relevant de la province de Taroudant. Son pr\u00e9sident a \u00e9t\u00e9 condamn\u00e9 \u00e0 six mois de prison ferme et 2.000 dirhams d\u2019amende pour \u00aboutrage, diffamation et diffusion de fausses informations\u00bb dans un groupe de messagerie WhatsApp visant le [&hellip;]<\/p>\n","protected":false},"author":1759,"featured_media":90604,"comment_status":"closed","ping_status":"closed","sticky":false,"template":"","format":"standard","meta":{"fifu_image_url":"","fifu_image_alt":"","footnotes":""},"categories":[73,54],"tags":[],"class_list":["post-90603","post","type-post","status-publish","format-standard","has-post-thumbnail","hentry","category-actualite","category-maroc"],"_links":{"self":[{"href":"https:\/\/linitiative.ca\/International\/wp-json\/wp\/v2\/posts\/90603","targetHints":{"allow":["GET"]}}],"collection":[{"href":"https:\/\/linitiative.ca\/International\/wp-json\/wp\/v2\/posts"}],"about":[{"href":"https:\/\/linitiative.ca\/International\/wp-json\/wp\/v2\/types\/post"}],"author":[{"embeddable":true,"href":"https:\/\/linitiative.ca\/International\/wp-json\/wp\/v2\/users\/1759"}],"replies":[{"embeddable":true,"href":"https:\/\/linitiative.ca\/International\/wp-json\/wp\/v2\/comments?post=90603"}],"version-history":[{"count":0,"href":"https:\/\/linitiative.ca\/International\/wp-json\/wp\/v2\/posts\/90603\/revisions"}],"wp:featuredmedia":[{"embeddable":true,"href":"https:\/\/linitiative.ca\/International\/wp-json\/"}],"wp:attachment":[{"href":"https:\/\/linitiative.ca\/International\/wp-json\/wp\/v2\/media?parent=90603"}],"wp:term":[{"taxonomy":"category","embeddable":true,"href":"https:\/\/linitiative.ca\/International\/wp-json\/wp\/v2\/categories?post=90603"},{"taxonomy":"post_tag","embeddable":true,"href":"https:\/\/linitiative.ca\/International\/wp-json\/wp\/v2\/tags?post=90603"}],"curies":[{"name":"wp","href":"https:\/\/api.w.org\/{rel}","templated":true}]}}