{"id":90607,"date":"2020-06-30T11:33:37","date_gmt":"2020-06-30T15:33:37","guid":{"rendered":"https:\/\/linitiative.ca\/International\/hcp-une-croissance-quasi-nulle-au-premier-trimestre-2020\/"},"modified":"2020-06-30T11:33:37","modified_gmt":"2020-06-30T15:33:37","slug":"hcp-une-croissance-quasi-nulle-au-premier-trimestre-2020","status":"publish","type":"post","link":"https:\/\/linitiative.ca\/International\/hcp-une-croissance-quasi-nulle-au-premier-trimestre-2020\/","title":{"rendered":"HCP : Une croissance quasi nulle au premier trimestre 2020"},"content":{"rendered":"<p><span class=\"c6\"><strong><span class=\"c5\">Elle a \u00e9t\u00e9 impact\u00e9e par le ralentissement des activit\u00e9s non agricoles et la baisse de celles agricoles<\/span><\/strong><\/span><span id=\"more-349292\"\/><\/p>\n<p><span class=\"c7\">Le HCP pr\u00e9cise que la valeur ajout\u00e9e du secteur primaire en volume a enregistr\u00e9 une baisse de 4% en volume au cours du premier trimestre de l\u2019ann\u00e9e 2020, au lieu de 3,4% durant la m\u00eame p\u00e9riode en 2019.<\/span><\/p>\n<p>L\u2019\u00e9conomie nationale va mal. Celle-ci a affich\u00e9 une croissance quasi nulle au premier trimestre 2020. L\u2019arr\u00eat\u00e9 des comptes nationaux du HCP fait ressortir une croissance de seulement 0,1% contre 2,8% durant le m\u00eame trimestre en 2019. Cette situation s\u2019explique par la forte baisse des activit\u00e9s agricoles (-5%), alors que celles non agricoles ont enregistr\u00e9 une augmentation de seulement 0,9%. Dans sa note d\u2019information, le HCP pr\u00e9cise que la valeur ajout\u00e9e du secteur primaire en volume a enregistr\u00e9 une baisse de 4% en volume au cours du premier trimestre de l\u2019ann\u00e9e 2020, au lieu de 3,4% durant la m\u00eame p\u00e9riode en 2019.<\/p>\n<p>Cette \u00e9volution s\u2019explique par la baisse de l\u2019activit\u00e9 de l\u2019agriculture de 5% au lieu de 5,9% une ann\u00e9e auparavant, et par une augmentation de celle de la p\u00eache de 5,2% au lieu de 20,9%. De son c\u00f4t\u00e9, la valeur ajout\u00e9e du secteur secondaire, en volume, a connu un net ralentissement de son taux d\u2019accroissement passant de 4,7% le m\u00eame trimestre de l\u2019ann\u00e9e pr\u00e9c\u00e9dente \u00e0 0,2%. Cette situation r\u00e9sulte du ralentissement du rythme d\u2019accroissement des valeurs ajout\u00e9es du b\u00e2timent et travaux publics de 1% et des industries de transformation de 0,6%, ainsi que de la baisse de celles de l\u2019industrie d\u2019extraction de 0,4% et de l\u2019\u00e9lectricit\u00e9 et eau de 3,4%. Pour sa part, la valeur ajout\u00e9e du secteur tertiaire a aussi enregistr\u00e9 un ralentissement de son taux d\u2019accroissement passant de 3,7% le m\u00eame trimestre de l\u2019ann\u00e9e pr\u00e9c\u00e9dente \u00e0 1,2%. Au total, la valeur ajout\u00e9e des activit\u00e9s non agricoles a connu un net ralentissement passant de 4,3% au premier trimestre 2019 \u00e0 0,9% en 2020. Aux prix courants, le PIB a connu une hausse de 0,4% au lieu de 4,1% une ann\u00e9e auparavant, d\u00e9gageant ainsi une augmentation du niveau g\u00e9n\u00e9ral des prix de 0,3% au lieu de 1,3%.<\/p>\n<p><span class=\"c7\"><strong>Ralentissement de la demande int\u00e9rieure<\/strong><\/span><\/p>\n<p>La demande int\u00e9rieure s\u2019est accrue de 0,6% au premier trimestre 2020 au lieu de 0,8% en 2019, contribuant ainsi pour 0,6 point \u00e0 la croissance \u00e9conomique nationale au lieu de 0,8 point. Dans ce contexte, les d\u00e9penses de consommation finale des m\u00e9nages ralentissent, passant d\u2019un taux d\u2019accroissement de 2,7% au premier trimestre 2019 \u00e0 1,4% avec une contribution \u00e0 la croissance de 0,8 point au lieu de 1,6 point. Le HCP signale que la consommation finale des administrations publiques a affich\u00e9 une hausse de 6,2% au lieu de 3,4%, avec une contribution \u00e0 la croissance de 1,3 point au lieu de 0,7 point. En revanche, l\u2019investissement brut a continu\u00e9 \u00e0 enregistrer des baisses importantes, passant de -4,5% au premier trimestre de l\u2019ann\u00e9e pass\u00e9e \u00e0 -4,8%, avec une contribution n\u00e9gative \u00e0 la croissance de -1,4 point au lieu de -1,5 point, durant le m\u00eame trimestre de l\u2019ann\u00e9e pr\u00e9c\u00e9dente.<\/p>\n<p><span class=\"c7\"><strong>Echanges ext\u00e9rieurs : Une contribution de -0,5% \u00e0 la croissance<\/strong><\/span><\/p>\n<p>Les \u00e9changes ext\u00e9rieurs de biens et services ont d\u00e9gag\u00e9 une contribution n\u00e9gative \u00e0 la croissance se situant \u00e0 -0,5 point au lieu de 2 points au cours du premier trimestre 2019. Les exportations de biens et services ont affich\u00e9 une baisse de 4,4% durant le premier trimestre 2020 au lieu d\u2019une hausse de 6,5% en 2019, avec une contribution \u00e0 la croissance de -1,7 points au lieu de 2,5 points. Les importations ont connu une baisse de 2,4% au lieu d\u2019une hausse de 1,1%, avec une contribution de 1,2 point au lieu d\u2019une contribution n\u00e9gative de -0,6 point une ann\u00e9e pass\u00e9e.<\/p>\n<p><span class=\"c7\"><strong>Le besoin de financement de l\u2019\u00e9conomie nationale est pass\u00e9 de 4,5% \u00e0 5,1% du PIB<\/strong><\/span><\/p>\n<p>Le revenu national brut disponible a connu une baisse de 0,1% au premier trimestre 2020 au lieu d\u2019une hausse de 3,4% en 2019. Ceci r\u00e9sulte d\u2019une augmentation, aux prix courants, de 0,4% du PIB au lieu de 4,1% au premier trimestre de l\u2019ann\u00e9e pass\u00e9e et une baisse de 12,1% du taux d\u2019accroissement des revenus nets re\u00e7us du reste du monde au lieu d\u2019une baisse de 11,1%. Compte tenu de l\u2019accroissement de 3,4% de la consommation finale nationale en valeur au lieu de 3,7% enregistr\u00e9 une ann\u00e9e auparavant, l\u2019\u00e9pargne nationale s\u2019est situ\u00e9e \u00e0 25,4% du PIB au lieu de 28,2%. L\u2019investissement brut (formation brute du capital fixe et variation des stocks) a repr\u00e9sent\u00e9 30,6% du PIB au lieu de 32,7% durant le m\u00eame trimestre de l\u2019ann\u00e9e pr\u00e9c\u00e9dente. Le besoin de financement de l\u2019\u00e9conomie nationale s\u2019est ainsi aggrav\u00e9 par rapport au premier trimestre 2019 passant de 4,5% du PIB \u00e0 5,1%.<\/p>\n<p>Auteur: Laila Zerrour<br \/>\n<a href=\"https:\/\/aujourdhui.ma\/economie\/hcp-une-croissance-quasi-nulle-au-premier-trimestre-2020\">Cliquez ici pour lire l&rsquo;article depuis sa source.<\/a><\/p>\n","protected":false},"excerpt":{"rendered":"<p>Elle a \u00e9t\u00e9 impact\u00e9e par le ralentissement des activit\u00e9s non agricoles et la baisse de celles agricoles Le HCP pr\u00e9cise que la valeur ajout\u00e9e du secteur primaire en volume a enregistr\u00e9 une baisse de 4% en volume au cours du premier trimestre de l\u2019ann\u00e9e 2020, au lieu de 3,4% durant la m\u00eame p\u00e9riode en 2019. [&hellip;]<\/p>\n","protected":false},"author":1759,"featured_media":0,"comment_status":"closed","ping_status":"closed","sticky":false,"template":"","format":"standard","meta":{"fifu_image_url":"","fifu_image_alt":"","footnotes":""},"categories":[73,54],"tags":[],"class_list":["post-90607","post","type-post","status-publish","format-standard","hentry","category-actualite","category-maroc"],"_links":{"self":[{"href":"https:\/\/linitiative.ca\/International\/wp-json\/wp\/v2\/posts\/90607","targetHints":{"allow":["GET"]}}],"collection":[{"href":"https:\/\/linitiative.ca\/International\/wp-json\/wp\/v2\/posts"}],"about":[{"href":"https:\/\/linitiative.ca\/International\/wp-json\/wp\/v2\/types\/post"}],"author":[{"embeddable":true,"href":"https:\/\/linitiative.ca\/International\/wp-json\/wp\/v2\/users\/1759"}],"replies":[{"embeddable":true,"href":"https:\/\/linitiative.ca\/International\/wp-json\/wp\/v2\/comments?post=90607"}],"version-history":[{"count":0,"href":"https:\/\/linitiative.ca\/International\/wp-json\/wp\/v2\/posts\/90607\/revisions"}],"wp:attachment":[{"href":"https:\/\/linitiative.ca\/International\/wp-json\/wp\/v2\/media?parent=90607"}],"wp:term":[{"taxonomy":"category","embeddable":true,"href":"https:\/\/linitiative.ca\/International\/wp-json\/wp\/v2\/categories?post=90607"},{"taxonomy":"post_tag","embeddable":true,"href":"https:\/\/linitiative.ca\/International\/wp-json\/wp\/v2\/tags?post=90607"}],"curies":[{"name":"wp","href":"https:\/\/api.w.org\/{rel}","templated":true}]}}