{"id":90615,"date":"2020-06-30T09:36:38","date_gmt":"2020-06-30T13:36:38","guid":{"rendered":"https:\/\/linitiative.ca\/International\/defaillances-a-laeroport-tunis-carthage-des-mesures-pour-remedier-aux-lacunes\/"},"modified":"2020-06-30T09:36:38","modified_gmt":"2020-06-30T13:36:38","slug":"defaillances-a-laeroport-tunis-carthage-des-mesures-pour-remedier-aux-lacunes","status":"publish","type":"post","link":"https:\/\/linitiative.ca\/International\/defaillances-a-laeroport-tunis-carthage-des-mesures-pour-remedier-aux-lacunes\/","title":{"rendered":"D\u00e9faillances \u00e0 l\u2019a\u00e9roport Tunis Carthage : Des mesures pour rem\u00e9dier aux lacunes"},"content":{"rendered":"<p>Des d\u00e9cisions urgentes seront prises pour rem\u00e9dier aux lacunes enregistr\u00e9es \u00e0 l\u2019a\u00e9roport international de Tunis-Carthage et seront annonc\u00e9es dans les deux jours, a annonc\u00e9, lundi, le ministre des Finances, Mohamed Nizar Ya\u00efch.<\/p>\n<p>Lors d\u2019une visite effectu\u00e9e, lundi apr\u00e8s-midi, \u00e0 l\u2019a\u00e9roport international Tunis-Carthage en compagnie des ministres du transport et de la logistique, Mohamed Anouar Maarouf, et du tourisme et de l\u2019artisanat, Mohamed Ali Toumi, o\u00f9 ils ont relev\u00e9 un certain nombre de d\u00e9faillances li\u00e9es principalement \u00e0 la manutention des bagages, au manque d\u2019\u00e9quipement et \u00e0 l\u2019organisation du travail.<\/p>\n<p>A cette occasion, Maarouf a relev\u00e9 des d\u00e9faillances dans le traitement des bagages des voyageurs, notamment l\u2019accumulation de certaines valises et cartons, dans un coin de la ceinture des bagages.<\/p>\n<p>Il a demand\u00e9 aux responsables de l\u2019a\u00e9roport un rapport d\u00e9taill\u00e9 sur la n\u00e9gligence de ces bagages, affirmant que \u00ab la manutention des bagages est une priorit\u00e9 et nous ne tol\u00e9rons aucune d\u00e9faillances dans ce domaine \u00bb.<\/p>\n<p>Le secr\u00e9taire g\u00e9n\u00e9ral r\u00e9gional du syndicat unifi\u00e9 des agents de la douane, Ridha Nasri, a de son c\u00f4t\u00e9 expliqu\u00e9 que ces bagages sont en transit et ont \u00e9t\u00e9 achemin\u00e9s vers l\u2019A\u00e9roport bien avant la fermeture, en raison de la pand\u00e9mie de Covid-19.<\/p>\n<p>Les trois ministres, ont, en outre, exprim\u00e9 leur satisfaction quant au respect des mesures sanitaires lors de l\u2019accueil des voyageurs lesquels portaient tous des masques.<\/p>\n<p>Le ministre du Tourisme, s\u2019est pour sa part, f\u00e9licit\u00e9 des conditions d\u2019accueil des passagers \u00e0 l\u2019a\u00e9roport international de Tunis-Carthage, notant \u00ab une fluidit\u00e9 dans l\u2019accueil des voyageurs et le respect des proc\u00e9dures sanitaires \u00bb.<\/p>\n<p>Toumi a \u00e9voqu\u00e9, \u00e0 cette occasion, la taille de l\u2019a\u00e9roport international de Tunis-Carthage, qui s\u2019\u00e9tend sur une petite superficie, alors qu\u2019il constitue le premier et le dernier point de contact pour le touriste et partant doit refl\u00e9ter une bonne image du pays et n\u00e9cessite une plus grande attention \u00e0 tous les niveaux.<\/p>\n<p>La Tunisie a rouvert ses fronti\u00e8res a\u00e9riennes, maritimes et terrestres, samedi 27 juin 2020 dans l\u2019objectif notamment, de sauver le secteur touristique gravement impact\u00e9 par la crise du coronavirus (Covid-19).<\/p>\n<p>Le pays, se pr\u00e9pare \u00e0 la relance des activit\u00e9s touristiques, apr\u00e8s avoir adopter plusieurs mesures sanitaires, dont, principalement, le protocole sanitaire du tourisme tunisien anti-Covid-19 \u00bb (250 consignes d\u2019hygi\u00e8ne), \u00e9labor\u00e9 par le minist\u00e8re du Tourisme, conform\u00e9ment aux recommandations de l\u2019OMS et du minist\u00e8re de la Sant\u00e9.<\/p>\n<p>A rappeler que le commandant de l\u2019a\u00e9roport Tunis-Carthage, Neji Zitoun, avait d\u00e9clar\u00e9 27 juin 2020 , que seulement 30% des vols ont \u00e9t\u00e9 autoris\u00e9s suite \u00e0 la r\u00e9ouverture de l\u2019espace a\u00e9rien et de toutes les fronti\u00e8res de la Tunisie jusqu\u2019au 11 juillet 2020. Et d\u2019ajouter que 5 vols ont \u00e9t\u00e9 programm\u00e9s quotidiennement, pour Paris contre 15 auparavant.<\/p>\n<div class=\"wp-post-author-wrap wp-post-author-shortcode left\">\n<h3 class=\"awpa-title\"\/>\n<div class=\"wp-post-author\">\n<div class=\"awpa-img awpa-author-block square\"><a href=\"http:\/\/lexpertjournal.net\/fr\/?author=5\"><img loading=\"lazy\" decoding=\"async\" alt=\"\" src=\"http:\/\/0.gravatar.com\/avatar\/97f8e10a1c1125ba104a76514ee07b16?s=150&amp;d=mm&amp;r=g\" srcset=\"http:\/\/0.gravatar.com\/avatar\/97f8e10a1c1125ba104a76514ee07b16?s=300&amp;d=mm&amp;r=g 2x\" class=\"avatar avatar-150 photo\" height=\"150\" width=\"150\"\/><\/a><\/div>\n<\/div>\n<\/div>\n<aside class=\"mashsb-container mashsb-main mashsb-stretched\">\n<\/aside>\n<p>Auteur: L&rsquo;expert<br \/>\n<a href=\"http:\/\/lexpertjournal.net\/fr\/?p=15531\">Cliquez ici pour lire l&rsquo;article depuis sa source.<\/a><\/p>\n","protected":false},"excerpt":{"rendered":"<p>Des d\u00e9cisions urgentes seront prises pour rem\u00e9dier aux lacunes enregistr\u00e9es \u00e0 l\u2019a\u00e9roport international de Tunis-Carthage et seront annonc\u00e9es dans les deux jours, a annonc\u00e9, lundi, le ministre des Finances, Mohamed Nizar Ya\u00efch. Lors d\u2019une visite effectu\u00e9e, lundi apr\u00e8s-midi, \u00e0 l\u2019a\u00e9roport international Tunis-Carthage en compagnie des ministres du transport et de la logistique, Mohamed Anouar Maarouf, [&hellip;]<\/p>\n","protected":false},"author":1775,"featured_media":0,"comment_status":"closed","ping_status":"closed","sticky":false,"template":"","format":"standard","meta":{"fifu_image_url":"","fifu_image_alt":"","footnotes":""},"categories":[78,55],"tags":[],"class_list":["post-90615","post","type-post","status-publish","format-standard","hentry","category-economie","category-tunisie"],"_links":{"self":[{"href":"https:\/\/linitiative.ca\/International\/wp-json\/wp\/v2\/posts\/90615","targetHints":{"allow":["GET"]}}],"collection":[{"href":"https:\/\/linitiative.ca\/International\/wp-json\/wp\/v2\/posts"}],"about":[{"href":"https:\/\/linitiative.ca\/International\/wp-json\/wp\/v2\/types\/post"}],"author":[{"embeddable":true,"href":"https:\/\/linitiative.ca\/International\/wp-json\/wp\/v2\/users\/1775"}],"replies":[{"embeddable":true,"href":"https:\/\/linitiative.ca\/International\/wp-json\/wp\/v2\/comments?post=90615"}],"version-history":[{"count":0,"href":"https:\/\/linitiative.ca\/International\/wp-json\/wp\/v2\/posts\/90615\/revisions"}],"wp:attachment":[{"href":"https:\/\/linitiative.ca\/International\/wp-json\/wp\/v2\/media?parent=90615"}],"wp:term":[{"taxonomy":"category","embeddable":true,"href":"https:\/\/linitiative.ca\/International\/wp-json\/wp\/v2\/categories?post=90615"},{"taxonomy":"post_tag","embeddable":true,"href":"https:\/\/linitiative.ca\/International\/wp-json\/wp\/v2\/tags?post=90615"}],"curies":[{"name":"wp","href":"https:\/\/api.w.org\/{rel}","templated":true}]}}