{"id":90617,"date":"2020-06-30T09:40:48","date_gmt":"2020-06-30T13:40:48","guid":{"rendered":"https:\/\/linitiative.ca\/International\/le-ministre-grec-des-ae-a-la-kasbah-investissement-et-commerce-maritime-au-menu\/"},"modified":"2020-06-30T09:40:48","modified_gmt":"2020-06-30T13:40:48","slug":"le-ministre-grec-des-ae-a-la-kasbah-investissement-et-commerce-maritime-au-menu","status":"publish","type":"post","link":"https:\/\/linitiative.ca\/International\/le-ministre-grec-des-ae-a-la-kasbah-investissement-et-commerce-maritime-au-menu\/","title":{"rendered":"Le ministre grec des AE \u00e0 la Kasbah : Investissement et commerce maritime au menu"},"content":{"rendered":"<p>Dans le cadre du renforcement de la coop\u00e9ration bilat\u00e9rale entre la Tunisie et la Gr\u00e8ce, notamment dans le domaine \u00e9conomique, de la consolidation des liens d\u2019amiti\u00e9, de l\u2019impulsion du rythme d\u2019investissement et du d\u00e9veloppement du commerce maritime entre les deux pays, une r\u00e9union s\u2019est tenue, cet apr\u00e8s-midi au Palais du gouvernement \u00e0 la Kasbah, entre le chef du gouvernement Ely\u00e8s Fakhfakh et le ministre grec des Affaires \u00e9trang\u00e8res, Nikos Dendias. Il s\u2019est f\u00e9licit\u00e9, \u00e0 cette occasion, du succ\u00e8s de la Tunisie dans la \u00ab ma\u00eetrise de la pand\u00e9mie du Coronavirus \u00bb.<\/p>\n<p>Les deux parties ont discut\u00e9 au cours de cette rencontre des pr\u00e9paratifs en pr\u00e9vision de la tenue de la 11e session de la commission mixte tuniso-grecque et de la quatri\u00e8me session des concertations politiques entre les deux pays.<\/p>\n<p>L\u2019entrevue a, \u00e9galement, port\u00e9 sur \u00ab les questions r\u00e9gionales et internationales d\u2019int\u00e9r\u00eat commun en vue de soutenir les efforts visant \u00e0 renforcer la s\u00e9curit\u00e9, la paix et la stabilit\u00e9 dans la r\u00e9gion m\u00e9diterran\u00e9enne \u00bb, selon un communiqu\u00e9 publi\u00e9 par la pr\u00e9sidence du gouvernement.<\/p>\n<p>Le ministre grec des Affaires \u00e9trang\u00e8res a rencontr\u00e9, lors de cette premi\u00e8re visite du genre depuis 2008 en Tunisie, le pr\u00e9sident de la R\u00e9publique, Ka\u00efs Sa\u00efed et le ministre des Affaires \u00e9trang\u00e8res, Noureddine Erray.<\/p>\n<div class=\"wp-post-author-wrap wp-post-author-shortcode left\">\n<h3 class=\"awpa-title\"\/>\n<div class=\"wp-post-author\">\n<div class=\"awpa-img awpa-author-block square\"><a href=\"http:\/\/lexpertjournal.net\/fr\/?author=5\"><img loading=\"lazy\" decoding=\"async\" alt=\"\" src=\"http:\/\/0.gravatar.com\/avatar\/97f8e10a1c1125ba104a76514ee07b16?s=150&amp;d=mm&amp;r=g\" srcset=\"http:\/\/0.gravatar.com\/avatar\/97f8e10a1c1125ba104a76514ee07b16?s=300&amp;d=mm&amp;r=g 2x\" class=\"avatar avatar-150 photo\" height=\"150\" width=\"150\"\/><\/a><\/div>\n<\/div>\n<\/div>\n<aside class=\"mashsb-container mashsb-main mashsb-stretched\">\n<\/aside>\n<p>Auteur: L&rsquo;expert<br \/>\n<a href=\"http:\/\/lexpertjournal.net\/fr\/?p=15537\">Cliquez ici pour lire l&rsquo;article depuis sa source.<\/a><\/p>\n","protected":false},"excerpt":{"rendered":"<p>Dans le cadre du renforcement de la coop\u00e9ration bilat\u00e9rale entre la Tunisie et la Gr\u00e8ce, notamment dans le domaine \u00e9conomique, de la consolidation des liens d\u2019amiti\u00e9, de l\u2019impulsion du rythme d\u2019investissement et du d\u00e9veloppement du commerce maritime entre les deux pays, une r\u00e9union s\u2019est tenue, cet apr\u00e8s-midi au Palais du gouvernement \u00e0 la Kasbah, entre [&hellip;]<\/p>\n","protected":false},"author":1775,"featured_media":0,"comment_status":"closed","ping_status":"closed","sticky":false,"template":"","format":"standard","meta":{"fifu_image_url":"","fifu_image_alt":"","footnotes":""},"categories":[78,55],"tags":[],"class_list":["post-90617","post","type-post","status-publish","format-standard","hentry","category-economie","category-tunisie"],"_links":{"self":[{"href":"https:\/\/linitiative.ca\/International\/wp-json\/wp\/v2\/posts\/90617","targetHints":{"allow":["GET"]}}],"collection":[{"href":"https:\/\/linitiative.ca\/International\/wp-json\/wp\/v2\/posts"}],"about":[{"href":"https:\/\/linitiative.ca\/International\/wp-json\/wp\/v2\/types\/post"}],"author":[{"embeddable":true,"href":"https:\/\/linitiative.ca\/International\/wp-json\/wp\/v2\/users\/1775"}],"replies":[{"embeddable":true,"href":"https:\/\/linitiative.ca\/International\/wp-json\/wp\/v2\/comments?post=90617"}],"version-history":[{"count":0,"href":"https:\/\/linitiative.ca\/International\/wp-json\/wp\/v2\/posts\/90617\/revisions"}],"wp:attachment":[{"href":"https:\/\/linitiative.ca\/International\/wp-json\/wp\/v2\/media?parent=90617"}],"wp:term":[{"taxonomy":"category","embeddable":true,"href":"https:\/\/linitiative.ca\/International\/wp-json\/wp\/v2\/categories?post=90617"},{"taxonomy":"post_tag","embeddable":true,"href":"https:\/\/linitiative.ca\/International\/wp-json\/wp\/v2\/tags?post=90617"}],"curies":[{"name":"wp","href":"https:\/\/api.w.org\/{rel}","templated":true}]}}