{"id":90619,"date":"2020-06-30T09:46:51","date_gmt":"2020-06-30T13:46:51","guid":{"rendered":"https:\/\/linitiative.ca\/International\/cinema-le-scenariste-et-realisateur-mourad-ben-cheikh-president-de-larft\/"},"modified":"2020-06-30T09:46:51","modified_gmt":"2020-06-30T13:46:51","slug":"cinema-le-scenariste-et-realisateur-mourad-ben-cheikh-president-de-larft","status":"publish","type":"post","link":"https:\/\/linitiative.ca\/International\/cinema-le-scenariste-et-realisateur-mourad-ben-cheikh-president-de-larft\/","title":{"rendered":"Cin\u00e9ma : Le sc\u00e9nariste et r\u00e9alisateur Mourad Ben Cheikh, pr\u00e9sident de l\u2019ARFT"},"content":{"rendered":"<p>L\u2019Association des r\u00e9alisateurs de films tunisiens (ARFT) est d\u00e9sormais pr\u00e9sid\u00e9e par Mourad Ben Cheikh, sc\u00e9nariste et r\u00e9alisateur, en remplacement au pr\u00e9sident sortant Mokhtar Lajimi.<\/p>\n<p>Un nouveau bureau directeur de l\u2019ARFT a \u00e9t\u00e9 \u00e9lu lors de l\u2019Assembl\u00e9e g\u00e9n\u00e9rale extraordinaire de l\u2019association tenue, le samedi 27 juin 2020, \u00e0 la maison de culture Ibn Khouldoun \u00e0 Tunis, lit-on un communiqu\u00e9 de l\u2019Association.<\/p>\n<p>Le nouveau bureau regroupe les r\u00e9alisateurs Mourad Ben Cheikh (pr\u00e9sident), Khadija Lemkacher (vice-pr\u00e9sidente), Ridha Tlili (secr\u00e9taire g\u00e9n\u00e9ral) et Anis Lassoued (Tr\u00e9sorier). L\u2019Association est \u00e9galement form\u00e9e de Sarah Labidi, Nada Al Mazni Hafeez, Abdullah Yahya et Tarik Al-Khaldi, en tant que membres.<\/p>\n<p>Cr\u00e9\u00e9e en 2011, l\u2019ARFT est une structure repr\u00e9sentative ind\u00e9pendante. Elle \u0153uvre \u00e0 la d\u00e9fense des droits des r\u00e9alisateurs tunisiens ainsi qu\u2019\u00e0 la promotion et la diffusion des \u0153uvres cin\u00e9matographiques et audiovisuelles en Tunisie et \u00e0 l\u2019\u00e9tranger.<\/p>\n<p>L\u2019Association si\u00e8ge \u00e0 la Maison de la Culture Ibn Khouldoun sachant que sa premi\u00e8re Assembl\u00e9e \u00e9lective avait eu lieu au mois d\u2019Ao\u00fbt 2011. Depuis sa cr\u00e9ation, l\u2019association a \u00e9t\u00e9 \u00e9galement pr\u00e9sid\u00e9e par Sonia Chamkhi (2011-2013) et Khaled W. Barsaoui (2013-2016).<\/p>\n<div class=\"wp-post-author-wrap wp-post-author-shortcode left\">\n<h3 class=\"awpa-title\"\/>\n<div class=\"wp-post-author\">\n<div class=\"awpa-img awpa-author-block square\"><a href=\"http:\/\/lexpertjournal.net\/fr\/?author=5\"><img loading=\"lazy\" decoding=\"async\" alt=\"\" src=\"http:\/\/0.gravatar.com\/avatar\/97f8e10a1c1125ba104a76514ee07b16?s=150&amp;d=mm&amp;r=g\" srcset=\"http:\/\/0.gravatar.com\/avatar\/97f8e10a1c1125ba104a76514ee07b16?s=300&amp;d=mm&amp;r=g 2x\" class=\"avatar avatar-150 photo\" height=\"150\" width=\"150\"\/><\/a><\/div>\n<\/div>\n<\/div>\n<aside class=\"mashsb-container mashsb-main mashsb-stretched\">\n<\/aside>\n<p>Auteur: L&rsquo;expert<br \/>\n<a href=\"http:\/\/lexpertjournal.net\/fr\/?p=15543\">Cliquez ici pour lire l&rsquo;article depuis sa source.<\/a><\/p>\n","protected":false},"excerpt":{"rendered":"<p>L\u2019Association des r\u00e9alisateurs de films tunisiens (ARFT) est d\u00e9sormais pr\u00e9sid\u00e9e par Mourad Ben Cheikh, sc\u00e9nariste et r\u00e9alisateur, en remplacement au pr\u00e9sident sortant Mokhtar Lajimi. Un nouveau bureau directeur de l\u2019ARFT a \u00e9t\u00e9 \u00e9lu lors de l\u2019Assembl\u00e9e g\u00e9n\u00e9rale extraordinaire de l\u2019association tenue, le samedi 27 juin 2020, \u00e0 la maison de culture Ibn Khouldoun \u00e0 Tunis, [&hellip;]<\/p>\n","protected":false},"author":1775,"featured_media":0,"comment_status":"closed","ping_status":"closed","sticky":false,"template":"","format":"standard","meta":{"fifu_image_url":"","fifu_image_alt":"","footnotes":""},"categories":[78,55],"tags":[],"class_list":["post-90619","post","type-post","status-publish","format-standard","hentry","category-economie","category-tunisie"],"_links":{"self":[{"href":"https:\/\/linitiative.ca\/International\/wp-json\/wp\/v2\/posts\/90619","targetHints":{"allow":["GET"]}}],"collection":[{"href":"https:\/\/linitiative.ca\/International\/wp-json\/wp\/v2\/posts"}],"about":[{"href":"https:\/\/linitiative.ca\/International\/wp-json\/wp\/v2\/types\/post"}],"author":[{"embeddable":true,"href":"https:\/\/linitiative.ca\/International\/wp-json\/wp\/v2\/users\/1775"}],"replies":[{"embeddable":true,"href":"https:\/\/linitiative.ca\/International\/wp-json\/wp\/v2\/comments?post=90619"}],"version-history":[{"count":0,"href":"https:\/\/linitiative.ca\/International\/wp-json\/wp\/v2\/posts\/90619\/revisions"}],"wp:attachment":[{"href":"https:\/\/linitiative.ca\/International\/wp-json\/wp\/v2\/media?parent=90619"}],"wp:term":[{"taxonomy":"category","embeddable":true,"href":"https:\/\/linitiative.ca\/International\/wp-json\/wp\/v2\/categories?post=90619"},{"taxonomy":"post_tag","embeddable":true,"href":"https:\/\/linitiative.ca\/International\/wp-json\/wp\/v2\/tags?post=90619"}],"curies":[{"name":"wp","href":"https:\/\/api.w.org\/{rel}","templated":true}]}}