{"id":90622,"date":"2020-06-30T09:50:00","date_gmt":"2020-06-30T13:50:00","guid":{"rendered":"https:\/\/linitiative.ca\/International\/le-pad-denonce-une-atteinte-au-pluralisme-politique\/"},"modified":"2020-06-30T09:50:00","modified_gmt":"2020-06-30T13:50:00","slug":"le-pad-denonce-une-atteinte-au-pluralisme-politique","status":"publish","type":"post","link":"https:\/\/linitiative.ca\/International\/le-pad-denonce-une-atteinte-au-pluralisme-politique\/","title":{"rendered":"Le PAD d\u00e9nonce une atteinte au pluralisme politique"},"content":{"rendered":"<div id=\"originalText\" readability=\"74\">\n<p class=\"c6\">Les forces du Pacte de l\u2019alternative d\u00e9mocratique (PAD) d\u00e9noncent l\u2019 \u00ab\u00a0atteinte au pluralisme politique\u00a0\u00bb et assurent au RCD\u00a0 \u00ab\u00a0leur totale solidarit\u00e9\u00a0\u00bb\u00a0 face \u00e0 \u00ab\u00a0la d\u00e9rive qui le cible, le mena\u00e7ant de dissolution pour ses activit\u00e9s et positions politiques\u00a0\u00bb.<\/p>\n<p class=\"c6\">Dans un communiqu\u00e9 \u00a0sanctionnant sa r\u00e9union du lundi 29 juin, et rendu public aujourd\u2019hui, le PAD a d\u00e9nonc\u00e9 \u00ab\u00a0la criminalisation de l\u2019action politique et citoyenne\u00a0\u00bb du pouvoir en place,\u00a0 qui, selon lui, \u00ab\u00a0vient de franchir le Rubicon en s\u2019attaquant une nouvelle fois au pluralisme politique ch\u00e8rement acquis par des d\u00e9cennies de lutte contre le syst\u00e8me du parti unique\u00a0\u00bb.<\/p>\n<p class=\"c6\">Dans ce sens, les forces du pacte de l\u2019alternative d\u00e9mocratique ont tenu \u00e0 assurer au RCD\u00a0 \u00ab leur totale solidarit\u00e9\u00a0 face \u00e0 la d\u00e9rive qui le cible, le mena\u00e7ant de dissolution pour ses activit\u00e9s et positions politiques\u00a0\u00bb en appelant \u00a0\u00e0 \u00ab\u00a0l\u2019unit\u00e9 la plus large en d\u00e9fense du pluralisme politique et des libert\u00e9s d\u00e9mocratiques sans lesquels aucune possibilit\u00e9 de changement d\u00e9mocratique du syst\u00e8me n\u2019est possible\u00a0\u00bb.<\/p>\n<p class=\"c6\">Le PAD rappelle \u00e0 cet effet que \u00ab\u00a0toutes leurs activit\u00e9s et actions publiques sont frapp\u00e9es par le seau de l\u2019interdiction depuis sa constitution le 26 juin 2019\u00a0\u00bb et r\u00e9it\u00e8re\u00a0\u00ab\u00a0l\u2019exigence d\u00e9mocratique de lib\u00e9ration de tous les d\u00e9tenus politiques et d\u2019opinion\u00a0\u00bb et \u00ab\u00a0la lev\u00e9e de toutes les restrictions aux droits qui touchent nombre d\u2019ex-d\u00e9tenus\u00a0\u00bb ainsi que \u00a0\u00ab\u00a0la n\u00e9cessite de r\u00e9habiliter politiquement et juridiquement tous les d\u00e9tenus es politiques et d&rsquo;opinion\u00a0\u00bb.<\/p>\n<p class=\"c6\">Par ailleurs,\u00a0 le PAD exige \u00ab\u00a0l\u2019arr\u00eat de la r\u00e9pression et des atteintes aux libert\u00e9s fondamentales\u00a0\u00bb, ainsi que \u00ab le strict respect de l\u2019exercice des libert\u00e9s d\u00e9mocratiques, du pluralisme politique, de l\u2019ouverture du champ politique et m\u00e9diatique\u00a0\u00bb.<\/p>\n<p class=\"c6\">Il renouvelle ainsi \u00a0son \u00ab\u00a0attachement au triomphe de la souverainet\u00e9 pleine et enti\u00e8re du peuple\u00a0\u00bb et assure qu\u2019il continuera \u00ab\u00a0\u00e0 agir pour une transition d\u00e9mocratique autonome\u00a0\u00bb.<\/p>\n<p class=\"c6\">Enfin, les forces du PAD\u00a0 tiennent \u00e0 exprimer \u00ab\u00a0 leur solidarit\u00e9 avec les personnels soignants\u00a0\u00bb et r\u00e9clament \u00ab les moyens n\u00e9cessaires de protection et toutes les conditions socioprofessionnelles et mat\u00e9rielles leur permettant une meilleure prise\u00a0 en charge des malades afin de sauver les vies humaines\u00bb.<\/p>\n<p class=\"c7\"><strong>Kenza Sifi<\/strong><\/p>\n<\/div>\n<div id=\"text_core\" readability=\"74\">\n<p class=\"c6\">Les forces du Pacte de l\u2019alternative d\u00e9mocratique (PAD) d\u00e9noncent l\u2019 \u00ab\u00a0atteinte au pluralisme politique\u00a0\u00bb et assurent au RCD\u00a0 \u00ab\u00a0leur totale solidarit\u00e9\u00a0\u00bb\u00a0 face \u00e0 \u00ab\u00a0la d\u00e9rive qui le cible, le mena\u00e7ant de dissolution pour ses activit\u00e9s et positions politiques\u00a0\u00bb.<\/p>\n<p class=\"c6\">Dans un communiqu\u00e9 \u00a0sanctionnant sa r\u00e9union du lundi 29 juin, et rendu public aujourd\u2019hui, le PAD a d\u00e9nonc\u00e9 \u00ab\u00a0la criminalisation de l\u2019action politique et citoyenne\u00a0\u00bb du pouvoir en place,\u00a0 qui, selon lui, \u00ab\u00a0vient de franchir le Rubicon en s\u2019attaquant une nouvelle fois au pluralisme politique ch\u00e8rement acquis par des d\u00e9cennies de lutte contre le syst\u00e8me du parti unique\u00a0\u00bb.<\/p>\n<p class=\"c6\">Dans ce sens, les forces du pacte de l\u2019alternative d\u00e9mocratique ont tenu \u00e0 assurer au RCD\u00a0 \u00ab leur totale solidarit\u00e9\u00a0 face \u00e0 la d\u00e9rive qui le cible, le mena\u00e7ant de dissolution pour ses activit\u00e9s et positions politiques\u00a0\u00bb en appelant \u00a0\u00e0 \u00ab\u00a0l\u2019unit\u00e9 la plus large en d\u00e9fense du pluralisme politique et des libert\u00e9s d\u00e9mocratiques sans lesquels aucune possibilit\u00e9 de changement d\u00e9mocratique du syst\u00e8me n\u2019est possible\u00a0\u00bb.<\/p>\n<p class=\"c6\">Le PAD rappelle \u00e0 cet effet que \u00ab\u00a0toutes leurs activit\u00e9s et actions publiques sont frapp\u00e9es par le seau de l\u2019interdiction depuis sa constitution le 26 juin 2019\u00a0\u00bb et r\u00e9it\u00e8re\u00a0\u00ab\u00a0l\u2019exigence d\u00e9mocratique de lib\u00e9ration de tous les d\u00e9tenus politiques et d\u2019opinion\u00a0\u00bb et \u00ab\u00a0la lev\u00e9e de toutes les restrictions aux droits qui touchent nombre d\u2019ex-d\u00e9tenus\u00a0\u00bb ainsi que \u00a0\u00ab\u00a0la n\u00e9cessite de r\u00e9habiliter politiquement et juridiquement tous les d\u00e9tenus es politiques et d&rsquo;opinion\u00a0\u00bb.<\/p>\n<p class=\"c6\">Par ailleurs,\u00a0 le PAD exige \u00ab\u00a0l\u2019arr\u00eat de la r\u00e9pression et des atteintes aux libert\u00e9s fondamentales\u00a0\u00bb, ainsi que \u00ab le strict respect de l\u2019exercice des libert\u00e9s d\u00e9mocratiques, du pluralisme politique, de l\u2019ouverture du champ politique et m\u00e9diatique\u00a0\u00bb.<\/p>\n<p class=\"c6\">Il renouvelle ainsi \u00a0son \u00ab\u00a0attachement au triomphe de la souverainet\u00e9 pleine et enti\u00e8re du peuple\u00a0\u00bb et assure qu\u2019il continuera \u00ab\u00a0\u00e0 agir pour une transition d\u00e9mocratique autonome\u00a0\u00bb.<\/p>\n<p class=\"c6\">Enfin, les forces du PAD\u00a0 tiennent \u00e0 exprimer \u00ab\u00a0 leur solidarit\u00e9 avec les personnels soignants\u00a0\u00bb et r\u00e9clament \u00ab les moyens n\u00e9cessaires de protection et toutes les conditions socioprofessionnelles et mat\u00e9rielles leur permettant une meilleure prise\u00a0 en charge des malades afin de sauver les vies humaines\u00bb.<\/p>\n<p class=\"c7\"><strong>Kenza Sifi<\/strong><\/p>\n<\/div>\n<p>Auteur:<br \/>\n<a href=\"https:\/\/www.liberte-algerie.com\/actualite\/le-pad-denonce-une-atteinte-au-pluralisme-politique-341219\">Cliquez ici pour lire l&rsquo;article depuis sa source.<\/a><\/p>\n","protected":false},"excerpt":{"rendered":"<p>Les forces du Pacte de l\u2019alternative d\u00e9mocratique (PAD) d\u00e9noncent l\u2019 \u00ab\u00a0atteinte au pluralisme politique\u00a0\u00bb et assurent au RCD\u00a0 \u00ab\u00a0leur totale solidarit\u00e9\u00a0\u00bb\u00a0 face \u00e0 \u00ab\u00a0la d\u00e9rive qui le cible, le mena\u00e7ant de dissolution pour ses activit\u00e9s et positions politiques\u00a0\u00bb. Dans un communiqu\u00e9 \u00a0sanctionnant sa r\u00e9union du lundi 29 juin, et rendu public aujourd\u2019hui, le PAD a [&hellip;]<\/p>\n","protected":false},"author":1742,"featured_media":0,"comment_status":"closed","ping_status":"closed","sticky":false,"template":"","format":"standard","meta":{"fifu_image_url":"","fifu_image_alt":"","footnotes":""},"categories":[73,53],"tags":[],"class_list":["post-90622","post","type-post","status-publish","format-standard","hentry","category-actualite","category-algerie"],"_links":{"self":[{"href":"https:\/\/linitiative.ca\/International\/wp-json\/wp\/v2\/posts\/90622","targetHints":{"allow":["GET"]}}],"collection":[{"href":"https:\/\/linitiative.ca\/International\/wp-json\/wp\/v2\/posts"}],"about":[{"href":"https:\/\/linitiative.ca\/International\/wp-json\/wp\/v2\/types\/post"}],"author":[{"embeddable":true,"href":"https:\/\/linitiative.ca\/International\/wp-json\/wp\/v2\/users\/1742"}],"replies":[{"embeddable":true,"href":"https:\/\/linitiative.ca\/International\/wp-json\/wp\/v2\/comments?post=90622"}],"version-history":[{"count":0,"href":"https:\/\/linitiative.ca\/International\/wp-json\/wp\/v2\/posts\/90622\/revisions"}],"wp:attachment":[{"href":"https:\/\/linitiative.ca\/International\/wp-json\/wp\/v2\/media?parent=90622"}],"wp:term":[{"taxonomy":"category","embeddable":true,"href":"https:\/\/linitiative.ca\/International\/wp-json\/wp\/v2\/categories?post=90622"},{"taxonomy":"post_tag","embeddable":true,"href":"https:\/\/linitiative.ca\/International\/wp-json\/wp\/v2\/tags?post=90622"}],"curies":[{"name":"wp","href":"https:\/\/api.w.org\/{rel}","templated":true}]}}