{"id":90624,"date":"2020-06-30T09:55:00","date_gmt":"2020-06-30T13:55:00","guid":{"rendered":"https:\/\/linitiative.ca\/International\/la-cour-dalger-se-prononcera-jeudi-2-juillet\/"},"modified":"2020-06-30T09:55:00","modified_gmt":"2020-06-30T13:55:00","slug":"la-cour-dalger-se-prononcera-jeudi-2-juillet","status":"publish","type":"post","link":"https:\/\/linitiative.ca\/International\/la-cour-dalger-se-prononcera-jeudi-2-juillet\/","title":{"rendered":"La Cour d\u2019Alger se prononcera jeudi 2 juillet"},"content":{"rendered":"<div id=\"originalText\" readability=\"56\">\n<p>La 5e chambre d&rsquo;accusation\u00a0pr\u00e8s la Cour d\u2019Alger, qui a examin\u00e9,\u00a0ce mardi, le recours introduit par la d\u00e9fense de Karim Tabbou, autour de l\u2019ex\u00e9cution de la d\u00e9cision du 24 mars dernier, devra se prononcer le jeudi 2 juillet, sur la lib\u00e9ration du porte parle de l\u2019Union d\u00e9mocratique et sociale (UDS,\u00a0 parti non agr\u00e9\u00e9), ou son maintien \u00e0 la prison de Kol\u00e9a, selon son collectif de d\u00e9fense, qui a\u00a0 boycott\u00e9 la s\u00e9ance.\u00a0<\/p>\n<p>Pour rappel, Karim Tabbou a \u00e9t\u00e9 condamn\u00e9 le 11 mars dernier \u00e0 12 mois de prison dont 6 avec sursis. Suite \u00e0 l\u2019appel introduit par le parquet, la 5e chambre d\u2019accusation pr\u00e8s la Cour d\u2019Alger l\u2019avait condamn\u00e9, le 24 mars, \u00e0 une ann\u00e9e de prison ferme. La d\u00e9fense, qui avait estim\u00e9 que cette d\u00e9cision n\u2019\u00e9tait pas susceptible d\u2019\u00eatre ex\u00e9cut\u00e9e au motif qu\u2019elle ne repose pas sur des fondements juridiques, a fait cassation le 26 mars.<\/p>\n<p class=\"c6\"><strong>R\u00e9daction Web<\/strong><\/p>\n<\/div>\n<div id=\"text_core\" readability=\"56\">\n<p>La 5e chambre d&rsquo;accusation\u00a0pr\u00e8s la Cour d\u2019Alger, qui a examin\u00e9,\u00a0ce mardi, le recours introduit par la d\u00e9fense de Karim Tabbou, autour de l\u2019ex\u00e9cution de la d\u00e9cision du 24 mars dernier, devra se prononcer le jeudi 2 juillet, sur la lib\u00e9ration du porte parle de l\u2019Union d\u00e9mocratique et sociale (UDS,\u00a0 parti non agr\u00e9\u00e9), ou son maintien \u00e0 la prison de Kol\u00e9a, selon son collectif de d\u00e9fense, qui a\u00a0 boycott\u00e9 la s\u00e9ance.\u00a0<\/p>\n<p>Pour rappel, Karim Tabbou a \u00e9t\u00e9 condamn\u00e9 le 11 mars dernier \u00e0 12 mois de prison dont 6 avec sursis. Suite \u00e0 l\u2019appel introduit par le parquet, la 5e chambre d\u2019accusation pr\u00e8s la Cour d\u2019Alger l\u2019avait condamn\u00e9, le 24 mars, \u00e0 une ann\u00e9e de prison ferme. La d\u00e9fense, qui avait estim\u00e9 que cette d\u00e9cision n\u2019\u00e9tait pas susceptible d\u2019\u00eatre ex\u00e9cut\u00e9e au motif qu\u2019elle ne repose pas sur des fondements juridiques, a fait cassation le 26 mars.<\/p>\n<p class=\"c6\"><strong>R\u00e9daction Web<\/strong><\/p>\n<\/div>\n<p>Auteur:<br \/>\n<a href=\"https:\/\/www.liberte-algerie.com\/actualite\/la-cour-dalger-se-prononcera-jeudi-2-juillet-341220\">Cliquez ici pour lire l&rsquo;article depuis sa source.<\/a><\/p>\n","protected":false},"excerpt":{"rendered":"<p>La 5e chambre d&rsquo;accusation\u00a0pr\u00e8s la Cour d\u2019Alger, qui a examin\u00e9,\u00a0ce mardi, le recours introduit par la d\u00e9fense de Karim Tabbou, autour de l\u2019ex\u00e9cution de la d\u00e9cision du 24 mars dernier, devra se prononcer le jeudi 2 juillet, sur la lib\u00e9ration du porte parle de l\u2019Union d\u00e9mocratique et sociale (UDS,\u00a0 parti non agr\u00e9\u00e9), ou son maintien [&hellip;]<\/p>\n","protected":false},"author":1742,"featured_media":0,"comment_status":"closed","ping_status":"closed","sticky":false,"template":"","format":"standard","meta":{"fifu_image_url":"","fifu_image_alt":"","footnotes":""},"categories":[73,53],"tags":[],"class_list":["post-90624","post","type-post","status-publish","format-standard","hentry","category-actualite","category-algerie"],"_links":{"self":[{"href":"https:\/\/linitiative.ca\/International\/wp-json\/wp\/v2\/posts\/90624","targetHints":{"allow":["GET"]}}],"collection":[{"href":"https:\/\/linitiative.ca\/International\/wp-json\/wp\/v2\/posts"}],"about":[{"href":"https:\/\/linitiative.ca\/International\/wp-json\/wp\/v2\/types\/post"}],"author":[{"embeddable":true,"href":"https:\/\/linitiative.ca\/International\/wp-json\/wp\/v2\/users\/1742"}],"replies":[{"embeddable":true,"href":"https:\/\/linitiative.ca\/International\/wp-json\/wp\/v2\/comments?post=90624"}],"version-history":[{"count":0,"href":"https:\/\/linitiative.ca\/International\/wp-json\/wp\/v2\/posts\/90624\/revisions"}],"wp:attachment":[{"href":"https:\/\/linitiative.ca\/International\/wp-json\/wp\/v2\/media?parent=90624"}],"wp:term":[{"taxonomy":"category","embeddable":true,"href":"https:\/\/linitiative.ca\/International\/wp-json\/wp\/v2\/categories?post=90624"},{"taxonomy":"post_tag","embeddable":true,"href":"https:\/\/linitiative.ca\/International\/wp-json\/wp\/v2\/tags?post=90624"}],"curies":[{"name":"wp","href":"https:\/\/api.w.org\/{rel}","templated":true}]}}