{"id":90625,"date":"2020-06-30T11:48:00","date_gmt":"2020-06-30T15:48:00","guid":{"rendered":"https:\/\/linitiative.ca\/International\/le-delai-des-declarations-annuelles-proroge-jusquau-30-juillet\/"},"modified":"2020-06-30T11:48:00","modified_gmt":"2020-06-30T15:48:00","slug":"le-delai-des-declarations-annuelles-proroge-jusquau-30-juillet","status":"publish","type":"post","link":"https:\/\/linitiative.ca\/International\/le-delai-des-declarations-annuelles-proroge-jusquau-30-juillet\/","title":{"rendered":"Le d\u00e9lai des d\u00e9clarations annuelles prorog\u00e9 jusqu&rsquo;au 30 juillet"},"content":{"rendered":"<div id=\"originalText\" readability=\"55\">\n<p>Le d\u00e9lai de souscription des d\u00e9clarations annuelles de r\u00e9sultats et de revenus (s\u00e9ries Gn1, Gn4 et Gn11), pr\u00e9vu\u00a0 initialement pour le 30 juin, a \u00e9t\u00e9 prorog\u00e9 pour l\u2019ensemble des\u00a0 contribuables, jusqu\u2019au 30 juillet 2020, a indiqu\u00e9 mardi un communiqu\u00e9 de\u00a0 la Direction g\u00e9n\u00e9rale des imp\u00f4ts (DGI), r\u00e9percut\u00e9 par l\u2019APS.<\/p>\n<p>\u00ab\u00a0Dans le cadre de l\u2019accompagnement des op\u00e9rateurs \u00e9conomiques dans la\u00a0 reprise de leurs activit\u00e9s et de facilitation d\u2019accomplissement de leurs\u00a0 obligations fiscales, il a \u00e9t\u00e9 d\u00e9cid\u00e9 de proroger, \u00e0 titre exceptionnel, le d\u00e9lai de souscription des d\u00e9clarations annuelles de r\u00e9sultats et de revenus\u00a0 (s\u00e9ries G n 1, G n 4 et G n 11) jusqu\u2019au 30 juillet prochain\u00a0\u00bb, pr\u00e9cise la m\u00eame source.<\/p>\n<p>Les contribuables concern\u00e9s sont cependant \u00a0invit\u00e9s \u00e0 prendre les\u00a0 mesures n\u00e9cessaires \u00e0 l\u2019effet de remplir leurs obligations fiscales dans le d\u00e9lai requis, ajoute la DGI.<\/p>\n<p class=\"c6\"><strong>R\u00e9daction Web<\/strong><\/p>\n<\/div>\n<div id=\"text_core\" readability=\"55\">\n<p>Le d\u00e9lai de souscription des d\u00e9clarations annuelles de r\u00e9sultats et de revenus (s\u00e9ries Gn1, Gn4 et Gn11), pr\u00e9vu\u00a0 initialement pour le 30 juin, a \u00e9t\u00e9 prorog\u00e9 pour l\u2019ensemble des\u00a0 contribuables, jusqu\u2019au 30 juillet 2020, a indiqu\u00e9 mardi un communiqu\u00e9 de\u00a0 la Direction g\u00e9n\u00e9rale des imp\u00f4ts (DGI), r\u00e9percut\u00e9 par l\u2019APS.<\/p>\n<p>\u00ab\u00a0Dans le cadre de l\u2019accompagnement des op\u00e9rateurs \u00e9conomiques dans la\u00a0 reprise de leurs activit\u00e9s et de facilitation d\u2019accomplissement de leurs\u00a0 obligations fiscales, il a \u00e9t\u00e9 d\u00e9cid\u00e9 de proroger, \u00e0 titre exceptionnel, le d\u00e9lai de souscription des d\u00e9clarations annuelles de r\u00e9sultats et de revenus\u00a0 (s\u00e9ries G n 1, G n 4 et G n 11) jusqu\u2019au 30 juillet prochain\u00a0\u00bb, pr\u00e9cise la m\u00eame source.<\/p>\n<p>Les contribuables concern\u00e9s sont cependant \u00a0invit\u00e9s \u00e0 prendre les\u00a0 mesures n\u00e9cessaires \u00e0 l\u2019effet de remplir leurs obligations fiscales dans le d\u00e9lai requis, ajoute la DGI.<\/p>\n<p class=\"c6\"><strong>R\u00e9daction Web<\/strong><\/p>\n<\/div>\n<p>Auteur:<br \/>\n<a href=\"https:\/\/www.liberte-algerie.com\/actualite\/le-delai-des-declarations-annuelles-proroge-jusquau-30-juillet-341222\">Cliquez ici pour lire l&rsquo;article depuis sa source.<\/a><\/p>\n","protected":false},"excerpt":{"rendered":"<p>Le d\u00e9lai de souscription des d\u00e9clarations annuelles de r\u00e9sultats et de revenus (s\u00e9ries Gn1, Gn4 et Gn11), pr\u00e9vu\u00a0 initialement pour le 30 juin, a \u00e9t\u00e9 prorog\u00e9 pour l\u2019ensemble des\u00a0 contribuables, jusqu\u2019au 30 juillet 2020, a indiqu\u00e9 mardi un communiqu\u00e9 de\u00a0 la Direction g\u00e9n\u00e9rale des imp\u00f4ts (DGI), r\u00e9percut\u00e9 par l\u2019APS. \u00ab\u00a0Dans le cadre de l\u2019accompagnement des [&hellip;]<\/p>\n","protected":false},"author":1742,"featured_media":0,"comment_status":"closed","ping_status":"closed","sticky":false,"template":"","format":"standard","meta":{"fifu_image_url":"","fifu_image_alt":"","footnotes":""},"categories":[73,53],"tags":[],"class_list":["post-90625","post","type-post","status-publish","format-standard","hentry","category-actualite","category-algerie"],"_links":{"self":[{"href":"https:\/\/linitiative.ca\/International\/wp-json\/wp\/v2\/posts\/90625","targetHints":{"allow":["GET"]}}],"collection":[{"href":"https:\/\/linitiative.ca\/International\/wp-json\/wp\/v2\/posts"}],"about":[{"href":"https:\/\/linitiative.ca\/International\/wp-json\/wp\/v2\/types\/post"}],"author":[{"embeddable":true,"href":"https:\/\/linitiative.ca\/International\/wp-json\/wp\/v2\/users\/1742"}],"replies":[{"embeddable":true,"href":"https:\/\/linitiative.ca\/International\/wp-json\/wp\/v2\/comments?post=90625"}],"version-history":[{"count":0,"href":"https:\/\/linitiative.ca\/International\/wp-json\/wp\/v2\/posts\/90625\/revisions"}],"wp:attachment":[{"href":"https:\/\/linitiative.ca\/International\/wp-json\/wp\/v2\/media?parent=90625"}],"wp:term":[{"taxonomy":"category","embeddable":true,"href":"https:\/\/linitiative.ca\/International\/wp-json\/wp\/v2\/categories?post=90625"},{"taxonomy":"post_tag","embeddable":true,"href":"https:\/\/linitiative.ca\/International\/wp-json\/wp\/v2\/tags?post=90625"}],"curies":[{"name":"wp","href":"https:\/\/api.w.org\/{rel}","templated":true}]}}