{"id":90628,"date":"2020-06-30T08:15:17","date_gmt":"2020-06-30T12:15:17","guid":{"rendered":"https:\/\/linitiative.ca\/International\/marocains-bloques-en-france-rapatriement-dun-nouveau-groupe\/"},"modified":"2020-06-30T08:15:17","modified_gmt":"2020-06-30T12:15:17","slug":"marocains-bloques-en-france-rapatriement-dun-nouveau-groupe","status":"publish","type":"post","link":"https:\/\/linitiative.ca\/International\/marocains-bloques-en-france-rapatriement-dun-nouveau-groupe\/","title":{"rendered":"Marocains bloqu\u00e9s en France: Rapatriement d\u2019un nouveau groupe"},"content":{"rendered":"<div class=\"single-featured\"><img alt=\"\" data-src=\"http:\/\/www.mapmarrakech.ma\/map\/uploads\/2020\/06\/rapatriement-marocains-copier.jpg\"\/><\/div>\n<div class=\"single-post-excerpt post-excerpt-bc\" readability=\"36\">\n<p>Dans le cadre des op\u00e9rations de rapatriement des citoyens bloqu\u00e9s \u00e0 l\u2019\u00e9tranger en raison de la pand\u00e9mie de la Covid-19, le Maroc a organis\u00e9, lundi, un nouveau vol entre Paris et Marrakech.<\/p>\n<\/div>\n<div class=\"entry-content clearfix single-post-content\" readability=\"61\">\n<p>Cette op\u00e9ration humanitaire, assur\u00e9e par un vol de la Royal Air Maroc (RAM), a concern\u00e9 au total 155 passagers.<\/p>\n<p>Ce vol, qui intervient apr\u00e8s une s\u00e9rie de rapatriements op\u00e9r\u00e9s la semaine derni\u00e8re, a b\u00e9n\u00e9fici\u00e9 \u00e0 des citoyens d\u00e9tenteurs de visas de court s\u00e9jour en situation de vuln\u00e9rabilit\u00e9, notamment des personnes malades, \u00e2g\u00e9es ou ayant subi des op\u00e9rations chirurgicales.<\/p>\n<p>Organis\u00e9e par les Consulats g\u00e9n\u00e9raux du Maroc \u00e0 Villemomble, Colombes, Orly, Pontoise et \u00e0 Paris en collaboration avec les autorit\u00e9s fran\u00e7aises, cette op\u00e9ration s\u2019est d\u00e9roul\u00e9e dans la s\u00e9r\u00e9nit\u00e9 et le respect total des mesures de pr\u00e9caution et du protocole sanitaire en vigueur.<\/p>\n<p>La premi\u00e8re phase de l\u2019op\u00e9ration de rapatriement des Marocains bloqu\u00e9s en France a d\u00e9but\u00e9 le 22 juin avec des centaines de personnes depuis plusieurs villes de l\u2019Hexagone notamment Paris, Marseille, Lyon et Bordeaux.<\/p>\n<p>Quelque 30 vols ont \u00e9t\u00e9 programm\u00e9s entre les 21 et 27 juin pour le rapatriement de 4.644 Marocains bloqu\u00e9s dans 17 pays, dans le contexte de la pand\u00e9mie du Covid-19.<\/p>\n<\/div>\n<p>Auteur: Meriem IGASS<br \/>\n<a href=\"http:\/\/www.mapmarrakech.ma\/fr\/marocains-bloques-en-france-rapatriement-dun-nouveau-groupe\/\">Cliquez ici pour lire l&rsquo;article depuis sa source.<\/a><\/p>\n","protected":false},"excerpt":{"rendered":"<p>Dans le cadre des op\u00e9rations de rapatriement des citoyens bloqu\u00e9s \u00e0 l\u2019\u00e9tranger en raison de la pand\u00e9mie de la Covid-19, le Maroc a organis\u00e9, lundi, un nouveau vol entre Paris et Marrakech. Cette op\u00e9ration humanitaire, assur\u00e9e par un vol de la Royal Air Maroc (RAM), a concern\u00e9 au total 155 passagers. Ce vol, qui intervient [&hellip;]<\/p>\n","protected":false},"author":1788,"featured_media":90629,"comment_status":"closed","ping_status":"closed","sticky":false,"template":"","format":"standard","meta":{"fifu_image_url":"","fifu_image_alt":"","footnotes":""},"categories":[54,76],"tags":[],"class_list":["post-90628","post","type-post","status-publish","format-standard","has-post-thumbnail","hentry","category-maroc","category-regions"],"_links":{"self":[{"href":"https:\/\/linitiative.ca\/International\/wp-json\/wp\/v2\/posts\/90628","targetHints":{"allow":["GET"]}}],"collection":[{"href":"https:\/\/linitiative.ca\/International\/wp-json\/wp\/v2\/posts"}],"about":[{"href":"https:\/\/linitiative.ca\/International\/wp-json\/wp\/v2\/types\/post"}],"author":[{"embeddable":true,"href":"https:\/\/linitiative.ca\/International\/wp-json\/wp\/v2\/users\/1788"}],"replies":[{"embeddable":true,"href":"https:\/\/linitiative.ca\/International\/wp-json\/wp\/v2\/comments?post=90628"}],"version-history":[{"count":0,"href":"https:\/\/linitiative.ca\/International\/wp-json\/wp\/v2\/posts\/90628\/revisions"}],"wp:featuredmedia":[{"embeddable":true,"href":"https:\/\/linitiative.ca\/International\/wp-json\/"}],"wp:attachment":[{"href":"https:\/\/linitiative.ca\/International\/wp-json\/wp\/v2\/media?parent=90628"}],"wp:term":[{"taxonomy":"category","embeddable":true,"href":"https:\/\/linitiative.ca\/International\/wp-json\/wp\/v2\/categories?post=90628"},{"taxonomy":"post_tag","embeddable":true,"href":"https:\/\/linitiative.ca\/International\/wp-json\/wp\/v2\/tags?post=90628"}],"curies":[{"name":"wp","href":"https:\/\/api.w.org\/{rel}","templated":true}]}}