{"id":90635,"date":"2020-06-30T12:34:41","date_gmt":"2020-06-30T16:34:41","guid":{"rendered":"https:\/\/linitiative.ca\/International\/tindouf-djerad-supervise-une-operation-de-distribution-de-1402-logements-sociaux\/"},"modified":"2020-06-30T12:34:41","modified_gmt":"2020-06-30T16:34:41","slug":"tindouf-djerad-supervise-une-operation-de-distribution-de-1402-logements-sociaux","status":"publish","type":"post","link":"https:\/\/linitiative.ca\/International\/tindouf-djerad-supervise-une-operation-de-distribution-de-1402-logements-sociaux\/","title":{"rendered":"Tindouf : Djerad supervise une op\u00e9ration de distribution de 1402 logements sociaux"},"content":{"rendered":"<div readability=\"36\">\n<p><strong>TINDOUF- Le Premier ministre, Abdelaziz Djerad a supervis\u00e9 mardi \u00e0 l\u2019issue d\u2019une visite de travail et d\u2019inspection \u00e0 Tindouf une c\u00e9r\u00e9monie de remise des cl\u00e9s de 1402 logements sociaux, en pr\u00e9sence de nombre de membres de l\u2019Ex\u00e9cutif et de repr\u00e9sentants des autorit\u00e9s locales.<\/strong><\/p>\n<\/div>\n<div readability=\"63.5\">\n<p>Dot\u00e9s de toutes les commodit\u00e9s n\u00e9cessaires et des am\u00e9nagements ext\u00e9rieurs, les logements distribu\u00e9s se r\u00e9partissent sur deux cit\u00e9s, en l\u2019occurrence El Wifak (L\u2019Entente) et El Wiam (La Concorde).<\/p>\n<p>M.Djerad a \u00e9galement donn\u00e9 le coup d\u2019envoi d&rsquo;un projet de 257 lotissements r\u00e9serv\u00e9s \u00e0 la construction, et \u00e0 la distribution de 753 aides dans le cadre de la construction rurale.<\/p>\n<blockquote readability=\"9\">\n<p><em><strong>Apr\u00e8s avoir \u00e9chang\u00e9 avec les repr\u00e9sentants du quartier, le Premier ministre a d\u00e9cid\u00e9 de pr\u00e9voir un programme suppl\u00e9mentaire de 300 logements sociaux au profit des familles n\u00e9cessiteuses habitant le bidonville dit \u00ab\u00a0Lotfi\u00a0\u00bb, situ\u00e9 au centre-ville de Tindouf.<\/strong><\/em><\/p>\n<\/blockquote>\n<p>A ce propos, il a rappel\u00e9 les instructions fermes donn\u00e9es par le pr\u00e9sident de la R\u00e9publique relatives \u00e0 la prise en charge des probl\u00e8mes des populations habitant dans les zones d\u2019ombre estim\u00e9s \u00e0 environ 15.000 \u00e0 l\u2019\u00e9chelle nationale.<\/p>\n<p>Il a affirm\u00e9, en outre, que le Gouvernement suivait quotidiennement, par visioconf\u00e9rence ou sur le terrain, les projets programm\u00e9s pour la relance du d\u00e9veloppement au sein de ces zones.<\/p>\n<blockquote readability=\"8\">\n<p><em><strong>Soutenant que l\u2019Etat s\u2019emploie \u00e0 \u00ab\u00a0regagner la confiance du citoyen\u00a0\u00bb, M. Djerad a r\u00e9affirm\u00e9 que le programme de d\u00e9veloppement trac\u00e9 par le Gouvernement \u00e9tait \u00ab\u00a0ambitieux et d\u2019envergure\u00a0\u00bb requ\u00e9rant la mobilisation et la r\u00e9quisition de toutes les \u00e9nergies et moyens \u00e0 tous les niveaux.<\/strong><\/em><\/p>\n<\/blockquote>\n<p>Quant au probl\u00e8me d\u2019alimentation en eau, soulev\u00e9 lors de cette visite, le Premier ministre a rassur\u00e9 que le Gouvernement prendrait toutes les mesures n\u00e9cessaires \u00e0 m\u00eame de garantir l\u2019approvisionnement en eau aussi bien des citoyens que des agriculteurs.<\/p>\n<\/div>\n<p>Auteur:<br \/>\n<a href=\"http:\/\/www.aps.dz\/regions\/106802-tindouf-djerad-supervise-une-operation-de-distribution-de-1402-logements-sociaux\">Cliquez ici pour lire l&rsquo;article depuis sa source.<\/a><\/p>\n","protected":false},"excerpt":{"rendered":"<p>TINDOUF- Le Premier ministre, Abdelaziz Djerad a supervis\u00e9 mardi \u00e0 l\u2019issue d\u2019une visite de travail et d\u2019inspection \u00e0 Tindouf une c\u00e9r\u00e9monie de remise des cl\u00e9s de 1402 logements sociaux, en pr\u00e9sence de nombre de membres de l\u2019Ex\u00e9cutif et de repr\u00e9sentants des autorit\u00e9s locales. Dot\u00e9s de toutes les commodit\u00e9s n\u00e9cessaires et des am\u00e9nagements ext\u00e9rieurs, les logements [&hellip;]<\/p>\n","protected":false},"author":1790,"featured_media":0,"comment_status":"closed","ping_status":"closed","sticky":false,"template":"","format":"standard","meta":{"fifu_image_url":"","fifu_image_alt":"","footnotes":""},"categories":[53,76],"tags":[],"class_list":["post-90635","post","type-post","status-publish","format-standard","hentry","category-algerie","category-regions"],"_links":{"self":[{"href":"https:\/\/linitiative.ca\/International\/wp-json\/wp\/v2\/posts\/90635","targetHints":{"allow":["GET"]}}],"collection":[{"href":"https:\/\/linitiative.ca\/International\/wp-json\/wp\/v2\/posts"}],"about":[{"href":"https:\/\/linitiative.ca\/International\/wp-json\/wp\/v2\/types\/post"}],"author":[{"embeddable":true,"href":"https:\/\/linitiative.ca\/International\/wp-json\/wp\/v2\/users\/1790"}],"replies":[{"embeddable":true,"href":"https:\/\/linitiative.ca\/International\/wp-json\/wp\/v2\/comments?post=90635"}],"version-history":[{"count":0,"href":"https:\/\/linitiative.ca\/International\/wp-json\/wp\/v2\/posts\/90635\/revisions"}],"wp:attachment":[{"href":"https:\/\/linitiative.ca\/International\/wp-json\/wp\/v2\/media?parent=90635"}],"wp:term":[{"taxonomy":"category","embeddable":true,"href":"https:\/\/linitiative.ca\/International\/wp-json\/wp\/v2\/categories?post=90635"},{"taxonomy":"post_tag","embeddable":true,"href":"https:\/\/linitiative.ca\/International\/wp-json\/wp\/v2\/tags?post=90635"}],"curies":[{"name":"wp","href":"https:\/\/api.w.org\/{rel}","templated":true}]}}