{"id":90643,"date":"2020-06-30T07:00:41","date_gmt":"2020-06-30T11:00:41","guid":{"rendered":"https:\/\/linitiative.ca\/International\/le-service-de-la-carte-didentite-nationale-reprend\/"},"modified":"2020-06-30T07:00:41","modified_gmt":"2020-06-30T11:00:41","slug":"le-service-de-la-carte-didentite-nationale-reprend","status":"publish","type":"post","link":"https:\/\/linitiative.ca\/International\/le-service-de-la-carte-didentite-nationale-reprend\/","title":{"rendered":"Le service de la carte d&rsquo;identit\u00e9 nationale reprend"},"content":{"rendered":"<div class=\"body\">\n<div class=\"field field-name-body field-type-text-with-summary field-label-hidden\">\n<div class=\"field-items\" readability=\"7.528781793842\">\n<div class=\"field-item even\" property=\"content:encoded\" readability=\"10.352074966533\">\n<p class=\"rtejustify\">La Direction g\u00e9n\u00e9rale de la s\u00fbret\u00e9 nationale (DGSN) ouvre ses centres de carte d&rsquo;identit\u00e9 nationale \u00e9lectronique. Les usagers peuvent d\u00e9sormais en faire la demande. Ce service a \u00e9t\u00e9 mis en veilleuse \u00e0 cause de la d\u00e9claration de l\u2019\u00e9tat d\u2019urgence sanitaire du 20 mars 2020. Seuls les candidats au Bac 2019-2020 ont pu faire les d\u00e9marches pour obtenir leurs cartes d&rsquo;identit\u00e9s durant cette p\u00e9riode. Une op\u00e9ration exceptionnelle a \u00e9t\u00e9 lanc\u00e9e le 19 mai. Par ailleurs, la CINE va changer via l&rsquo;int\u00e9gration d&rsquo;un identifiant unique pour chaque citoyen. Un projet de loi est en cours d\u2019examen au Parlement. Il fixe l\u2019\u00e2ge l\u00e9gal d\u2019obtention de la carte d\u2019identit\u00e9 \u00e0 16 ans <a href=\"https:\/\/leconomiste.com\/archive\/edition\/5783\" target=\"_blank\" rel=\"noopener noreferrer\"><span><strong><em>(Cf. L\u2019Economiste n\u00b05783 du 16 juin 2020)<\/em><\/strong><\/span><\/a>.<br \/><em>F.F.<\/em><\/p>\n<\/div>\n<\/div>\n<\/div>\n<\/div>\n<div class=\"eco-conseil\">\n<div class=\"view view-eco-conseil-16 view-id-eco_conseil_16 view-display-id-cookies view-dom-id-f4077a00b24d8c4d98e4d8a11f6b81a2\">\n<div class=\"view-content\">\n<div id=\"views-bootstrap-grid-1\" class=\"views-bootstrap-grid-plugin-style\">\n<div class=\"row\">\n<div class=\" col-xs-12 col-lg-4\">\n<div class=\"row\">\n<div class=\"col col-xs-12 col-lg-12\">\n<div class=\"field-content\"><a href=\"\/article\/1064030-operation-marhaba-la-reunion-au-parlement-reportee\"><img loading=\"lazy\" decoding=\"async\" class=\"img-responsive\" typeof=\"foaf:Image\" src=\"https:\/\/www.leconomiste.com\/sites\/default\/files\/eco7\/public\/styles\/800x400\/public\/default_images\/default_une.jpg?itok=4jZlgnIZ\" width=\"660\" height=\"330\" alt=\"\"\/><\/a><\/div>\n<\/div>\n<div class=\" title_suite_2 col col-xs-12 col-lg-12\"> <a href=\"\/article\/1064030-operation-marhaba-la-reunion-au-parlement-reportee\"\/><span class=\"field-content\">Op\u00e9ration Marhaba: La r\u00e9union au Parlement report\u00e9e<\/span><\/div>\n<\/div>\n<\/div>\n<div class=\" col-xs-12 col-lg-4\">\n<div class=\"row\">\n<div class=\"col col-xs-12 col-lg-12\">\n<div class=\"field-content\"><a href=\"\/article\/1064028-c-est-parti-pour-la-cite-des-metiers-de-l-oriental\"><img loading=\"lazy\" decoding=\"async\" class=\"img-responsive\" typeof=\"foaf:Image\" src=\"https:\/\/www.leconomiste.com\/sites\/default\/files\/eco7\/public\/styles\/800x400\/public\/default_images\/default_une.jpg?itok=4jZlgnIZ\" width=\"660\" height=\"330\" alt=\"\"\/><\/a><\/div>\n<\/div>\n<div class=\" title_suite_2 col col-xs-12 col-lg-12\"> <a href=\"\/article\/1064028-c-est-parti-pour-la-cite-des-metiers-de-l-oriental\"\/><span class=\"field-content\">C\u2019est parti pour la Cit\u00e9 des m\u00e9tiers de l\u2019Oriental!<\/span><\/div>\n<\/div>\n<\/div>\n<div class=\" col-xs-12 col-lg-4\">\n<div class=\"row\">\n<div class=\"col col-xs-12 col-lg-12\">\n<div class=\"field-content\"><a href=\"\/article\/1064027-les-horodateurs-reprennent-du-service\"><img loading=\"lazy\" decoding=\"async\" class=\"img-responsive\" typeof=\"foaf:Image\" src=\"https:\/\/www.leconomiste.com\/sites\/default\/files\/eco7\/public\/styles\/800x400\/public\/default_images\/default_une.jpg?itok=4jZlgnIZ\" width=\"660\" height=\"330\" alt=\"\"\/><\/a><\/div>\n<\/div>\n<div class=\" title_suite_2 col col-xs-12 col-lg-12\"> <a href=\"\/article\/1064027-les-horodateurs-reprennent-du-service\"\/><span class=\"field-content\">Les horodateurs reprennent du service<\/span><\/div>\n<\/div>\n<\/div>\n<\/div>\n<\/div>\n<\/div>\n<\/div>\n<\/div>\n<p>Auteur: hlafriqi<br \/>\n<a href=\"https:\/\/www.leconomiste.com\/article\/1064029-le-service-de-la-carte-d-identite-nationale-reprend\">Cliquez ici pour lire l&rsquo;article depuis sa source.<\/a><\/p>\n","protected":false},"excerpt":{"rendered":"<p>La Direction g\u00e9n\u00e9rale de la s\u00fbret\u00e9 nationale (DGSN) ouvre ses centres de carte d&rsquo;identit\u00e9 nationale \u00e9lectronique. Les usagers peuvent d\u00e9sormais en faire la demande. Ce service a \u00e9t\u00e9 mis en veilleuse \u00e0 cause de la d\u00e9claration de l\u2019\u00e9tat d\u2019urgence sanitaire du 20 mars 2020. Seuls les candidats au Bac 2019-2020 ont pu faire les d\u00e9marches [&hellip;]<\/p>\n","protected":false},"author":1763,"featured_media":0,"comment_status":"closed","ping_status":"closed","sticky":false,"template":"","format":"standard","meta":{"fifu_image_url":"","fifu_image_alt":"","footnotes":""},"categories":[78,54],"tags":[],"class_list":["post-90643","post","type-post","status-publish","format-standard","hentry","category-economie","category-maroc"],"_links":{"self":[{"href":"https:\/\/linitiative.ca\/International\/wp-json\/wp\/v2\/posts\/90643","targetHints":{"allow":["GET"]}}],"collection":[{"href":"https:\/\/linitiative.ca\/International\/wp-json\/wp\/v2\/posts"}],"about":[{"href":"https:\/\/linitiative.ca\/International\/wp-json\/wp\/v2\/types\/post"}],"author":[{"embeddable":true,"href":"https:\/\/linitiative.ca\/International\/wp-json\/wp\/v2\/users\/1763"}],"replies":[{"embeddable":true,"href":"https:\/\/linitiative.ca\/International\/wp-json\/wp\/v2\/comments?post=90643"}],"version-history":[{"count":0,"href":"https:\/\/linitiative.ca\/International\/wp-json\/wp\/v2\/posts\/90643\/revisions"}],"wp:attachment":[{"href":"https:\/\/linitiative.ca\/International\/wp-json\/wp\/v2\/media?parent=90643"}],"wp:term":[{"taxonomy":"category","embeddable":true,"href":"https:\/\/linitiative.ca\/International\/wp-json\/wp\/v2\/categories?post=90643"},{"taxonomy":"post_tag","embeddable":true,"href":"https:\/\/linitiative.ca\/International\/wp-json\/wp\/v2\/tags?post=90643"}],"curies":[{"name":"wp","href":"https:\/\/api.w.org\/{rel}","templated":true}]}}