{"id":90647,"date":"2020-06-30T10:32:23","date_gmt":"2020-06-30T14:32:23","guid":{"rendered":"https:\/\/linitiative.ca\/International\/fes-le-mas-veut-retrouver-sa-place-de-champion\/"},"modified":"2020-06-30T10:32:23","modified_gmt":"2020-06-30T14:32:23","slug":"fes-le-mas-veut-retrouver-sa-place-de-champion","status":"publish","type":"post","link":"https:\/\/linitiative.ca\/International\/fes-le-mas-veut-retrouver-sa-place-de-champion\/","title":{"rendered":"F\u00e8s: Le MAS veut retrouver sa place de champion"},"content":{"rendered":"<p class=\"rtejustify\">Une victoire pour les ama\u00adteurs de foot, la ville de F\u00e8s et Is\u00adma\u00efl Jama\u00ef, nouveau pr\u00e9sident du MAS qui vient l\u00e0 de r\u00e9ussir un joli tir: convaincre la F\u00e9d\u00e9ration royale marocaine de football (FRMF) de r\u00e9habiliter le stade Hassan II. Le nouveau pr\u00e9sident a mis la main \u00e0 la poche pour recruter un entraineur et de nouveaux joueurs et contribu\u00e9 au financement de la mise \u00e0 niveau du stade Hassan II.<\/p>\n<div class=\"dnd-atom-wrapper type-image context-sdl_editor_representation\" contenteditable=\"false\">\n<div class=\"dnd-drop-wrapper\">\n<div class=\"image\"><img loading=\"lazy\" decoding=\"async\" typeof=\"foaf:Image\" class=\"img-responsive\" src=\"https:\/\/redac.leconomiste.com\/sites\/default\/files\/eco7\/public\/thumbnails\/image\/mas-stade-092.jpg\" width=\"660\" height=\"330\" alt=\"mas-stade-092.jpg\" title=\"mas-stade-092.jpg\"\/><\/div>\n<\/div>\n<\/div>\n<p class=\"rtejustify\">Elu \u00e0 la t\u00eate du club il y a tout juste un an, Jama\u00ef s\u2019est engag\u00e9 \u00e0 f\u00e9d\u00e9rer les efforts de toutes les com\u00adposantes de la famille du MAS pour acter un retour \u00e0 l\u2019\u00e9lite du football national. \u00abL\u2019un de mes principaux d\u00e9fis consiste \u00e0 activer le centre de formation de l\u2019\u00e9quipe et mettre l\u2019exp\u00e9rience des anciens joueurs au service de l\u2019\u00e9quipe\u00bb, promettait-il \u00e0 son \u00e9lection. \u00abA toute promesse, une action tangible\u00bb, lui a enseign\u00e9 son p\u00e8re Ahmed Jama\u00ef, patron de la holding \u00abGroupe Jama\u00ef\u00bb.<\/p>\n<p class=\"rtejustify\">De l\u2019avis unanime, Isma\u00efl Jama\u00ef a de grandes ambitions pour le MAS. \u00abNotre pr\u00e9\u00adsident ne cesse de batailler pour que le Moghreb de F\u00e8s puisse retrouver son lustre d\u2019antan, renouer avec les palmar\u00e8s et les victoires, et satisfaire les supporters de l\u2019\u00e9quipe cr\u00e9\u00e9e en 1946\u2026 Avec lui, notre team est sur de bons rails pour rena\u00eetre et enflammer les gradins\u00bb, t\u00e9moigne R\u00e9da Za\u00efm, membre du bureau diri\u00adgeant du club.<\/p>\n<p class=\"rtejustify\">En attendant, la pose d\u2019une nou\u00advelle pelouse pour le stade Hassan II est en cours de finalisation. Pour rappel, la r\u00e9habilitation de ce stade, d&rsquo;une capacit\u00e9 de 6.000 places, a \u00e9t\u00e9 r\u00e9alis\u00e9e dans le cadre d&rsquo;un accord de partenariat entre la FRMF et la commune de F\u00e8s.<\/p>\n<p class=\"rtejustify\">Une enveloppe budg\u00e9taire de 24 millions de DH a \u00e9t\u00e9 allou\u00e9e aux travaux, avec pour objectif de cr\u00e9\u00e9e un stade r\u00e9pondant aux normes en vigueur. Ces travaux ont port\u00e9 notamment sur la mise \u00e0 niveau de l&rsquo;\u00e9clairage, des gradins avec l\u2019installation des si\u00e8ges, la plantation du gazon naturel, la r\u00e9\u00adnovation des vestiaires, ainsi que d&rsquo;autres d\u00e9pendances. Cette op\u00e9ra\u00adtion a \u00e9t\u00e9 suivie de pr\u00e8s par Faouzi Lekja\u00e2, pr\u00e9sident de la FRMF.<\/p>\n<p class=\"rtejustify\">A no\u00adter que ce dernier vient d\u2019annoncer le retour de la Botola pro (1ere divi\u00adsion) au Maroc pr\u00e9vu le 25 juillet prochain. A cette date, le stade Has\u00adsan II serait sur le point de finaliser sa r\u00e9ouverture (10 ao\u00fbt). Inaugur\u00e9 en f\u00e9vrier dernier, le terrain a \u00e9t\u00e9 vite referm\u00e9 \u00e0 cause du confinement. Ses responsables ont profit\u00e9 de cette fermeture pour installer une pelouse parfaite pour accueillir des matchs en toute saison (hiver, printemps et \u00e9t\u00e9).<\/p>\n<p class=\"rtejustify\">\u00abContrairement \u00e0 ce que laissent entendre certains, le changement du gazon \u00e9tait pr\u00e9vu, depuis le d\u00e9\u00adbut, du gazon de type Ray Grass, implant\u00e9 provisoirement au lance\u00adment de la saison (novembre 2019) pour acc\u00e9l\u00e9rer les travaux de mise \u00e0 niveau du terrain et le rouvrir aux matchs du championnat, en atten\u00addant la fin de la saison pour le rem\u00adplacer par le gazon naturel Bermuda adapt\u00e9 \u00e0 toutes les saisons et au cli\u00admat chaud de F\u00e8s\u00bb, pr\u00e9cise Driss El Azami El Idrissi, maire de F\u00e8s. C\u2019est ainsi qu\u2019il a \u00e9t\u00e9 proc\u00e9d\u00e9 \u00e0 \u00abl&rsquo;enl\u00e8ve\u00adment de l&rsquo;ancienne pelouse et \u00e0 la pose du nouveau gazon entre le 11 et 18 juin 2020, de mani\u00e8re \u00e0 pr\u00e9pa\u00adrer le terrain \u00e0 accueillir les matchs \u00e0 partir du 10 ao\u00fbt prochain\u00bb.<\/p>\n<p class=\"rtejustify\">Autre pr\u00e9cision du maire, en concertation avec la FRMF, \u00abl&rsquo;ancienne pelouse a \u00e9t\u00e9 r\u00e9utilis\u00e9e dans sa totalit\u00e9, en la r\u00e9implantant par le service des espaces verts de la commune de F\u00e8s, autour des gradins, au niveau des jardins de Doukkarat, du bou\u00adlevard des FAR et de la p\u00e9pini\u00e8re municipale\u00bb.<\/p>\n<p class=\"rtejustify\">A noter que ce change\u00adment de gazon (plantation, et entre\u00adtien aussi) est pris en charge par la soci\u00e9t\u00e9 qui l&rsquo;a pos\u00e9. \u00abCette m\u00eame soci\u00e9t\u00e9 est charg\u00e9e, conform\u00e9ment au cahier des charges, d&rsquo;entretenir et de pr\u00e9server la pelouse pendant deux ann\u00e9es, d\u00e8s ach\u00e8vement de l&rsquo;op\u00e9ration de plantation\u00bb, rassure le maire rappelant que \u00able stade Hassan II de football a \u00e9t\u00e9 livr\u00e9, le 14 f\u00e9vrier dernier, \u00e0 la commune de F\u00e8s apr\u00e8s plusieurs mois de ferme\u00adture pour travaux\u00bb.<\/p>\n<p class=\"rtejustify\">La r\u00e9habilita\u00adtion de ce stade a \u00e9t\u00e9 r\u00e9alis\u00e9e dans le cadre d\u2019un accord de partenariat entre la FRMF et la commune de F\u00e8s. Sa prochaine r\u00e9ouverture per\u00admettrait aux joueurs du MAS de s\u2019entra\u00eener et surtout pr\u00e9parer leur revanche\u2026 pour atteindre le toit de l\u2019Afrique.<\/p>\n<p class=\"rtejustify\">Rappelons \u00e0 ce titre que le MAS \u00e9tait une \u00e9quipe au fa\u00eete de sa gloire en f\u00e9vrier 2012. En d\u00e9pit des nombreux couacs en mati\u00e8re de tr\u00e9sorerie qui n\u2019avaient pas permis aux joueurs de recevoir leurs primes et salaires, c\u2019est l\u2019esprit sportif qui l\u2019avait toujours emport\u00e9.<\/p>\n<p class=\"rtejustify\">Les footballeurs avaient continu\u00e9 \u00e0 jouer pour remporter trois coupes (Supercoupe de la CAF le 25 f\u00e9vrier en Tunisie au stade de Rad\u00e8s, coupe de la Conf\u00e9d\u00e9ration de la CAF et la coupe du Tr\u00f4ne). Ce tripl\u00e9 n\u2019avait jamais \u00e9t\u00e9 r\u00e9alis\u00e9 par une \u00e9quipe marocaine.<\/p>\n<blockquote readability=\"21\">\n<p class=\"rtecenter\"><strong><span>Un MAS store officiel<\/span><\/strong><\/p>\n<div class=\"dnd-atom-wrapper type-image context-sdl_editor_representation\" contenteditable=\"false\">\n<div class=\"dnd-drop-wrapper\">\n<div class=\"image\"><img loading=\"lazy\" decoding=\"async\" typeof=\"foaf:Image\" class=\"img-responsive\" src=\"https:\/\/redac.leconomiste.com\/sites\/default\/files\/eco7\/public\/thumbnails\/image\/mas-store-092.jpg\" width=\"660\" height=\"330\" alt=\"mas-store-092.jpg\" title=\"mas-store-092.jpg\"\/><\/div>\n<\/div>\n<\/div>\n<p class=\"rtejustify\">Un \u00abMAS store officiel\u00bb vient d\u2019ouvrir \u00e0 F\u00e8s. Inaugur\u00e9 par le pr\u00e9sident du club Isma\u00efl Jama\u00ef, mardi dernier, le magasin est situ\u00e9 au quartier Champs de course. D\u00e8s son ouverture, ce 23 juin, il a \u00e9t\u00e9 pris d\u2019assaut par les suppor\u00adters de l\u2019\u00e9quipe. Ces derniers veulent \u00e0 tout prix appuyer leur club favori pour retrouver sa place de champion. Signalons que le MAS avait rat\u00e9 de peu son retour en Botola Pro Maroc Telecom D 1, terminant la saison 2018-2019 \u00e0 la 4e place. Champion du Maroc \u00e0 quatre reprises (1965, 1979, 1983 et 1985), une coupe de la Conf\u00e9d\u00e9ration africaine, une super coupe de la CAF et quatre Coupes du Tr\u00f4ne (1980, 1988, 2011 et 2016), le Moghreb de F\u00e8s tente depuis des ann\u00e9es de s\u2019extirper de la 2e division, o\u00f9 il \u00e9volue actuellement.<\/p>\n<\/blockquote>\n<p class=\"rtejustify\"><em>De notre correspondant permanent, Youness SAAD ALAMI<\/em><\/p>\n<p>Auteur: hlafriqi<br \/>\n<a href=\"https:\/\/www.leconomiste.com\/article\/1063901-fes-le-mas-veut-retrouver-sa-place-de-champion\">Cliquez ici pour lire l&rsquo;article depuis sa source.<\/a><\/p>\n","protected":false},"excerpt":{"rendered":"<p>Une victoire pour les ama\u00adteurs de foot, la ville de F\u00e8s et Is\u00adma\u00efl Jama\u00ef, nouveau pr\u00e9sident du MAS qui vient l\u00e0 de r\u00e9ussir un joli tir: convaincre la F\u00e9d\u00e9ration royale marocaine de football (FRMF) de r\u00e9habiliter le stade Hassan II. Le nouveau pr\u00e9sident a mis la main \u00e0 la poche pour recruter un entraineur et [&hellip;]<\/p>\n","protected":false},"author":1763,"featured_media":90648,"comment_status":"closed","ping_status":"closed","sticky":false,"template":"","format":"standard","meta":{"fifu_image_url":"","fifu_image_alt":"","footnotes":""},"categories":[78,54],"tags":[],"class_list":["post-90647","post","type-post","status-publish","format-standard","has-post-thumbnail","hentry","category-economie","category-maroc"],"_links":{"self":[{"href":"https:\/\/linitiative.ca\/International\/wp-json\/wp\/v2\/posts\/90647","targetHints":{"allow":["GET"]}}],"collection":[{"href":"https:\/\/linitiative.ca\/International\/wp-json\/wp\/v2\/posts"}],"about":[{"href":"https:\/\/linitiative.ca\/International\/wp-json\/wp\/v2\/types\/post"}],"author":[{"embeddable":true,"href":"https:\/\/linitiative.ca\/International\/wp-json\/wp\/v2\/users\/1763"}],"replies":[{"embeddable":true,"href":"https:\/\/linitiative.ca\/International\/wp-json\/wp\/v2\/comments?post=90647"}],"version-history":[{"count":0,"href":"https:\/\/linitiative.ca\/International\/wp-json\/wp\/v2\/posts\/90647\/revisions"}],"wp:featuredmedia":[{"embeddable":true,"href":"https:\/\/linitiative.ca\/International\/wp-json\/"}],"wp:attachment":[{"href":"https:\/\/linitiative.ca\/International\/wp-json\/wp\/v2\/media?parent=90647"}],"wp:term":[{"taxonomy":"category","embeddable":true,"href":"https:\/\/linitiative.ca\/International\/wp-json\/wp\/v2\/categories?post=90647"},{"taxonomy":"post_tag","embeddable":true,"href":"https:\/\/linitiative.ca\/International\/wp-json\/wp\/v2\/tags?post=90647"}],"curies":[{"name":"wp","href":"https:\/\/api.w.org\/{rel}","templated":true}]}}